{"id":50973,"date":"2025-06-17T08:25:46","date_gmt":"2025-06-17T06:25:46","guid":{"rendered":"https:\/\/edublog.educastur.es\/ixuxu\/?p=50973"},"modified":"2025-06-17T18:26:29","modified_gmt":"2025-06-17T16:26:29","slug":"estau-del-tiempu-martes-17-xunu","status":"publish","type":"post","link":"https:\/\/edublog.educastur.es\/ixuxu\/2025\/06\/estau-del-tiempu-martes-17-xunu\/","title":{"rendered":"Est\u00e1u del tiempu: martes 17 xunu"},"content":{"rendered":"<div class=\"html-div xdj266r x14z9mp xat24cr x1lziwak xexx8yu xyri2b x18d9i69 x1c1uobl x1iyjqo2 xeuugli\">\n<div class=\"x78zum5 xdt5ytf xz62fqu x16ldp7u\">\n<div class=\"xu06os2 x1ok221b\">\n<div class=\"html-div xdj266r x14z9mp xat24cr x1lziwak xexx8yu xyri2b x18d9i69 x1c1uobl\" data-ad-rendering-role=\"profile_name\">\n<ul>\n<li id=\"_r_1qi_\" class=\"html-h2 x14z9mp xat24cr x1lziwak xexx8yu xyri2b x18d9i69 x1c1uobl x1vvkbs x1heor9g x1qlqyl8 x1pd3egz x1a2a7pz x1gslohp x1yc453h\"><span class=\"xt0psk2\"><span class=\"xjp7ctv\"><a class=\"x1i10hfl xjbqb8w x1ejq31n x18oe1m7 x1sy0etr xstzfhl x972fbf x10w94by x1qhh985 x14e42zd x9f619 x1ypdohk xt0psk2 xe8uvvx xdj266r x14z9mp xat24cr x1lziwak xexx8yu xyri2b x18d9i69 x1c1uobl x16tdsg8 x1hl2dhg xggy1nq x1a2a7pz xkrqix3 x1sur9pj xzsf02u x1s688f\" role=\"link\" href=\"https:\/\/www.facebook.com\/eltiempuenasturies?__cft__[0]=AZUM_8-XHIifggjE_06qXVn25uABNFjk5AJ_STppGQ3TjYn4uCAV81YzReV4uebHDAim2RRjMUSpb5aYfZh_mDoNDh8Q5OxPTls6gSt_Y7Ue8o31YSdIkDKIWZThYd2lcONoTXid8kKx1bsMrSIShweqM01iTPQ3RgWup2YUyEpONBBv_1OxlGeExs97_rOPzJcU40ndt_GW-lO44qW0oLnh&amp;__tn__=-UC%2CP-R\"><strong class=\"html-strong xdj266r x14z9mp xat24cr x1lziwak xexx8yu xyri2b x18d9i69 x1c1uobl x1hl2dhg x16tdsg8 x1vvkbs x1s688f\"><span class=\"html-span xdj266r x14z9mp xat24cr x1lziwak xexx8yu xyri2b x18d9i69 x1c1uobl x1hl2dhg x16tdsg8 x1vvkbs\">El Tiempu n&#8217;Asturies.<\/span><\/strong><\/a><\/span><\/span><\/li>\n<\/ul>\n<\/div>\n<\/div>\n<\/div>\n<\/div>\n<div class=\"html-div xdj266r x14z9mp xat24cr x1lziwak xexx8yu xyri2b x18d9i69 x1c1uobl\" dir=\"auto\">\n<div class=\"html-div xdj266r x14z9mp xat24cr x1lziwak xexx8yu xyri2b x18d9i69 x1c1uobl\" data-ad-rendering-role=\"story_message\">\n<div id=\"_r_1qk_\" class=\"x1l90r2v x1iorvi4 x1g0dm76 xpdmqnj\" data-ad-comet-preview=\"message\" data-ad-preview=\"message\">\n<div class=\"x78zum5 xdt5ytf xz62fqu x16ldp7u\">\n<div class=\"xu06os2 x1ok221b\">\n<div class=\"html-div xdj266r x14z9mp xat24cr x1lziwak xexx8yu xyri2b x18d9i69 x1c1uobl\">\n<div class=\"x14z9mp xat24cr x1lziwak x1vvkbs xtlvy1s x126k92a\">\n<ul>\n<li dir=\"auto\"><strong><span style=\"color: #008080\">Alborecemos<\/span><\/strong> col cielu poco nuboso o escampl\u00e1u, sicas\u00ed na fastera central tenemos nubosid\u00e1 estratificada con unes temperatures que tan alrodiu de los 17\u00baC, rexistr\u00e1ndose nel puirtu Payares 14,9\u00baC.<\/li>\n<\/ul>\n<\/div>\n<div class=\"x14z9mp xat24cr x1lziwak x1vvkbs xtlvy1s x126k92a\">\n<ul>\n<li dir=\"auto\"><strong><span style=\"color: #008080\">G\u00fcei<\/span><\/strong> tov\u00eda tendremos un d\u00eda sanu, una vegada que se dixebren los estratos del alborecer quedar\u00e1&#8217;l cielu escampl\u00e1u o poco nuboso con unes temperatures que subir\u00e1n dalgo pero soportables con m\u00e1simes ente los 25-30\u00baC, dalgo menos na costa por mor de les brises marines.<\/li>\n<\/ul>\n<p><!--more--><\/p>\n<\/div>\n<div class=\"x14z9mp xat24cr x1lziwak x1vvkbs xtlvy1s x126k92a\">\n<ul>\n<li dir=\"auto\"><strong><span style=\"color: #008080\">Ma\u00f1ana mi\u00e9rcoles<\/span> <\/strong>les temperatures m\u00e1simes y\u00e1 algamar\u00e1n los 30\u00baC prauticamente en tol interior asturianu, dalgo menos na costa que tov\u00eda esfrutar\u00e1n d&#8217;un ambiente m\u00e1s afayaizu. El cielu va tar escampl\u00e1u o poco nuboso con nubes de desendolque a patir de la tarde que puen dexar dalg\u00fan xarabat\u00edn de calter tormentosu de manera ocasional ya dispersa.<\/li>\n<\/ul>\n<\/div>\n<div class=\"x14z9mp xat24cr x1lziwak x1vvkbs xtlvy1s x126k92a\">\n<ul>\n<li dir=\"auto\"><strong><span style=\"color: #008080\">El xueves ya vienres<\/span> <\/strong>paez que podemos tener calor estremu con unes temperatures m\u00e1simes que puen sobrepasar los 35\u00baC en gran parte del interior asturianu y los 30\u00baC pela costa, am\u00e1s el cielu va tar empuerc\u00e1u de nubes altes que pela tarde puen desendolcase y dexanos dalg\u00fan xarabatu de calter tormentosu, dispersu ya ocasional, nun sedr\u00e1 hasta&#8217;l <strong><span style=\"color: #008080\">s\u00e1badu<\/span> <\/strong>cuando entamen a baxar dalgo les temperatures cuando tendremos dalgo m\u00e1s de nubosid\u00e1 y dalguna tronada pela tarde pero esto y\u00e1 lu diremos viendo.<\/li>\n<\/ul>\n<\/div>\n<\/div>\n<\/div>\n<\/div>\n<\/div>\n<\/div>\n<\/div>\n<p>&nbsp;<\/p>\n","protected":false},"excerpt":{"rendered":"<p>El Tiempu n&#8217;Asturies. Alborecemos col cielu poco nuboso o escampl\u00e1u, sicas\u00ed na fastera central tenemos nubosid\u00e1 estratificada con unes temperatures que tan alrodiu de los 17\u00baC, rexistr\u00e1ndose nel puirtu Payares 14,9\u00baC. G\u00fcei tov\u00eda tendremos un d\u00eda sanu, una vegada que se dixebren los estratos del alborecer quedar\u00e1&#8217;l cielu escampl\u00e1u o poco nuboso con unes temperatures [&hellip;]<\/p>\n","protected":false},"author":117,"featured_media":0,"comment_status":"open","ping_status":"open","sticky":false,"template":"","format":"standard","meta":{"footnotes":""},"categories":[5],"tags":[],"class_list":["post-50973","post","type-post","status-publish","format-standard","hentry","category-tiempu"],"_links":{"self":[{"href":"https:\/\/edublog.educastur.es\/ixuxu\/wp-json\/wp\/v2\/posts\/50973","targetHints":{"allow":["GET"]}}],"collection":[{"href":"https:\/\/edublog.educastur.es\/ixuxu\/wp-json\/wp\/v2\/posts"}],"about":[{"href":"https:\/\/edublog.educastur.es\/ixuxu\/wp-json\/wp\/v2\/types\/post"}],"author":[{"embeddable":true,"href":"https:\/\/edublog.educastur.es\/ixuxu\/wp-json\/wp\/v2\/users\/117"}],"replies":[{"embeddable":true,"href":"https:\/\/edublog.educastur.es\/ixuxu\/wp-json\/wp\/v2\/comments?post=50973"}],"version-history":[{"count":3,"href":"https:\/\/edublog.educastur.es\/ixuxu\/wp-json\/wp\/v2\/posts\/50973\/revisions"}],"predecessor-version":[{"id":50984,"href":"https:\/\/edublog.educastur.es\/ixuxu\/wp-json\/wp\/v2\/posts\/50973\/revisions\/50984"}],"wp:attachment":[{"href":"https:\/\/edublog.educastur.es\/ixuxu\/wp-json\/wp\/v2\/media?parent=50973"}],"wp:term":[{"taxonomy":"category","embeddable":true,"href":"https:\/\/edublog.educastur.es\/ixuxu\/wp-json\/wp\/v2\/categories?post=50973"},{"taxonomy":"post_tag","embeddable":true,"href":"https:\/\/edublog.educastur.es\/ixuxu\/wp-json\/wp\/v2\/tags?post=50973"}],"curies":[{"name":"wp","href":"https:\/\/api.w.org\/{rel}","templated":true}]}}