{"id":50976,"date":"2025-06-17T11:24:57","date_gmt":"2025-06-17T09:24:57","guid":{"rendered":"https:\/\/edublog.educastur.es\/ixuxu\/?p=50976"},"modified":"2025-06-17T11:24:57","modified_gmt":"2025-06-17T09:24:57","slug":"el-principau-convoca-la-primer-escuela-de-formadores-en-coeducacion","status":"publish","type":"post","link":"https:\/\/edublog.educastur.es\/ixuxu\/2025\/06\/el-principau-convoca-la-primer-escuela-de-formadores-en-coeducacion\/","title":{"rendered":"El Princip\u00e1u convoca la primer Escuela de Formadores en Coeducaci\u00f3n"},"content":{"rendered":"<p style=\"text-align: center\"><a href=\"https:\/\/actualidad.asturias.es\/documents\/537115\/2634753\/2025_06_17+cartel+escuela+coeducadoras.jpg\/b0ae921e-1842-3268-431e-8c68db486a21?t=1750150696794\"><img loading=\"lazy\" decoding=\"async\" class=\"aligncenter size-large\" src=\"https:\/\/actualidad.asturias.es\/documents\/537115\/2634753\/2025_06_17+cartel+escuela+coeducadoras.jpg\/b0ae921e-1842-3268-431e-8c68db486a21?t=1750150696794\" width=\"420\" height=\"595\" \/><\/a><\/p>\n<p>El Princip\u00e1u convoca la primer Escuela de Formadores en Coeducaci\u00f3n para liderar el tresformamientu educativu con perspectiva de x\u00e9neru. Les participantes van adquirir ferramientes para instruyir dempu\u00e9s a docentes nesti modelu d&#8217;iguald\u00e1 de derechos, oportunidaes y trabayu ente muyeres y homes. Va cellebrase del 7 al 11 de xunetu nel Centru de Crisis pa V\u00edctimes d&#8217;Agresiones Sexuales d&#8217;Uvi\u00e9u.<\/p>\n<p><!--more--><\/p>\n<p>&nbsp;<\/p>\n<p>El Gobiernu d&#8217;Asturies va celebrar en xunetu la primer Escuela de Formadores en Coeducaci\u00f3n, una iniciativa pionera que busca formar a profesionales capaces de liderar procesos de sensibilizaci\u00f3n y tresformamientu educativu dende la perspectiva de x\u00e9neru. Concebida como un espaciu de capacitaci\u00f3n intensiva, va dexar a les participantes adquirir ferramientes te\u00f3riques y pr\u00e1ctiques pa instruyir dempu\u00e9s a docentes y axentes educativos nesta materia.<\/p>\n<p>La formaci\u00f3n va impartise del 7 al 11 de xunetu, en modalid\u00e1 presencial y n&#8217;horariu de 9:00 a 15:00 hores, nel Centru de Crisis pa V\u00edctimes d&#8217;Agresiones Sexuales d&#8217;Uvi\u00e9u.<\/p>\n<p>A lo llargo de trenta hores, les participantes van adquirir conocencies especializaes sobro iguald\u00e1, feminismu, lexislaci\u00f3n, diagn\u00f3sticu del sexismu nos centros educativos, oratoria, comunicaci\u00f3n y usu de tecnolox\u00edes especializaes nesti \u00e1mbitu.<\/p>\n<p>L&#8217;equipu docente ta compuestu por cuatro reconoc\u00edes espertes nesti sector: Emma Gonz\u00e1lez, Marian Moreno, Carmen Ru\u00edz Repullo y Laura Vi\u00f1uela, quien van encetar cuestiones clave pa empoderar a futures formadores y acompa\u00f1ales na so preparaci\u00f3n pa falar en p\u00fablicu, estructurar presentaciones eficaces, utilizar ferramientes dixitales y responder con solvencia \u00e9nte situaciones de resistencia o negaci\u00f3n del feminismu.<\/p>\n<p>Esta escuela enm\u00e1rcase nel Plan de Coeducaci\u00f3n del Princip\u00e1u d&#8217;Asturies 2023\u20112027, materializ\u00e1u nel programa Coeducastur, xuna iniciativa qu&#8217;empez\u00f3 la so fase piloto en 2023 con nueve centros p\u00fablicos y que, por cuenta de la so bona acoyida, ampli\u00f3&#8217;l so algame. Representa un pasu m\u00e1s nel compromisu del Gobiernu asturianu cola iguald\u00e1 nel \u00e1mbitu educativu, consolida&#8217;l so papel como referente en pol\u00edtiques educatives feministes y apueste por una rede s\u00f3lida de formadores que contribuyan a construyir una escuela m\u00e1s xusta, equitativa y llibre de violencia.<\/p>\n<ul>\n<li>Dir\u00edxise a docentes, profesionales del \u00e1mbitu educativu y persones comenenciudes na formaci\u00f3n n&#8217;iguald\u00e1.<\/li>\n<li>Hai 40 places disponibles, que se van axudicar por orde d&#8217;inscripci\u00f3n.<\/li>\n<li class=\"page-h1 container\">Les persones pueden inscribise al travi\u00e9s del siguiente formulariu<a href=\"https:\/\/forms.office.com\/e\/T8rZhMUc5e\">https:\/\/forms.office.com\/e\/T8rZhMUc5e<\/a><\/li>\n<\/ul>\n<div id=\"main-content\" class=\"columns-1\" role=\"main\">\n<div class=\"portlet-layout row\">\n<div id=\"column-1\" class=\"col-md-12 portlet-column portlet-column-only\">\n<div id=\"layout-column_column-1\" class=\"portlet-dropzone portlet-column-content portlet-column-content-only\">\n<div id=\"p_p_id_com_liferay_asset_publisher_web_portlet_AssetPublisherPortlet_INSTANCE_DSnKSBdGDt7q_\" class=\"portlet-boundary portlet-boundary_com_liferay_asset_publisher_web_portlet_AssetPublisherPortlet_ portlet-static portlet-static-end portlet-barebone portlet-asset-publisher nota-detalle\">\n<section id=\"portlet_com_liferay_asset_publisher_web_portlet_AssetPublisherPortlet_INSTANCE_DSnKSBdGDt7q\" class=\"portlet\">\n<div class=\"portlet-content\">\n<div class=\" portlet-content-container\">\n<div class=\"portlet-body\">\n<div>\n<div class=\"asset-full-content clearfix default-asset-publisher show-asset-title\">\n<div id=\"_com_liferay_asset_publisher_web_portlet_AssetPublisherPortlet_INSTANCE_DSnKSBdGDt7q_2634763\" class=\"asset-content\">\n<div class=\"clearfix journal-content-article\" data-analytics-asset-id=\"2634750\" data-analytics-asset-title=\"El Principado convoca la primera Escuela de Formadoras en Coeducaci\u00f3n para liderar la transformaci\u00f3n educativa con perspectiva de g\u00e9nero\" data-analytics-asset-type=\"web-content\">\n<div class=\"nota\">\n<div class=\"contenido-article documentacion\">\n<ul>\n<li><a class=\"pdf\" title=\"2025_06_17 NP Escuela Coeducadoras.pdf. Abre una nueva ventana\" href=\"https:\/\/actualidad.asturias.es\/documents\/533407\/0\/2025_06_17+NP+Escuela+Coeducadoras.pdf\/af636167-03a6-f434-b555-080a7565031e?t=1750150592610\" target=\"_blank\" rel=\"noopener\"> 2025_06_17 NP Escuela Coeducadoras.pdf <\/a><\/li>\n<li><a class=\"pdf\" title=\"Programa Escuela Coeducadoras. Abre una nueva ventana\" href=\"https:\/\/actualidad.asturias.es\/documents\/533407\/0\/2025_06_17+programa+escuela+coeducadoras.pdf\/ea872331-5f9c-b9b6-f2ed-606faeddc7e2?t=1750150617378\" target=\"_blank\" rel=\"noopener\"> Programa Escuela Coeducadoras <\/a><\/li>\n<\/ul>\n<\/div>\n<\/div>\n<\/div>\n<\/div>\n<\/div>\n<\/div>\n<\/div>\n<\/div>\n<\/div>\n<\/section>\n<\/div>\n<\/div>\n<\/div>\n<\/div>\n<\/div>\n<p>&nbsp;<\/p>\n","protected":false},"excerpt":{"rendered":"<p>El Princip\u00e1u convoca la primer Escuela de Formadores en Coeducaci\u00f3n para liderar el tresformamientu educativu con perspectiva de x\u00e9neru. Les participantes van adquirir ferramientes para instruyir dempu\u00e9s a docentes nesti modelu d&#8217;iguald\u00e1 de derechos, oportunidaes y trabayu ente muyeres y homes. Va cellebrase del 7 al 11 de xunetu nel Centru de Crisis pa V\u00edctimes [&hellip;]<\/p>\n","protected":false},"author":117,"featured_media":0,"comment_status":"open","ping_status":"open","sticky":false,"template":"","format":"standard","meta":{"footnotes":""},"categories":[374,373],"tags":[],"class_list":["post-50976","post","type-post","status-publish","format-standard","hentry","category-coeducacion","category-coeducastur"],"_links":{"self":[{"href":"https:\/\/edublog.educastur.es\/ixuxu\/wp-json\/wp\/v2\/posts\/50976","targetHints":{"allow":["GET"]}}],"collection":[{"href":"https:\/\/edublog.educastur.es\/ixuxu\/wp-json\/wp\/v2\/posts"}],"about":[{"href":"https:\/\/edublog.educastur.es\/ixuxu\/wp-json\/wp\/v2\/types\/post"}],"author":[{"embeddable":true,"href":"https:\/\/edublog.educastur.es\/ixuxu\/wp-json\/wp\/v2\/users\/117"}],"replies":[{"embeddable":true,"href":"https:\/\/edublog.educastur.es\/ixuxu\/wp-json\/wp\/v2\/comments?post=50976"}],"version-history":[{"count":1,"href":"https:\/\/edublog.educastur.es\/ixuxu\/wp-json\/wp\/v2\/posts\/50976\/revisions"}],"predecessor-version":[{"id":50977,"href":"https:\/\/edublog.educastur.es\/ixuxu\/wp-json\/wp\/v2\/posts\/50976\/revisions\/50977"}],"wp:attachment":[{"href":"https:\/\/edublog.educastur.es\/ixuxu\/wp-json\/wp\/v2\/media?parent=50976"}],"wp:term":[{"taxonomy":"category","embeddable":true,"href":"https:\/\/edublog.educastur.es\/ixuxu\/wp-json\/wp\/v2\/categories?post=50976"},{"taxonomy":"post_tag","embeddable":true,"href":"https:\/\/edublog.educastur.es\/ixuxu\/wp-json\/wp\/v2\/tags?post=50976"}],"curies":[{"name":"wp","href":"https:\/\/api.w.org\/{rel}","templated":true}]}}