{"id":50982,"date":"2025-06-17T11:34:23","date_gmt":"2025-06-17T09:34:23","guid":{"rendered":"https:\/\/edublog.educastur.es\/ixuxu\/?p=50982"},"modified":"2025-06-17T11:34:53","modified_gmt":"2025-06-17T09:34:53","slug":"el-gobiernu-dasturies-impulsa-la-zona-diversa-festival","status":"publish","type":"post","link":"https:\/\/edublog.educastur.es\/ixuxu\/2025\/06\/el-gobiernu-dasturies-impulsa-la-zona-diversa-festival\/","title":{"rendered":"El Gobiernu d&#8217;Asturies impulsa la \u00abZona Diversa Festival\u00bb"},"content":{"rendered":"<p>El Gobiernu d&#8217;Asturies impulsa la <span style=\"color: #008080\"><strong>Zona Diversa Festival<\/strong><\/span>&#8216;, un eventu <strong><span style=\"color: #008080\">pa visibilizar la diversid\u00e1 y l&#8217;iguald\u00e1 na cultura, nuna redolada accesible.<\/span><\/strong> El director xeneral de l&#8217;Axenda 2030, Juan Ponte, destaca la importancia d&#8217;esta iniciativa na <strong><span style=\"color: #008080\">promoci\u00f3n de la participaci\u00f3n social y l&#8217;accesibilid\u00e1 universal<\/span><\/strong>. L&#8217;eventu va tener llugar el vienres a les 19:00 hores na plaza del Parag\u00fces d&#8217;Uvi\u00e9u y va cuntar con sistema de llinguaxe de signos y ba\u00f1os afechos.<\/p>\n<p style=\"text-align: center\"><a href=\"https:\/\/actualidad.asturias.es\/documents\/537115\/2633911\/2025_06_16+presentacion+festival+zona+diversa+1.jpg\/4097f5f7-8a70-0904-1705-a5114905b835?t=1750084953120\"><img loading=\"lazy\" decoding=\"async\" class=\"aligncenter size-large\" src=\"https:\/\/actualidad.asturias.es\/documents\/537115\/2633911\/2025_06_16+presentacion+festival+zona+diversa+1.jpg\/4097f5f7-8a70-0904-1705-a5114905b835?t=1750084953120\" width=\"2048\" height=\"1536\" \/><\/a><\/p>\n<p><!--more--><\/p>\n<p>La Direcci\u00f3n Xeneral de l&#8217;Axenda 2030 de la Conseyer\u00eda d&#8217;Ordenaci\u00f3n del Territoriu, Urbanismu, Vivienda, impulsa<strong><span style=\"color: #008080\"> Zona Diversa Festival, un eventu destin\u00e1u a visibilizar la diversid\u00e1 y l&#8217;iguald\u00e1 y favorecer la participaci\u00f3n social nel \u00e1mbitu de la cultura, nuna redolada integradora y accesible.<\/span><\/strong><\/p>\n<p>El director xeneral de l&#8217;Axenda 2030, Juan Ponte, present\u00f3 g\u00fcei la iniciativa, que se va celebrar el pr\u00f3ximu vienres na plaza del Parag\u00fces d&#8217;Uvi\u00e9u, y va amosar el trabayu de diversos colectivos al travi\u00e9s d&#8217;actuaciones y ritmos nun espaciu que va cuntar con llinguaxe de signos y ba\u00f1os afechos para garantizar l&#8217;accesibilid\u00e1.<\/p>\n<p>\u201cEnfocamos Zona Diversa al travi\u00e9s del derechu a la cultura y la promoci\u00f3n de la participaci\u00f3n social y l&#8217;accesibilid\u00e1 universal en toles situaciones\u00bb, destac\u00f3 Ponte, quien resalt\u00f3 que con esta activid\u00e1 tami\u00e9n se tienen en cuenta otra serie d&#8217;Oxetivos de Desenvolvimientu Sostenible (ODS) como <span style=\"color: #008080\"><strong>la promoci\u00f3n de la sal\u00fa, el bienestar, la educaci\u00f3n, la iguald\u00e1 de x\u00e9neru o&#8217;l trabayu decente.<\/strong><\/span><\/p>\n<p>El director destac\u00f3 \u00abel deber\u00bb de toles instancies sociales na promoci\u00f3n de l&#8217;accesibilid\u00e1 universal\u00bb por que cualquier persona pueda llevar la vida que llibremente escueya. Nesti sent\u00edu, esplic\u00f3, \u00ables discapacid\u00e1es nun son fallos, sin\u00f3n elementos pervalibles de diversid\u00e1\u00bb.<\/p>\n<p>Para Ponte, los derechos de les persones que viven en situaciones de discapacid\u00e1, non y\u00e1 tienen d&#8217;enunciase, sin\u00f3n que tienen de materializase\u00bb, lo qu&#8217;esixe, tami\u00e9n, \u00abreconstruyir l&#8217;espaciu de la vida cotidiana, tantu l&#8217;espaciu p\u00fablicu como l&#8217;espaciu priv\u00e1u, porque polo xeneral son les redolaes los que capaciten o discapaciten\u201d.<\/p>\n<p>\u201cL&#8217;oxetivu de la Direcci\u00f3n Xeneral d&#8217;Axenda 2030 parte del postul\u00e1u de que naide ye m\u00e1s que naide y que, por tanto, naide puede quedar tras\u00bb resalt\u00f3.<\/p>\n<p>Nel actu tami\u00e9n particip\u00f3, Luis Ju\u00e1rez, de la comisi\u00f3n permanente del Conseyu de la Moced\u00e1 dUvi\u00e9u; y Catalina del Riego y Lucy Madelaine Humphreys, del colectivu TOC-Faes, form\u00e1u por persones altamente sensibles.<\/p>\n<p>El festival cunta cola collaboraci\u00f3n del Conceyu d&#8217;Uvi\u00e9u, el Conseyu la Moced\u00e1 Uvi\u00e9u, el Conseyu de la Moced\u00e1 del Princip\u00e1u d&#8217;Asturies, l&#8217;Institutu Asturianu de la Moced\u00e1 y la Conseyer\u00eda de Derechos Sociales y Bienestar.<\/p>\n<p>Programa Zona Diversa Festival<\/p>\n<p>El festival va abrise a les 19:00 hores en con S\u00e2 Ba. Dj Set y les actuaciones de TOC-Faes (Estigma Queen); Habitaos, que va poner n&#8217;escena una pieza de danza comu\u00f1al con m\u00fasica en directu de Davide Salv\u00e1u y Cibr\u00e1n Seixo. Tami\u00e9n va participar Oya, mire, vea, cola so danza performativa m\u00e1s una pieza coreogr\u00e1fica que va ser realizada por Natasha Ortiz, acompa\u00f1\u00e1u de paisaxe sonoro pola Cachetona; y TechnoGuajas y D.Set, un colectivu asturianu de m\u00fasica electr\u00f3nica. El festival presentalu Telmo Irureta.<\/p>\n","protected":false},"excerpt":{"rendered":"<p>El Gobiernu d&#8217;Asturies impulsa la Zona Diversa Festival&#8216;, un eventu pa visibilizar la diversid\u00e1 y l&#8217;iguald\u00e1 na cultura, nuna redolada accesible. El director xeneral de l&#8217;Axenda 2030, Juan Ponte, destaca la importancia d&#8217;esta iniciativa na promoci\u00f3n de la participaci\u00f3n social y l&#8217;accesibilid\u00e1 universal. L&#8217;eventu va tener llugar el vienres a les 19:00 hores na plaza [&hellip;]<\/p>\n","protected":false},"author":117,"featured_media":0,"comment_status":"open","ping_status":"open","sticky":false,"template":"","format":"standard","meta":{"footnotes":""},"categories":[38,204,137,1],"tags":[],"class_list":["post-50982","post","type-post","status-publish","format-standard","hentry","category-cultura","category-festivales","category-igualda","category-sin-categoria"],"_links":{"self":[{"href":"https:\/\/edublog.educastur.es\/ixuxu\/wp-json\/wp\/v2\/posts\/50982","targetHints":{"allow":["GET"]}}],"collection":[{"href":"https:\/\/edublog.educastur.es\/ixuxu\/wp-json\/wp\/v2\/posts"}],"about":[{"href":"https:\/\/edublog.educastur.es\/ixuxu\/wp-json\/wp\/v2\/types\/post"}],"author":[{"embeddable":true,"href":"https:\/\/edublog.educastur.es\/ixuxu\/wp-json\/wp\/v2\/users\/117"}],"replies":[{"embeddable":true,"href":"https:\/\/edublog.educastur.es\/ixuxu\/wp-json\/wp\/v2\/comments?post=50982"}],"version-history":[{"count":1,"href":"https:\/\/edublog.educastur.es\/ixuxu\/wp-json\/wp\/v2\/posts\/50982\/revisions"}],"predecessor-version":[{"id":50983,"href":"https:\/\/edublog.educastur.es\/ixuxu\/wp-json\/wp\/v2\/posts\/50982\/revisions\/50983"}],"wp:attachment":[{"href":"https:\/\/edublog.educastur.es\/ixuxu\/wp-json\/wp\/v2\/media?parent=50982"}],"wp:term":[{"taxonomy":"category","embeddable":true,"href":"https:\/\/edublog.educastur.es\/ixuxu\/wp-json\/wp\/v2\/categories?post=50982"},{"taxonomy":"post_tag","embeddable":true,"href":"https:\/\/edublog.educastur.es\/ixuxu\/wp-json\/wp\/v2\/tags?post=50982"}],"curies":[{"name":"wp","href":"https:\/\/api.w.org\/{rel}","templated":true}]}}