{"id":50991,"date":"2025-06-18T08:30:51","date_gmt":"2025-06-18T06:30:51","guid":{"rendered":"https:\/\/edublog.educastur.es\/ixuxu\/?p=50991"},"modified":"2025-06-17T23:39:44","modified_gmt":"2025-06-17T21:39:44","slug":"el-tiempu-el-comercio-70","status":"publish","type":"post","link":"https:\/\/edublog.educastur.es\/ixuxu\/2025\/06\/el-tiempu-el-comercio-70\/","title":{"rendered":"El tiempu (El Comercio)"},"content":{"rendered":"<p style=\"text-align: center\"><a href=\"https:\/\/s3.ppllstatics.com\/elcomercio\/www\/multimedia\/2025\/06\/17\/prevision-tiempo-asturias-k2SB-U2301948938566Ca-1200x860@El%20Comercio.jpg\"><img loading=\"lazy\" decoding=\"async\" class=\"aligncenter size-large\" src=\"https:\/\/s3.ppllstatics.com\/elcomercio\/www\/multimedia\/2025\/06\/17\/prevision-tiempo-asturias-k2SB-U2301948938566Ca-1200x860@El%20Comercio.jpg\" width=\"1200\" height=\"860\" \/><\/a><\/p>\n<p><strong>Vamos poder amanecer<\/strong> con delles nubes baxes en dellos puntos del interior y tami\u00e9n de mari\u00f1a, pero r\u00e1pido van estenase y los cielos van #estenar por completu pr\u00e1cticamente en tol Princip\u00e1u. <strong>A lo llargo de la tarde<\/strong>, eso s\u00ed, nun se refuga la presencia d&#8217;intervalos de nubes altes insignificantes. <strong>Los vientos<\/strong> van ser fluexos nel interior y moderaos de componente este na mari\u00f1a. <strong>Les temperatures<\/strong>, como dic\u00edamos antes, van xubir de forma xeneralizada. Concretamente, prevese un ascensu d&#8217;hasta 4 o 5 \u00baC nel casu de les m\u00e1ximes. <strong>Les m\u00ednimes<\/strong> van caltenese salvu nel estremu m\u00e1s suroccidental onde van poder xubir un pocu.<\/p>\n<p><!--more--><\/p>\n<p><strong>El xueves<\/strong> van predominar los intervalos de nubes medies y altes. Les temperatures m\u00e1ximes van baxar nel cordal, van xubir un pocu nel interior central, y van caltenese nel restu. Les m\u00ednimes van xubir en ll\u00ednees xenerales. El vienres tami\u00e9n va ser un d\u00eda calorosu con temperatures percima de los 30 \u00baC en munches poblaciones del Princip\u00e1u.<\/p>\n","protected":false},"excerpt":{"rendered":"<p>Vamos poder amanecer con delles nubes baxes en dellos puntos del interior y tami\u00e9n de mari\u00f1a, pero r\u00e1pido van estenase y los cielos van #estenar por completu pr\u00e1cticamente en tol Princip\u00e1u. A lo llargo de la tarde, eso s\u00ed, nun se refuga la presencia d&#8217;intervalos de nubes altes insignificantes. Los vientos van ser fluexos nel [&hellip;]<\/p>\n","protected":false},"author":117,"featured_media":0,"comment_status":"open","ping_status":"open","sticky":false,"template":"","format":"standard","meta":{"footnotes":""},"categories":[5],"tags":[],"class_list":["post-50991","post","type-post","status-publish","format-standard","hentry","category-tiempu"],"_links":{"self":[{"href":"https:\/\/edublog.educastur.es\/ixuxu\/wp-json\/wp\/v2\/posts\/50991","targetHints":{"allow":["GET"]}}],"collection":[{"href":"https:\/\/edublog.educastur.es\/ixuxu\/wp-json\/wp\/v2\/posts"}],"about":[{"href":"https:\/\/edublog.educastur.es\/ixuxu\/wp-json\/wp\/v2\/types\/post"}],"author":[{"embeddable":true,"href":"https:\/\/edublog.educastur.es\/ixuxu\/wp-json\/wp\/v2\/users\/117"}],"replies":[{"embeddable":true,"href":"https:\/\/edublog.educastur.es\/ixuxu\/wp-json\/wp\/v2\/comments?post=50991"}],"version-history":[{"count":1,"href":"https:\/\/edublog.educastur.es\/ixuxu\/wp-json\/wp\/v2\/posts\/50991\/revisions"}],"predecessor-version":[{"id":50992,"href":"https:\/\/edublog.educastur.es\/ixuxu\/wp-json\/wp\/v2\/posts\/50991\/revisions\/50992"}],"wp:attachment":[{"href":"https:\/\/edublog.educastur.es\/ixuxu\/wp-json\/wp\/v2\/media?parent=50991"}],"wp:term":[{"taxonomy":"category","embeddable":true,"href":"https:\/\/edublog.educastur.es\/ixuxu\/wp-json\/wp\/v2\/categories?post=50991"},{"taxonomy":"post_tag","embeddable":true,"href":"https:\/\/edublog.educastur.es\/ixuxu\/wp-json\/wp\/v2\/tags?post=50991"}],"curies":[{"name":"wp","href":"https:\/\/api.w.org\/{rel}","templated":true}]}}