{"id":51011,"date":"2025-06-18T09:17:45","date_gmt":"2025-06-18T07:17:45","guid":{"rendered":"https:\/\/edublog.educastur.es\/ixuxu\/?p=51011"},"modified":"2025-06-18T09:18:46","modified_gmt":"2025-06-18T07:18:46","slug":"festival-pita-festa-en-bual-27-y-28-xunu","status":"publish","type":"post","link":"https:\/\/edublog.educastur.es\/ixuxu\/2025\/06\/festival-pita-festa-en-bual-27-y-28-xunu\/","title":{"rendered":"Festival Pita Festa en Bual, 27 y 28 xunu"},"content":{"rendered":"<p style=\"text-align: center\"><a href=\"https:\/\/fusionasturias.com\/wp-content\/uploads\/2025\/06\/pita-festa-cartel-2025-min.jpg\"><img loading=\"lazy\" decoding=\"async\" class=\"aligncenter size-large\" src=\"https:\/\/fusionasturias.com\/wp-content\/uploads\/2025\/06\/pita-festa-cartel-2025-min.jpg\" width=\"500\" height=\"707\" \/><\/a><\/p>\n<ul>\n<li><a href=\"https:\/\/fusionasturias.com\/concejos\/boal\/pita-festa-una-militancia-festiva-y-rural.htm?fbclid=IwY2xjawK_RTFleHRuA2FlbQIxMQBicmlkETB3ZUxzZ09mMURTZFgwSzFSAR6uQ1oZeImNR-u6Hl1zEuGpvdZ2t4JCDQTHzIgml1D8iTjEirjTshZ-fXcCWw_aem_2H7gLO7hzTC6L4w7QUQrTA\">Revista Fusi\u00f3n<\/a> \/<\/li>\n<\/ul>\n<p>Los d\u00edes 27 y 28 de xunu nel conceyu de Bual, cel\u00e9brase la Pita Festa, un festival integrador que visibiliza el rural y crea esp\u00edritu de comunid\u00e1.<\/p>\n<p><!--more--><\/p>\n<p>\u00abTres la edici\u00f3n de 2022 constituy\u00edmonos n&#8217;una asociaci\u00f3n coles mires d&#8217;impulsar la vida na zona rural. Al travi\u00e9s de la cultura y l&#8217;arte quix\u00edmos crear espacios de convivencia qu&#8217;atraxeren xente al pueblu y punximos en marcha un coworking, l&#8217;<strong>Acougo de PitaSana<\/strong>, \u2013esplica Noelia Garc\u00eda, fundadora del Festival xuntu col so home Pablo V\u00e9lez\u2013. Tami\u00e9n dexamos l&#8217;escenariu mont\u00e1u y adulces tamos construyendo una sala alternativa, por eso ll\u00e1mase&#8217;l Gallineru Culturero. Angua\u00f1o fiximos la caxa negra del teatru\u00bb.<\/p>\n<p><strong>Pita Festa o Pita Fest<\/strong>, como se-y conoci\u00f3 nes sos primeres celebraciones, ye poles sos caracter\u00edstiques una rara avis nel calendariu de los festivales, pero y\u00e1 se gan\u00f3&#8217;l coraz\u00f3n del p\u00fablicu ya int\u00e9rpretes y esp\u00e9rase-y cada a\u00f1u na axenda cultural del occidente asturianu.<\/p>\n<p>El formatu d&#8217;esti certame caltien la ll\u00ednea propuesta en 2016, cuando empezaba a dar los sos primeros pasos y pretend\u00eda celebrar <strong>una fiesta rural d&#8217;\u00e1mbitu modestu na que pudieren esfrutar tantu persones mayores, como moces o families enteres.<\/strong> L&#8217;esp\u00edritu integrador sigue vixente porque asina ye como entienden que ten de ser la forma de vida nel rural.<\/p>\n<p>\u00abN\u00f3s nun queremos crecer y ser macros \u2013esplica la bualesa de Pita Sana\u2013, queremos ser peque\u00f1inos, modestos y que&#8217;l Festival s\u00eda un llugar seguru <strong>onde pueda venir xente diverso y nun se sienta atropellada<\/strong>. Na primer parte del d\u00eda y hasta les 7 de la tarde, l&#8217;ambiente ye abondo familiar porque hai munches actividaes para los ne\u00f1os y les families pueden esfrutar de la xornada ensin tar esmoleci\u00e9ndose por pecar, que tienen la so propia activid\u00e1 paralela. A partir d&#8217;esa hora, y\u00e1 empieza a llegar m\u00e1s xente nuevo\u00bb.<\/p>\n<p>El formatu d&#8217;esti certame caltien la ll\u00ednea propuesta en 2016, cuando empezaba a dar los sos primeros pasos y pretend\u00eda celebrar una fiesta rural d&#8217;\u00e1mbitu modestu na que pudieren esfrutar tanto persones mayores, como moces o families enteres.<\/p>\n<p>Tres un a\u00f1u de preparaci\u00f3n, av\u00e9rense les feches d&#8217;esti certame qu&#8217;esibe m\u00fasculu rural y pon, cada a\u00f1u, al conceyu de Boal nel mapa. Como nos sos entamos, la cita contempla actividaes variaes como la creaci\u00f3n d&#8217;un mural colectivu, nesta ocasi\u00f3n dirix\u00edu pola ilustradora muralista Anartista (Ana Fern\u00e1ndez), un taller de forxa para toles edaes a cargu del maestru V\u00edctor Aguilar (La Fragua del Osu), un espect\u00e1culu teatral en clave de comedia al cargu de Trivilorio Impro que cunta cola participaci\u00f3n del p\u00fablicu y actuaciones musicales pensaes para motivar a distintes franxes d&#8217;ed\u00e1.<\/p>\n<p>Los sos organizadores, l&#8217;asociaci\u00f3n El Gallineru Culturero, traen para esta ocasi\u00f3n un vari\u00e1u elencu d&#8217;artistes, dellos llegaos del sur de la pen\u00ednsula, como Karmento qu&#8217;aterriza cola so propuesta neofolk Castiella-La Mancha. \u00abAngua\u00f1o decidimos abrilo un poco m\u00e1s porque de normal ven\u00eda xente de Galicia o Asturies \u2013esplica Noelia, vecina d&#8217;Armal\u2013. Am\u00e1s de Karmento, vien tami\u00e9n El Na\u00e1n Tr\u00edu, un grupu que llega dende los pandoriales del Cerrato Palent\u00edn\u00bb.<\/p>\n<p>El folclor iberoamericanu va tar presente gracies a La Irreverente, ente que Clandest\u00edas \u2013 Pandereteiras del Navia van poner el ritmu y los raiga\u00f1os del territoriu, acompasaes poles sos voces. Nesta ocasi\u00f3n, el fin de fiesta definitivu va tar al cargu de Killaphon\u00eda, una DJ de pandereter\u00eda feminista cola que cerrar el baille.<\/p>\n<p style=\"text-align: center\"><a href=\"https:\/\/fusionasturias.com\/wp-content\/uploads\/2025\/06\/pita-festa-edicion-2024-3-min.jpg\"><img loading=\"lazy\" decoding=\"async\" class=\"aligncenter size-large\" src=\"https:\/\/fusionasturias.com\/wp-content\/uploads\/2025\/06\/pita-festa-edicion-2024-3-min.jpg\" width=\"500\" height=\"667\" \/><\/a><br \/>\nTrivilorio Impro nuna representaci\u00f3n na Pista Festa.<\/p>\n<p><a href=\"https:\/\/fusionasturias.com\/wp-content\/uploads\/2025\/06\/pita-festa-edicion-2024-4-min.jpg\"><img loading=\"lazy\" decoding=\"async\" class=\"aligncenter size-large\" src=\"https:\/\/fusionasturias.com\/wp-content\/uploads\/2025\/06\/pita-festa-edicion-2024-4-min.jpg\" width=\"500\" height=\"667\" \/><\/a>V\u00edctor Aguilar, artesanu y fundador de La Fragua del Osu.<\/p>\n<p>Un espect\u00e1culu teatral en clave de comedia al cargu de Trivilorio o un taller de forxa para toles edaes a cargu del maestru V\u00edctor Aguilar (La Fragua del Osu), son dalgunes de les actividaes de la nueva edici\u00f3n de la Pista Festa.<\/p>\n<p>Anque&#8217;l d\u00eda clave de la Pita Festa va ser el s\u00e1badu 28 de xunu, el vienres 27 vien con actividaes interesantes que van dir preparando l&#8217;ambiente. Nesta xornada, l&#8217;escenariu ye&#8217;l Llavaderu de la localid\u00e1 de Bual onde se va conocer la resultancia de la residencia art\u00edstica entamada pola Asociaci\u00f3n sol lema \u201cDise\u00f1ando&#8217;l tiempu\u201d. \u00abLa residencia, que va empezar el mi\u00e9rcoles y na que van participar vecinos de Bual, -esplica Noelia- consta de cuatro talleres nos que se va faer xuna investigaci\u00f3n sonora y hest\u00f3rica sobremanera lo que socedi\u00f3 nel llavaderu y lo que signific\u00f3 para la xente del pueblu\u00bb.<\/p>\n<p>El vienres 27, los asistentes van poder conocer les conclusiones de la investigaci\u00f3n y esfrutar d&#8217;un viaxe sonoru pola memoria, l&#8217;agua y el tiempu al travi\u00e9s de l&#8217;actuaci\u00f3n m\u00fasicu teatral d&#8217;Ant\u00eda Seijas y Ana Pereda. Tres l&#8217;actu, les cais de Bual van anubrise col ritmu y les voces de Clandest\u00edas, les pandereteiras del Navia.<\/p>\n<p>\u00abTolo que se fai&#8217;l vienres ye gratuitu, queremos tender pontes cola xente de Bual, de forma qu&#8217;entiendan qu\u00e9 ye lo que faemos na Pita Festa y por qu\u00e9 lo faemos\u00bb, esplica la impulsora del Festival.<\/p>\n<p>L&#8217;eventu bual\u00e9s va tener tami\u00e9n xuna importante repercusi\u00f3n nos medios al travi\u00e9s del programa de Radio Nacional, Espa\u00f1a Rural, que va tar presente para recoyer los testimonios d&#8217;entamadores, artesanos y p\u00fablicu asistente al Pita Festa. \u00abVan Dar visibilid\u00e1 al pueblu de Bual con una retresmisi\u00f3n en directu&#8217;l s\u00e1badu, ente que lo grabao&#8217;l vienres emitir\u00e1se&#8217;l domingu\u00bb, a\u00f1ede la bualesa.<\/p>\n<p>&nbsp;<\/p>\n<p style=\"text-align: center\"><a href=\"https:\/\/fusionasturias.com\/wp-content\/uploads\/2025\/06\/pita-festa-edicion-2024-1-min-1068x601.jpg.webp\"><img loading=\"lazy\" decoding=\"async\" class=\"aligncenter size-large\" src=\"https:\/\/fusionasturias.com\/wp-content\/uploads\/2025\/06\/pita-festa-edicion-2024-1-min-1068x601.jpg.webp\" width=\"1068\" height=\"601\" \/><\/a><\/p>\n","protected":false},"excerpt":{"rendered":"<p>Revista Fusi\u00f3n \/ Los d\u00edes 27 y 28 de xunu nel conceyu de Bual, cel\u00e9brase la Pita Festa, un festival integrador que visibiliza el rural y crea esp\u00edritu de comunid\u00e1.<\/p>\n","protected":false},"author":117,"featured_media":0,"comment_status":"open","ping_status":"open","sticky":false,"template":"","format":"standard","meta":{"footnotes":""},"categories":[204],"tags":[],"class_list":["post-51011","post","type-post","status-publish","format-standard","hentry","category-festivales"],"_links":{"self":[{"href":"https:\/\/edublog.educastur.es\/ixuxu\/wp-json\/wp\/v2\/posts\/51011","targetHints":{"allow":["GET"]}}],"collection":[{"href":"https:\/\/edublog.educastur.es\/ixuxu\/wp-json\/wp\/v2\/posts"}],"about":[{"href":"https:\/\/edublog.educastur.es\/ixuxu\/wp-json\/wp\/v2\/types\/post"}],"author":[{"embeddable":true,"href":"https:\/\/edublog.educastur.es\/ixuxu\/wp-json\/wp\/v2\/users\/117"}],"replies":[{"embeddable":true,"href":"https:\/\/edublog.educastur.es\/ixuxu\/wp-json\/wp\/v2\/comments?post=51011"}],"version-history":[{"count":2,"href":"https:\/\/edublog.educastur.es\/ixuxu\/wp-json\/wp\/v2\/posts\/51011\/revisions"}],"predecessor-version":[{"id":51014,"href":"https:\/\/edublog.educastur.es\/ixuxu\/wp-json\/wp\/v2\/posts\/51011\/revisions\/51014"}],"wp:attachment":[{"href":"https:\/\/edublog.educastur.es\/ixuxu\/wp-json\/wp\/v2\/media?parent=51011"}],"wp:term":[{"taxonomy":"category","embeddable":true,"href":"https:\/\/edublog.educastur.es\/ixuxu\/wp-json\/wp\/v2\/categories?post=51011"},{"taxonomy":"post_tag","embeddable":true,"href":"https:\/\/edublog.educastur.es\/ixuxu\/wp-json\/wp\/v2\/tags?post=51011"}],"curies":[{"name":"wp","href":"https:\/\/api.w.org\/{rel}","templated":true}]}}