{"id":51015,"date":"2025-06-18T09:25:56","date_gmt":"2025-06-18T07:25:56","guid":{"rendered":"https:\/\/edublog.educastur.es\/ixuxu\/?p=51015"},"modified":"2025-06-18T09:27:24","modified_gmt":"2025-06-18T07:27:24","slug":"poch-artista-asturianu-del-grafitti","status":"publish","type":"post","link":"https:\/\/edublog.educastur.es\/ixuxu\/2025\/06\/poch-artista-asturianu-del-grafitti\/","title":{"rendered":"Poch, artista asturianu del grafitti"},"content":{"rendered":"<p style=\"text-align: center\"><a href=\"https:\/\/fusionasturias.com\/wp-content\/uploads\/2025\/06\/poch-supermario-min-1068x601.jpg.webp\"><img loading=\"lazy\" decoding=\"async\" class=\"aligncenter size-large\" src=\"https:\/\/fusionasturias.com\/wp-content\/uploads\/2025\/06\/poch-supermario-min-1068x601.jpg.webp\" width=\"1068\" height=\"601\" \/><\/a><a href=\"https:\/\/fusionasturias.com\/otras-secciones\/rincon-del-artista\/poch-sprays-autodidactas-desde-mediados-de-los-90.htm\"><em>Fusi\u00f3n Asturias<\/em><\/a><\/p>\n<p><em>Hola, pres\u00e9ntome: soi Jos\u00e9, anque y\u00e1 poca xente ll\u00e1mame asina. Soi de Corvera d&#8217;Asturies y viv\u00ed equ\u00ed casi tola mio vida, salvu per dellos a\u00f1os que pas\u00e9 fora. El mio contactu col graffiti empez\u00f3 nel institutu, cuando empec\u00e9 a rellacioname con persones venceyaes al movimientu, tantu directa como indirectamente. Tami\u00e9n influy\u00f3 enforma un viaxe a Barcelona, alredor del 92 o 93, que marc\u00f3 un antes y un dempu\u00e9s na mio relaci\u00f3n col graffiti, una pasi\u00f3n que m&#8217;acompa\u00f1a hasta g\u00fcei.<\/em><\/p>\n<p><!--more--><\/p>\n<p><em>Les mios primeres esperiencies col espr\u00e1i fueron autodidactes y empezaron ente 1994 y 1995. En 1996 particip\u00e9 nel primer concursu de graffiti que se celebr\u00f3 en Corvera. Ent\u00f3s daquella, el nivel n&#8217;Avil\u00e9s yera bastante altu. Nun yera f\u00e1cil atopar llugares onde pintar legalmente, y l&#8217;informaci\u00f3n arralec\u00eda \u2014nun hab\u00eda Internet como agora\u2014, pero siempres pod\u00edes averate a los t\u00faneles de Versalles o al skatepark pa ver trabayos nuevos.<\/em><\/p>\n<p><em>Foi a finales de 1999 cuando, en roblando con dellos nomes (Speak, Rusk, Wouk), empec\u00e9 a usar l&#8217;alies POCH. Y\u00e1 nel 2000, xuntu a JHON, fundemos KSN (Kasi N\u00e1), un grupu que marc\u00f3 l&#8217;entamu d&#8217;una etapa m\u00e1s seria na mio trayectoria: viaxes a otres ciudaes, participaci\u00f3n n&#8217;exhibiciones\u2026<\/em><\/p>\n<p><em>El graffiti empez\u00f3 a consolidase como una forma de vida pa mi. Tolo que m&#8217;arrodiaba xiraba en redol a ello. Homenaxe a Picasso del artista Poch con esti mural nel Festival d&#8217;Arte Contra l&#8217;Olvidu, en La Torre del Valle (Zamora)<\/em><\/p>\n<p style=\"text-align: center\"><a href=\"https:\/\/fusionasturias.com\/wp-content\/uploads\/2025\/06\/poch-guernika-min.jpg\"><img loading=\"lazy\" decoding=\"async\" class=\"aligncenter size-large\" src=\"https:\/\/fusionasturias.com\/wp-content\/uploads\/2025\/06\/poch-guernika-min.jpg\" width=\"1000\" height=\"304\" \/><\/a><\/p>\n<p><em>En dellos viaxes a Ponferrada conocimos a otros escritores d&#8217;esa ciud\u00e1, y terminamos formando parte del so grupu, AGLC (antes AGL), cre\u00e1u en 1998. Integr\u00e9 a mediaos de los 2000 y sigo perteneciendo a \u00e9l a d\u00eda de g\u00fcei. Tami\u00e9n formo parte de KW, otru grupu compuestu por siete escritores asturianos.<\/em><\/p>\n<p><em>Colos a\u00f1os, pas\u00e9 de pintar solo pa mi a faelo tami\u00e9n pa los dem\u00e1s. Esta pasi\u00f3n y\u00e1 forma parte de mi, ye daqu\u00e9 que tengo presente casi a diariu. Eso s\u00ed, col tiempu dex\u00e9 de llau la parte illegal del graffiti, buscando llugares onde pueda espresame con aselu, ensin problemes. <strong>Agora prefiero pintar n&#8217;espacios abandonaos o sitios onde se cunte con permisu.<\/strong> Dalgunos dicen que si nun ye illegal nun ye graffiti, ca\u00fanu ye llibre de pensar lo que quiera\u2026 Pintu pa mi, lo que me gusta y ensin etiquetes.<\/em><\/p>\n<p><em>Angua\u00f1o, y afortunadamente, dedico profesionalmente a esto. Pintu por encargu pa quien conf\u00eden en mi y llegamos a un alcuerdu. Anque l&#8217;arte urbano ta en puxanza, inda hai quien nun lo valora, pero si\u00e9ntome estimosu por toles oportunidaes que me brindaron: pint\u00e9 en colexos, institutos, pa conceyos, empreses y particulares.<\/em><\/p>\n<p><em>Arte urbano del artista asturianu Poch na puerta d&#8217;unos garaxes d&#8217;una comunid\u00e1 de vecinos de Xix\u00f3n.<\/em><\/p>\n<p style=\"text-align: center\"><em><a href=\"https:\/\/fusionasturias.com\/wp-content\/uploads\/2025\/06\/poch-garaje-gijon-min.jpg\"><img loading=\"lazy\" decoding=\"async\" class=\"aligncenter size-large\" src=\"https:\/\/fusionasturias.com\/wp-content\/uploads\/2025\/06\/poch-garaje-gijon-min.jpg\" width=\"600\" height=\"800\" \/><\/a><\/em><\/p>\n<p><em>Nos \u00faltimos meses trabay\u00e9, ente otros, en Burgos y Vigo pintando en colexos, tami\u00e9n en coles n&#8217;Asturies, en Xix\u00f3n decorando puertes de garaxe, y tami\u00e9n fixi trabayos n&#8217;habitaciones onde me pidieron el nome de los ne\u00f1os. Dacuando paro a pensar que les mios lletres \u2014el mio estilu\u2014 t\u00e1n n&#8217;espacios onde ne\u00f1os y ne\u00f1es venlo a diariu y crecen con elles.<\/em><\/p>\n<p><em>Angua\u00f1o fui nom\u00e1u al meyor mural del mes de mayu pola plataforma Street Art Cities, y dempu\u00e9s de casi 30 a\u00f1os desque coy\u00ed per primer vegada un espr\u00e1i, qu&#8217;el to nome suene a nivel internacional\u2026 empresta.<\/em><\/p>\n<p style=\"text-align: center\"><em><a href=\"https:\/\/fusionasturias.com\/wp-content\/uploads\/2025\/06\/poch-mural-chica-min.jpg\"><img loading=\"lazy\" decoding=\"async\" class=\"aligncenter size-large\" src=\"https:\/\/fusionasturias.com\/wp-content\/uploads\/2025\/06\/poch-mural-chica-min.jpg\" width=\"600\" height=\"760\" \/><\/a>Nominaci\u00f3n a \u00abMeyor mural del mundu\u00bb, pintada pol artista Poch, <\/em><br \/>\n<em>nel mes de mayu pola plataforma art\u00edstica Street Art Cities\u00a0<\/em><\/p>\n<p><em>Agora mesmu toi trabayando en nuevos proyectos y otros que y\u00e1 t\u00e1n en marcha, como pintar dellos murios nel conceyu de Corvera, onde dellos vecinos venci\u00e9ronme los sos espacios. Tami\u00e9n tengo pindiu participar en dellos festivales esti branu. Llueu voi tar na Metr\u00f3poli, dientro de la convenci\u00f3n de tattoo que se celebra la \u00faltima fin de selmana de xunu en Xix\u00f3n. Tami\u00e9n tengo un cole n&#8217;El Bierzo y dalgunu m\u00e1s per Asturies. Am\u00e1s, tengo m\u00e1s proyectos con particulares, asociaciones y empreses en fase de preparaci\u00f3n y negociaci\u00f3n.<\/em><\/p>\n<p><em>Si daqui\u00e9n ta interes\u00e1u en contactar conmigo, el mio corr\u00e9u ye <strong>thapoch@gmail<\/strong>.com y pod\u00e9is atopame nes redes sociales como <a href=\"https:\/\/www.instagram.com\/poch_1\/\"><strong>@poch_1<\/strong><\/a> n&#8217;Instagram, y na p\u00e1xina principal tami\u00e9n vais atopar l&#8217;enllaz a dos cuntes m\u00e1s nes qu&#8217;ense\u00f1o delles coses m\u00e1s de les que faigo, y en Facebook como @peoceache.<\/em><\/p>\n<p style=\"text-align: center\"><em><a href=\"https:\/\/fusionasturias.com\/wp-content\/uploads\/2025\/06\/poch-min.jpg\"><img loading=\"lazy\" decoding=\"async\" class=\"aligncenter size-large\" src=\"https:\/\/fusionasturias.com\/wp-content\/uploads\/2025\/06\/poch-min.jpg\" width=\"800\" height=\"533\" \/><\/a>Poch, artista asturianu \/ Semeya: Marieta<\/em><\/p>\n<p>&nbsp;<\/p>\n","protected":false},"excerpt":{"rendered":"<p>Fusi\u00f3n Asturias Hola, pres\u00e9ntome: soi Jos\u00e9, anque y\u00e1 poca xente ll\u00e1mame asina. Soi de Corvera d&#8217;Asturies y viv\u00ed equ\u00ed casi tola mio vida, salvu per dellos a\u00f1os que pas\u00e9 fora. El mio contactu col graffiti empez\u00f3 nel institutu, cuando empec\u00e9 a rellacioname con persones venceyaes al movimientu, tantu directa como indirectamente. Tami\u00e9n influy\u00f3 enforma un [&hellip;]<\/p>\n","protected":false},"author":117,"featured_media":0,"comment_status":"open","ping_status":"open","sticky":false,"template":"","format":"standard","meta":{"footnotes":""},"categories":[89],"tags":[],"class_list":["post-51015","post","type-post","status-publish","format-standard","hentry","category-arte"],"_links":{"self":[{"href":"https:\/\/edublog.educastur.es\/ixuxu\/wp-json\/wp\/v2\/posts\/51015","targetHints":{"allow":["GET"]}}],"collection":[{"href":"https:\/\/edublog.educastur.es\/ixuxu\/wp-json\/wp\/v2\/posts"}],"about":[{"href":"https:\/\/edublog.educastur.es\/ixuxu\/wp-json\/wp\/v2\/types\/post"}],"author":[{"embeddable":true,"href":"https:\/\/edublog.educastur.es\/ixuxu\/wp-json\/wp\/v2\/users\/117"}],"replies":[{"embeddable":true,"href":"https:\/\/edublog.educastur.es\/ixuxu\/wp-json\/wp\/v2\/comments?post=51015"}],"version-history":[{"count":3,"href":"https:\/\/edublog.educastur.es\/ixuxu\/wp-json\/wp\/v2\/posts\/51015\/revisions"}],"predecessor-version":[{"id":51018,"href":"https:\/\/edublog.educastur.es\/ixuxu\/wp-json\/wp\/v2\/posts\/51015\/revisions\/51018"}],"wp:attachment":[{"href":"https:\/\/edublog.educastur.es\/ixuxu\/wp-json\/wp\/v2\/media?parent=51015"}],"wp:term":[{"taxonomy":"category","embeddable":true,"href":"https:\/\/edublog.educastur.es\/ixuxu\/wp-json\/wp\/v2\/categories?post=51015"},{"taxonomy":"post_tag","embeddable":true,"href":"https:\/\/edublog.educastur.es\/ixuxu\/wp-json\/wp\/v2\/tags?post=51015"}],"curies":[{"name":"wp","href":"https:\/\/api.w.org\/{rel}","templated":true}]}}