{"id":51032,"date":"2025-06-18T09:00:03","date_gmt":"2025-06-18T07:00:03","guid":{"rendered":"https:\/\/edublog.educastur.es\/ixuxu\/?p=51032"},"modified":"2025-06-18T11:53:22","modified_gmt":"2025-06-18T09:53:22","slug":"51032","status":"publish","type":"post","link":"https:\/\/edublog.educastur.es\/ixuxu\/2025\/06\/51032\/","title":{"rendered":"D\u00eda Mundial del Arguyu Autista"},"content":{"rendered":"<p style=\"text-align: center\"><a href=\"https:\/\/upload.wikimedia.org\/wikipedia\/commons\/thumb\/e\/e8\/The_Autistic_Pride_Flag.svg\/2000px-The_Autistic_Pride_Flag.svg.png\"><img loading=\"lazy\" decoding=\"async\" class=\"aligncenter \" src=\"https:\/\/upload.wikimedia.org\/wikipedia\/commons\/thumb\/e\/e8\/The_Autistic_Pride_Flag.svg\/2000px-The_Autistic_Pride_Flag.svg.png\" width=\"601\" height=\"451\" \/><\/a><\/p>\n<p>El 18 de xunu nun ye un d\u00eda m\u00e1s nel calendariu para miles de persones nel mundu que s&#8217;identifiquen col espectru autista.<strong><span style=\"color: #008080\"> Ye una xornada para&#8217;l sentimientu de pertenencia y d&#8217;autoestima.<\/span><\/strong> Dende fai casi dos d\u00e9cades, esta fecha representa una afirmaci\u00f3n d&#8217;identid\u00e1 y un actu de resistencia frente a los prexuicios.<span style=\"color: #008080\"><strong> Ye un d\u00eda de celebraci\u00f3n de la neurodiversid\u00e1 del espectru autista<\/strong><\/span> llev\u00e1u a cabu cada 18 de xunu. <span style=\"color: #008080\"><strong>Foi empecipi\u00e1u en 2005<\/strong><\/span> como un proyectu del foru en ll\u00ednea y\u00e1 disueltu <span style=\"color: #008080\">Aspies for Pride<\/span>. <span class=\"x193iq5w xeuugli x13faqbe x1vvkbs x1xmvt09 x1lliihq x1s928wv xhkezso x1gmr53x x1cpjm7i x1fgarty x1943h6x xudqn12 x3x7a5m x1f6kntn xvq8zen xo1l8bm xzsf02u x1yc453h\" dir=\"auto\">\u00a0<span class=\"html-span xdj266r x14z9mp xat24cr x1lziwak xexx8yu xyri2b x18d9i69 x1c1uobl x1hl2dhg x16tdsg8 x1vvkbs\"><a class=\"x1i10hfl xjbqb8w x1ejq31n x18oe1m7 x1sy0etr xstzfhl x972fbf x10w94by x1qhh985 x14e42zd x9f619 x1ypdohk xt0psk2 xe8uvvx xdj266r x14z9mp xat24cr x1lziwak xexx8yu xyri2b x18d9i69 x1c1uobl x16tdsg8 x1hl2dhg xggy1nq x1a2a7pz xkrqix3 x1sur9pj x1fey0fg x1s688f\" role=\"link\" href=\"https:\/\/www.facebook.com\/hashtag\/orgulloautista?__eep__=6&amp;__cft__[0]=AZW7wi7teF7zpmrduKkajthBQT03tcaiCjQm69RCbmukYqlN8iKLevc0qTLRHDgy6HkkVSR7vcln8iQ7TYquBxKFOzOClpKGyvOsRwHbSWBQGLsiv4dYhJuZJeUfVsz3TBgh6qxbtIAH7Tv63sy-zM8NuS124ixSHke94CwLVwMe6Q&amp;__tn__=*NK-R\">#OrgulloAutista<\/a><\/span> <\/span><\/p>\n<p><!--more--><\/p>\n<p>De magar, el d\u00eda nun cunta con un organizador central y les actividaes coordinense por diversos grupos venceyaos a la tem\u00e1tica, lideraos na so mayor\u00eda por persones autistes. L&#8217;oxetivu ye refugar la negatividad en redol a la tema y celebrar l&#8217;espectru autista como parte de la neuro diversid\u00e1 natural de los seres humanos.<\/p>\n<p>La bandera del eventu lleva&#8217;l s\u00edmbolu del infinitu sobro les tr\u00e9s franxes de colores acomu\u00f1aes al espectru.<\/p>\n<ul>\n<li>Fonte: <a href=\"https:\/\/es.wikipedia.org\/wiki\/D%C3%ADa_del_Orgullo_Autista\">wiki<\/a> \/<\/li>\n<\/ul>\n<p style=\"text-align: center\"><a href=\"https:\/\/imagenes.20minutos.es\/files\/image_990_556\/uploads\/imagenes\/2025\/06\/17\/maria-oviedo-mujer-adulta-en-el-espectro.jpeg\"><img loading=\"lazy\" decoding=\"async\" class=\"aligncenter size-large\" src=\"https:\/\/imagenes.20minutos.es\/files\/image_990_556\/uploads\/imagenes\/2025\/06\/17\/maria-oviedo-mujer-adulta-en-el-espectro.jpeg\" width=\"990\" height=\"556\" \/><\/a><\/p>\n<p>\u00a0 \u00a0 Mar\u00eda Oviedo reconoz qu&#8217;un movimientu como esti ayudola con 14 a\u00f1os.\u00a0 <em>\u00abL&#8217;autismu nun ye nin una maldici\u00f3n nin una bendici\u00f3n, a cencielles ye daqu\u00e9 que forma parte de mi\u00bb.<\/em> Mar\u00eda Uvi\u00e9u, muyer adulta nel espectru.<\/p>\n<p>Xusto angua\u00f1o c\u00famplense dos d\u00e9cades desque se entam\u00f3 a celebrar el D\u00eda Internacional del Arguyu Autista, una fecha impulsada pola asociaci\u00f3n &#8216;<a href=\"https:\/\/en.wikipedia.org\/wiki\/Aspies_For_Freedom\"><strong>Aspies For Freedom<\/strong>&#8216;<\/a> pa visibilizar la neurodiversidad del espectru autista. Nun se trata d&#8217;una fecha oficial nin institucionalizada, sin\u00f3n d<strong>&#8216;una iniciativa que parte de les mesmes persones autistes para promover l&#8217;activismu y para concientizar y reivindicar inclusi\u00f3n, sobremanera al travi\u00e9s de les redes sociales.<\/strong><\/p>\n<p><a href=\"https:\/\/upload.wikimedia.org\/wikipedia\/commons\/thumb\/4\/4e\/Pastel_Neurodiversity_Symbol.png\/330px-Pastel_Neurodiversity_Symbol.png\"><img loading=\"lazy\" decoding=\"async\" class=\"aligncenter size-large\" src=\"https:\/\/upload.wikimedia.org\/wikipedia\/commons\/thumb\/4\/4e\/Pastel_Neurodiversity_Symbol.png\/330px-Pastel_Neurodiversity_Symbol.png\" width=\"330\" height=\"155\" \/><\/a><\/p>\n<p>Dende la <strong>Confederaci\u00f3n Autismo Espa\u00f1a<\/strong>, anque quieren dexar claro que, para ellos, el d\u00eda m\u00e1s importante para visibilizar y concenciar sobro l&#8217;autismu ye&#8217;l 2 d&#8217;abril, ven con bonos g\u00fceyos y sofiten que les persones autistes alcen la voz, \u201ccreo que ye importante que s\u00eda xuna iniciativa que parta de les mesmes persones autistes, que s\u00edan elles mesmes les qu&#8217;escueyan el so d\u00eda, y marquen la so axenda nesi d\u00eda.<\/p>\n<p>Nun ye un d\u00eda que tenga tanta potencia a nivel de visibilid\u00e1 como&#8217;l D\u00eda Mundial del Autismu, que ye un d\u00eda na axenda institucional de la ONU y siempres hai un movimientu m\u00e1s entam\u00e1u, pero ye bien importante y oxal\u00e1 cobre m\u00e1s fuerza, que s\u00edan les mesmes persones autistes les que lleven la voz cantante y lideren el movimientu dende la base\u201d, asegura Mar\u00eda Verde Cagiao, psic\u00f3loga de la \u00e1rea d&#8217;Investigaci\u00f3n de la Confederaci\u00f3n.<\/p>\n<p>Tr\u00e1tase, am\u00e1s, d&#8217;una fecha que nun tien tanta repercusi\u00f3n nos medios de comunicaci\u00f3n, pero s\u00ed nes redes sociales, <em>\u201cnos postreros cinco a\u00f1os pol activismu que surdi\u00f3 alredor del autismu, cobr\u00f3 m\u00e1s fuerza. Nun ye, am\u00e1s, un movimientu que s&#8217;identifique con una entid\u00e1 en concretu, con un colectivu en particular, pero ye importante qu&#8217;esista un d\u00eda reivindic\u00e1u poles mesmes persones y que puedan usar la so voz y los sos medios de comunicaci\u00f3n prefer\u00edos\u201d<\/em>, a\u00f1ede Verde.<\/p>\n<p>Mar\u00eda y Pedro, con Asperxar, intervinieron na xornada xornada, entamada por Autismu Espa\u00f1a, pa conmemorar el D\u00eda Internacional del S\u00edndrome d&#8217;Asperxar. La llucha de Mar\u00eda y Pedro, con Asperxar, por llabrase&#8217;l so cam\u00edn: \u00abCada persona nel espectru tien la so personalid\u00e1 y talentu\u00bb<\/p>\n<p>Otra Mar\u00eda, esta vegada Mar\u00eda Uvi\u00e9u, reconoz que nun lo celebra especialmente, pero ve \u2018preciosu\u2019 qu&#8217;esista esti d\u00eda. Mar\u00eda tien 36 a\u00f1os y diagnosticarenla con 14, cuando naide falaba d&#8217;autismu, por eso enc\u00e1nta-y ver que la xente fala del so autismu tan abiertamente, <em>\u201cg\u00fastame ver les redes de persones que t\u00e1n nel espectru, por casu, Tim Burton, que ye&#8217;l mio mayor \u00eddolu. Yo ent\u00e1 toi preparada pa faelo, pero paezme daqu\u00e9 bien valiente ver a xente falando con naturalid\u00e1 d&#8217;autismu y de la so esperiencia\u201d.<\/em><\/p>\n<p>Tampoco cree que s\u00eda \u201ctan importante como&#8217;l 2 d&#8217;abril\u00bb, pero sigo \u00abque ye un d\u00eda bien guapu por que la xente sienta que ta en comunid\u00e1, que nun vean que son los \u00fanicos que tienen problemes pa faer coses que&#8217;l restu de la xente considera que son normales, creo que pue ser daqu\u00e9 que nos xune y que nos fai sentinos menos solos\u201d.<\/p>\n<p>Esa ye, precisamente, una de les coses que Mar\u00eda Verde Cagiao cree que ye bien positivu del d\u00eda del arguyu autista <em>\u201cpuede ayudar a sentise parte d&#8217;un grupu d&#8217;iguales y nun sentir que ye un mensaxe distante que s&#8217;unvia dende les instituciones el que fala por ti. Am\u00e1s, el fechu de ver a persones iguales a ti faciendo eses reivindicaciones, cala m\u00e1s nes persones y da-yos m\u00e1s sentimientu de pertenencia y d&#8217;autoestima. Por eso ta bien que s\u00edan les mesmes persones autistes les que se pongan al frente, que se autorepresenten\u201d.<\/em><\/p>\n<p>Puede ser daqu\u00e9 que nos xune y que nos fai sentinos menos solos<\/p>\n<p><strong>Non toes sienten &#8216;arguyu&#8217;. <\/strong>El d\u00eda del arguyu autista ye un movimientu col que non toles persones nel ampliu espectru de la TEA identif\u00edquense, sobremanera porque munches d&#8217;elles tienen complic\u00e1u&#8217;l poder falar en primer persona, que tienen una gran discapacid\u00e1, \u201cmunches families o persones nun se sienten venceyaes, nin llamaes nin apellaes per esti d\u00eda\u201d, reconoz Verde, \u201cquiciabes porque nun cunten con sofitu abondu como pa llegar a esi nivel de comprensi\u00f3n, nun-y dan importancia d&#8217;esta reivindicaci\u00f3n social. Y dempu\u00e9s t\u00e1n les sos families, qu&#8217;en munchos casos son quien los representen y nun sienten que s&#8217;aplique a la realid\u00e1 del mio f\u00edu, o nun lo viven con un arguyu. Pero ye normal, pasa en tolos colectivos\u201d, asegura Mar\u00eda Verde.<\/p>\n<p>Un xuguete sensorial y\u00a0antiestr\u00e9s que representa al autismu en manos d&#8217;un home.<\/p>\n<p>Mar\u00eda Uvi\u00e9u, que s&#8217;identifica sobremanera col t\u00e9rminu \u2018muyer nel espectru\u2019, s\u00ed reconoz qu&#8217;un movimientu como esti, ayudar\u00edalu, cuando, con 14 a\u00f1os, nun ye que fuera una tema tab\u00fa o que nun se-yos dexara falar d&#8217;ello, sin\u00f3n que yera una tema inesistente\u2019, <em>\u201clos t\u00e9rminos autismu o Asperxar yeren poco conoc\u00edos y poco estudiaos, especialmente ente les muyeres, porque am\u00e1s amazcar\u00e1bamos enforma. La xente nun sab\u00eda qu\u00e9 yera l&#8217;autismu, y lo poco que sab\u00eden asitiase en clix\u00e9s, como que toes son persones non verbales, con conductes bien err\u00e1tiques, como ne\u00f1os grandes\u2026 Angua\u00f1o toi contenta porque puede falase d&#8217;esto, est\u00fadiase m\u00e1s, sof\u00edtase m\u00e1s a les families\u201d.<\/em><\/p>\n","protected":false},"excerpt":{"rendered":"<p>El 18 de xunu nun ye un d\u00eda m\u00e1s nel calendariu para miles de persones nel mundu que s&#8217;identifiquen col espectru autista. Ye una xornada para&#8217;l sentimientu de pertenencia y d&#8217;autoestima. Dende fai casi dos d\u00e9cades, esta fecha representa una afirmaci\u00f3n d&#8217;identid\u00e1 y un actu de resistencia frente a los prexuicios. Ye un d\u00eda de [&hellip;]<\/p>\n","protected":false},"author":117,"featured_media":0,"comment_status":"open","ping_status":"open","sticky":false,"template":"","format":"standard","meta":{"footnotes":""},"categories":[6],"tags":[],"class_list":["post-51032","post","type-post","status-publish","format-standard","hentry","category-dia-de"],"_links":{"self":[{"href":"https:\/\/edublog.educastur.es\/ixuxu\/wp-json\/wp\/v2\/posts\/51032","targetHints":{"allow":["GET"]}}],"collection":[{"href":"https:\/\/edublog.educastur.es\/ixuxu\/wp-json\/wp\/v2\/posts"}],"about":[{"href":"https:\/\/edublog.educastur.es\/ixuxu\/wp-json\/wp\/v2\/types\/post"}],"author":[{"embeddable":true,"href":"https:\/\/edublog.educastur.es\/ixuxu\/wp-json\/wp\/v2\/users\/117"}],"replies":[{"embeddable":true,"href":"https:\/\/edublog.educastur.es\/ixuxu\/wp-json\/wp\/v2\/comments?post=51032"}],"version-history":[{"count":7,"href":"https:\/\/edublog.educastur.es\/ixuxu\/wp-json\/wp\/v2\/posts\/51032\/revisions"}],"predecessor-version":[{"id":51052,"href":"https:\/\/edublog.educastur.es\/ixuxu\/wp-json\/wp\/v2\/posts\/51032\/revisions\/51052"}],"wp:attachment":[{"href":"https:\/\/edublog.educastur.es\/ixuxu\/wp-json\/wp\/v2\/media?parent=51032"}],"wp:term":[{"taxonomy":"category","embeddable":true,"href":"https:\/\/edublog.educastur.es\/ixuxu\/wp-json\/wp\/v2\/categories?post=51032"},{"taxonomy":"post_tag","embeddable":true,"href":"https:\/\/edublog.educastur.es\/ixuxu\/wp-json\/wp\/v2\/tags?post=51032"}],"curies":[{"name":"wp","href":"https:\/\/api.w.org\/{rel}","templated":true}]}}