{"id":51058,"date":"2025-06-18T13:15:46","date_gmt":"2025-06-18T11:15:46","guid":{"rendered":"https:\/\/edublog.educastur.es\/ixuxu\/?p=51058"},"modified":"2025-06-18T13:16:58","modified_gmt":"2025-06-18T11:16:58","slug":"i-congresu-i-vulnerom-vulnerabilidaes-sociollinguistiques-nel-espaciu-romance","status":"publish","type":"post","link":"https:\/\/edublog.educastur.es\/ixuxu\/2025\/06\/i-congresu-i-vulnerom-vulnerabilidaes-sociollinguistiques-nel-espaciu-romance\/","title":{"rendered":"\u00abI Congresu I. VulneRom: vulnerabilidaes sociolling\u00fc\u00edstiques nel espaciu romance\u00bb"},"content":{"rendered":"<div class=\"html-div xdj266r x14z9mp xat24cr x1lziwak xexx8yu x1a8lsjc xf7dkkf xv54qhq\">\n<div class=\"html-div xdj266r x14z9mp xat24cr x1lziwak xexx8yu xyri2b x18d9i69 x1c1uobl x1jx94hy x78zum5 x1q0g3np\">\n<div class=\"x78zum5 xdt5ytf xz62fqu x16ldp7u\">\n<div class=\"xu06os2 x1ok221b\">\n<div class=\"html-div xdj266r x14z9mp xat24cr x1lziwak xexx8yu xyri2b x18d9i69 x1c1uobl\" data-ad-rendering-role=\"profile_name\">\n<ul>\n<li class=\"html-h3 x14z9mp xat24cr x1lziwak xexx8yu xyri2b x18d9i69 x1c1uobl x1vvkbs x1heor9g x1qlqyl8 x1pd3egz x1a2a7pz x1gslohp x1yc453h\"><span class=\"x1lliihq x6ikm8r x10wlt62 x1n2onr6\"><span class=\"xt0psk2\"><a class=\"x1i10hfl xjbqb8w x1ejq31n x18oe1m7 x1sy0etr xstzfhl x972fbf x10w94by x1qhh985 x14e42zd x9f619 x1ypdohk xt0psk2 xe8uvvx xdj266r x14z9mp xat24cr x1lziwak xexx8yu xyri2b x18d9i69 x1c1uobl x16tdsg8 x1hl2dhg xggy1nq x1a2a7pz xkrqix3 x1sur9pj xzsf02u x1s688f\" role=\"link\" href=\"https:\/\/www.facebook.com\/profile.php?id=100063548738482&amp;__cft__[0]=AZUs-d3X_BRoM9K3GFO-KRieC0TjlaNfchB-7Wuqf9IjANzv0BBbk2Mftqd45wv9mOyC5JhfnRB5ekOZF8Ua4ZHC1EMJ1NvSW2-JG01ZZ5w2AMpaNxvHGmRzclGClrUFw-TdcUpZgDzly14sP5n8SR9R0HdNwzdKOnACNG__46pGvXYmn4KJkrXLgkevnic2wM5gR1VBqoqJa5rpj-9fyrEwD38ms3PHxrIm_lYceO3xvA&amp;__tn__=-UC%2CP-y-R\"><strong class=\"html-strong xdj266r x14z9mp xat24cr x1lziwak xexx8yu xyri2b x18d9i69 x1c1uobl x1hl2dhg x16tdsg8 x1vvkbs x1s688f\"><span class=\"html-span xdj266r x14z9mp xat24cr x1lziwak xexx8yu xyri2b x18d9i69 x1c1uobl x1hl2dhg x16tdsg8 x1vvkbs\">Seminariu de Filolox\u00eda Asturiana<\/span><\/strong><\/a><\/span><\/span>\/<a href=\"https:\/\/vulnerom2025.sciencesconf.org\/\"><strong> web<\/strong><\/a> \/ <a href=\"https:\/\/vulnerom2025.sciencesconf.org\/data\/pages\/I_Congreso_Internacional_VulneRom_Programa_definitivo.pdf\">Programa definitivu.pdf<\/a>&nbsp;<\/li>\n<\/ul>\n<\/div>\n<\/div>\n<div class=\"xu06os2 x1ok221b\">\n<div class=\"html-div xdj266r x14z9mp xat24cr x1lziwak xexx8yu xyri2b x18d9i69 x1c1uobl x1q0g3np\" style=\"text-align: center\"><a href=\"https:\/\/vulnerom2025.sciencesconf.org\/data\/header\/2025_05_23_Congeso_VulneRom_WEB_CABECERA.jpg\"><img loading=\"lazy\" decoding=\"async\" class=\"aligncenter size-large\" src=\"https:\/\/vulnerom2025.sciencesconf.org\/data\/header\/2025_05_23_Congeso_VulneRom_WEB_CABECERA.jpg\" width=\"490\" height=\"231\" \/><\/a><\/div>\n<\/div>\n<\/div>\n<\/div>\n<\/div>\n<div class=\"html-div xdj266r x14z9mp xat24cr x1lziwak xexx8yu xyri2b x18d9i69 x1c1uobl\" dir=\"auto\">\n<div class=\"html-div xdj266r x14z9mp xat24cr x1lziwak xexx8yu xyri2b x18d9i69 x1c1uobl\" dir=\"auto\">\n<div class=\"html-div xdj266r x14z9mp xat24cr x1lziwak xexx8yu xyri2b x18d9i69 x1c1uobl\" data-ad-rendering-role=\"story_message\">\n<div class=\"x1l90r2v x1iorvi4 x1g0dm76 xpdmqnj\" data-ad-comet-preview=\"message\" data-ad-preview=\"message\">\n<div class=\"x78zum5 xdt5ytf xz62fqu x16ldp7u\">\n<div class=\"xu06os2 x1ok221b\">\n<div class=\"html-div xdj266r x14z9mp xat24cr x1lziwak xexx8yu xyri2b x18d9i69 x1c1uobl\">\n<div class=\"x14z9mp xat24cr x1lziwak x1vvkbs xtlvy1s x126k92a\">\n<ul>\n<li dir=\"auto\">Los d\u00edes 19 y 20 de xunu cel\u00e9brase, na Universid\u00e1 d\u2019Uvi\u00e9u, el <span style=\"color: #008080\"><strong>\u00abI Congresu Internacional VulneRom: vulnerabilidaes sociolling\u00fc\u00edstiques nel espaciu romance\u00bb<\/strong><\/span>. La entrada ye llibre pa cualquier persona que-y preste asistir.<\/li>\n<\/ul>\n<\/div>\n<div class=\"x14z9mp xat24cr x1lziwak x1vvkbs xtlvy1s x126k92a\">\n<ul>\n<li dir=\"auto\">Esti alcuentru ded\u00edcase a la situaci\u00f3n de les lling\u00fces rom\u00e1niques minorizaes y en peligru, <span style=\"color: #008080\"><strong>ente les que ta l\u2019asturianu. Falarase del asturianu y del gallegu d&#8217;Asturies.<\/strong><\/span><\/li>\n<\/ul>\n<p><!--more--><\/p>\n<\/div>\n<div class=\"x14z9mp xat24cr x1lziwak x1vvkbs xtlvy1s x126k92a\">\n<ul>\n<li dir=\"auto\">El congresu cel\u00e9brase nel Sal\u00f3n d\u2019Actos del Edificiu Alministrativu del Campus del Mil\u00e1n o de Santuyano (Uvi\u00e9u), onde la Facult\u00e1 de Filosof\u00eda y Lletres. Organ\u00edcenlu la Universid\u00e1 d\u2019Uvi\u00e9u (Departamentu de Filolox\u00eda Cl\u00e1sica y Rom\u00e1nica) y la Universit\u00e9 de Montpellier Paul-Val\u00e9ry.<\/li>\n<li dir=\"auto\">Collaboren tami\u00e9n el Seminariu de Filolox\u00eda Asturiana, l\u2019Institut Occitan de Cultura, la Conseyer\u00eda de Cultura, Pol\u00edtica Lling\u00fc\u00edstica y Deporte, y la Socied\u00e1 Espa\u00f1ola de Filolox\u00eda Rom\u00e1nica.<\/li>\n<\/ul>\n<\/div>\n<div class=\"x14z9mp xat24cr x1lziwak x1vvkbs xtlvy1s x126k92a\">\n<ul>\n<li dir=\"auto\"><span style=\"color: #008080\">El congresu tien 45 sesiones, ente conferencies plenares, comunicaciones y meses redondes. Am\u00e1s de la problem\u00e1tica xeneral, va falase de les siguientes lling\u00fces:<\/span><\/li>\n<\/ul>\n<\/div>\n<div class=\"x14z9mp xat24cr x1lziwak x1vvkbs xtlvy1s x126k92a\">\n<div dir=\"auto\"><em><span style=\"color: #008080\">\u2013Asturianu.<\/span><\/em><\/div>\n<div dir=\"auto\"><em>\u2013Gallegoportugu\u00e9s de Galicia, del Eo-Navia (Asturies) y de X\u00e1lima (Estremadura).<\/em><\/div>\n<div dir=\"auto\"><em>\u2013Aragon\u00e9s.<\/em><\/div>\n<div dir=\"auto\"><em>\u2013Occitanu d\u2019Occitania, del Valle d\u2019Ar\u00e1n y d\u2019Italia.<\/em><\/div>\n<div dir=\"auto\"><em>\u2013V\u00e9netu.<\/em><\/div>\n<div dir=\"auto\"><em>\u2013Lling\u00fces minorizaes de Francia.<\/em><\/div>\n<div dir=\"auto\"><em>\u2013Francoprovenzal.<\/em><\/div>\n<div dir=\"auto\"><em>\u2013Corsu.<\/em><\/div>\n<div dir=\"auto\"><em>\u2013Rumanu de Moldavia.<\/em><\/div>\n<div dir=\"auto\"><\/div>\n<\/div>\n<div class=\"x14z9mp xat24cr x1lziwak x1vvkbs xtlvy1s x126k92a\">\n<div dir=\"auto\"><\/div>\n<\/div>\n<div class=\"x14z9mp xat24cr x1lziwak x1vvkbs xtlvy1s x126k92a\">\n<ul>\n<li dir=\"auto\"><span style=\"color: #008080\"><strong>Sobre l\u2019asturianu t\u00e1n programaes les siguientes sesiones:<\/strong><\/span><\/li>\n<\/ul>\n<\/div>\n<div class=\"x14z9mp xat24cr x1lziwak x1vvkbs xtlvy1s x126k92a\">\n<div dir=\"auto\">\u25cfConferencia plenaria: Ram\u00f3n d\u2019Andr\u00e9s (Universid\u00e1 d\u2019Uvi\u00e9u): \u00abL\u2019est\u00e1ndar asturianu y la so relaci\u00f3n col dialectu-base y les dem\u00e1s variedaes\u00bb.<\/div>\n<\/div>\n<div class=\"x14z9mp xat24cr x1lziwak x1vvkbs xtlvy1s x126k92a\">\n<div dir=\"auto\">\u25cfGonzalo Llamedo Pandiella (Universid\u00e1 d\u2019Uvi\u00e9u): \u00abUna mirada glotopol\u00edtica al asociacionismu en favor del asturianu\u00bb.<\/div>\n<\/div>\n<div class=\"x14z9mp xat24cr x1lziwak x1vvkbs xtlvy1s x126k92a\">\n<div dir=\"auto\">\u25cfAdri\u00e1n Mart\u00ednez Exp\u00f3sito (Universid\u00e1 d\u2019Uvi\u00e9u): \u00abDe la lliteratura reivindicativa a la reivindicaci\u00f3n de la lliteratura. La poes\u00eda n\u2019asturianu de Fern\u00e1n-Coronas como ferramienta de normalizaci\u00f3n lling\u00fc\u00edstica\u00bb.<\/div>\n<\/div>\n<div class=\"x14z9mp xat24cr x1lziwak x1vvkbs xtlvy1s x126k92a\">\n<div dir=\"auto\">\u25cfMiguel Rodr\u00edguez Monteavaro &amp; Ram\u00f3n d\u2019Andr\u00e9s (Universid\u00e1 d\u2019Uvi\u00e9u): presentaci\u00f3n del llibru \u00abLa diversid\u00e1 lling\u00fc\u00edstica d\u2019Espa\u00f1a y d\u2019Asturies. Encuesta na ciud\u00e1 de Xix\u00f3n\u00bb (Editorial Trabe, 2017).<\/div>\n<\/div>\n<div class=\"x14z9mp xat24cr x1lziwak x1vvkbs xtlvy1s x126k92a\">\n<div dir=\"auto\">\u25cfElena \u00c1lvarez Rodr\u00edguez (Universid\u00e1 d\u2019Uvi\u00e9u): \u00abLlingua y moced\u00e1: l\u2019usu del asturianu nos espacios culturales xuveniles\u00bb.<\/div>\n<div dir=\"auto\"><\/div>\n<\/div>\n<div class=\"x14z9mp xat24cr x1lziwak x1vvkbs xtlvy1s x126k92a\">\n<ul>\n<li dir=\"auto\"><span style=\"color: #008080\"><strong>SESIONES SOBRE\u2019L GALLEGU D\u2019ASTURIES<\/strong><\/span><\/li>\n<\/ul>\n<\/div>\n<div class=\"x14z9mp xat24cr x1lziwak x1vvkbs xtlvy1s x126k92a\">\n<div dir=\"auto\">\u25cfAlberte Facal Malvar y Xos\u00e9 Henrique Costas Gonz\u00e1lez (Universidade de Vigo): \u00abSituaci\u00f3n socioling\u00fc\u00edstica do galego-asturiano na comarca do Eo-Navia: percepci\u00f3ns e actitudes da poboaci\u00f3n\u00bb.<\/div>\n<\/div>\n<div class=\"x14z9mp xat24cr x1lziwak x1vvkbs xtlvy1s x126k92a\">\n<div dir=\"auto\">\u25cfNatalia Jard\u00f3n P\u00e9rez y Xos\u00e9 Henrique Costas Gonz\u00e1lez (Universitat Aut\u00f2noma de Barcelona y Central European University \/ Universidade de Vigo): \u00abA lingua m\u00e1is vulnerable de Asturias: el galego del EoNavia\u00bb.<\/div>\n<\/div>\n<div class=\"x14z9mp xat24cr x1lziwak x1vvkbs xtlvy1s x126k92a\">\n<div dir=\"auto\">\u25cfEnrique Gonz\u00e1lez \u00c1lvarez y Natalia Jard\u00f3n P\u00e9rez (Axuntar: Asociaci\u00f3n pr\u00e1 normalizaci\u00f3n del galego de Asturias \/ Universitat Aut\u00f2noma de Barcelona y Central European University): \u00abIniciativas da asociaci\u00f3n Axuntar en defensa da Asturias galegofalante\u00bb.<\/div>\n<\/div>\n<div class=\"x14z9mp xat24cr x1lziwak x1vvkbs xtlvy1s x126k92a\">\n<div dir=\"auto\">\u25cfLucas Vega Villabrille (Universid\u00e1 d\u2019Uvi\u00e9u): \u00abConsideraciones en torno al gallego-asturiano desde su literatura\u00bb.<\/div>\n<\/div>\n<div class=\"x14z9mp xat24cr x1lziwak x1vvkbs xtlvy1s x126k92a\">\n<div dir=\"auto\">\u25cfPablo Trabadelo Vilabrille (Estudiante UNED): \u00abCreencias ling\u00fc\u00edsticas y competencia metaling\u00fc\u00edstica en adolescentes de Oscos-Eo: acercamiento cr\u00edtico a la doble diglosia del gallego en Asturias\u00bb.<\/div>\n<\/div>\n<div class=\"x14z9mp xat24cr x1lziwak x1vvkbs xtlvy1s x126k92a\">\n<div dir=\"auto\">L&#8217;enllaz a la web del congresu \u00abVulneRom\u00bb pod\u00e9is atopalu abaxo en segundu comentariu.<\/div>\n<\/div>\n<\/div>\n<\/div>\n<\/div>\n<\/div>\n<\/div>\n<\/div>\n<\/div>\n<p>&nbsp;<\/p>\n","protected":false},"excerpt":{"rendered":"<p>Seminariu de Filolox\u00eda Asturiana\/ web \/ Programa definitivu.pdf&nbsp; Los d\u00edes 19 y 20 de xunu cel\u00e9brase, na Universid\u00e1 d\u2019Uvi\u00e9u, el \u00abI Congresu Internacional VulneRom: vulnerabilidaes sociolling\u00fc\u00edstiques nel espaciu romance\u00bb. La entrada ye llibre pa cualquier persona que-y preste asistir. Esti alcuentru ded\u00edcase a la situaci\u00f3n de les lling\u00fces rom\u00e1niques minorizaes y en peligru, ente les [&hellip;]<\/p>\n","protected":false},"author":117,"featured_media":0,"comment_status":"open","ping_status":"open","sticky":false,"template":"","format":"standard","meta":{"footnotes":""},"categories":[397],"tags":[],"class_list":["post-51058","post","type-post","status-publish","format-standard","hentry","category-congresu"],"_links":{"self":[{"href":"https:\/\/edublog.educastur.es\/ixuxu\/wp-json\/wp\/v2\/posts\/51058","targetHints":{"allow":["GET"]}}],"collection":[{"href":"https:\/\/edublog.educastur.es\/ixuxu\/wp-json\/wp\/v2\/posts"}],"about":[{"href":"https:\/\/edublog.educastur.es\/ixuxu\/wp-json\/wp\/v2\/types\/post"}],"author":[{"embeddable":true,"href":"https:\/\/edublog.educastur.es\/ixuxu\/wp-json\/wp\/v2\/users\/117"}],"replies":[{"embeddable":true,"href":"https:\/\/edublog.educastur.es\/ixuxu\/wp-json\/wp\/v2\/comments?post=51058"}],"version-history":[{"count":3,"href":"https:\/\/edublog.educastur.es\/ixuxu\/wp-json\/wp\/v2\/posts\/51058\/revisions"}],"predecessor-version":[{"id":51062,"href":"https:\/\/edublog.educastur.es\/ixuxu\/wp-json\/wp\/v2\/posts\/51058\/revisions\/51062"}],"wp:attachment":[{"href":"https:\/\/edublog.educastur.es\/ixuxu\/wp-json\/wp\/v2\/media?parent=51058"}],"wp:term":[{"taxonomy":"category","embeddable":true,"href":"https:\/\/edublog.educastur.es\/ixuxu\/wp-json\/wp\/v2\/categories?post=51058"},{"taxonomy":"post_tag","embeddable":true,"href":"https:\/\/edublog.educastur.es\/ixuxu\/wp-json\/wp\/v2\/tags?post=51058"}],"curies":[{"name":"wp","href":"https:\/\/api.w.org\/{rel}","templated":true}]}}