{"id":51095,"date":"2025-06-18T14:37:21","date_gmt":"2025-06-18T12:37:21","guid":{"rendered":"https:\/\/edublog.educastur.es\/ixuxu\/?p=51095"},"modified":"2025-06-18T14:37:21","modified_gmt":"2025-06-18T12:37:21","slug":"arrincal-branu-nel-botanicu-de-xixon-21-y-22-de-xunu","status":"publish","type":"post","link":"https:\/\/edublog.educastur.es\/ixuxu\/2025\/06\/arrincal-branu-nel-botanicu-de-xixon-21-y-22-de-xunu\/","title":{"rendered":"Arrinca&#8217;l Branu nel Bot\u00e1nicu de Xix\u00f3n: 21 y 22 de xunu."},"content":{"rendered":"<div class=\"html-div xdj266r x14z9mp xat24cr x1lziwak xexx8yu x1a8lsjc xf7dkkf xv54qhq\">\n<div class=\"html-div xdj266r x14z9mp xat24cr x1lziwak xexx8yu xyri2b x18d9i69 x1c1uobl x1jx94hy x78zum5 x1q0g3np\">\n<div class=\"x78zum5 xdt5ytf xz62fqu x16ldp7u\">\n<div class=\"xu06os2 x1ok221b\">\n<div class=\"html-div xdj266r x14z9mp xat24cr x1lziwak xexx8yu xyri2b x18d9i69 x1c1uobl x1q0g3np\" style=\"text-align: center\"><a href=\"https:\/\/drupal.gijon.es\/sites\/default\/files\/styles\/imagen_4_3\/public\/2025-05\/imagen-principal-evento-540x405140.jpg\"><img loading=\"lazy\" decoding=\"async\" class=\"aligncenter size-large\" src=\"https:\/\/drupal.gijon.es\/sites\/default\/files\/styles\/imagen_4_3\/public\/2025-05\/imagen-principal-evento-540x405140.jpg\" width=\"539\" height=\"405\" \/><\/a><\/div>\n<div><\/div>\n<\/div>\n<\/div>\n<\/div>\n<\/div>\n<div class=\"html-div xdj266r x14z9mp xat24cr x1lziwak xexx8yu xyri2b x18d9i69 x1c1uobl\" dir=\"auto\">\n<div class=\"html-div xdj266r x14z9mp xat24cr x1lziwak xexx8yu xyri2b x18d9i69 x1c1uobl\" dir=\"auto\">\n<div class=\"html-div xdj266r x14z9mp xat24cr x1lziwak xexx8yu xyri2b x18d9i69 x1c1uobl\" data-ad-rendering-role=\"story_message\">\n<div class=\"x1l90r2v x1iorvi4 x1g0dm76 xpdmqnj\" data-ad-comet-preview=\"message\" data-ad-preview=\"message\">\n<div class=\"x78zum5 xdt5ytf xz62fqu x16ldp7u\">\n<div class=\"xu06os2 x1ok221b\">\n<div class=\"html-div xdj266r x14z9mp xat24cr x1lziwak xexx8yu xyri2b x18d9i69 x1c1uobl\">\n<div class=\"xdj266r x14z9mp xat24cr x1lziwak x1vvkbs x126k92a\">\n<div dir=\"auto\"><span class=\"html-span xexx8yu xyri2b x18d9i69 x1c1uobl x1hl2dhg x16tdsg8 x1vvkbs x3nfvp2 x1j61x8r x1fcty0u xdj266r xat24cr xm2jcoa x1mpyi22 xxymvpz xlup9mm x1kky2od\"><img loading=\"lazy\" decoding=\"async\" class=\"xz74otr x15mokao x1ga7v0g x16uus16 xbiv7yw\" src=\"https:\/\/static.xx.fbcdn.net\/images\/emoji.php\/v9\/t1e\/1\/16\/1f33f.png\" alt=\"\ud83c\udf3f\" width=\"16\" height=\"16\" \/><\/span>\u00a0<strong> Esta fin de selmana vamos esfrutar del Solsticiu<\/strong>&#8216;: con yoga, conciertos, xuegos infantiles, teatru, yincanas familiares y circu. Del 16 de xunu &#8211; 21 setiembre: <a class=\"file file--mime-application-pdf file--application-pdf\" title=\"PROGRAMMA DE VERANO\" href=\"https:\/\/www.gijon.es\/\/sites\/default\/files\/inline-files\/programa_verano_2025.pdf\" data-entity-type=\"file\" data-entity-uuid=\"a230ca08-01fd-42db-b13d-f414f74b2d1f\"><strong>PROGRAMA DE VERANO<\/strong><\/a><\/div>\n<div dir=\"auto\">\n<div class=\"row\">\n<div class=\"col-md-6 offset-lg-1 col-lg-5 padding-50 infoRapida\">\n<p>Si ent\u00e1 acomu\u00f1es el branu cola galbana, ye porque nun pasasti pol Xard\u00edn Bot\u00e1nicu. Equ\u00ed siguimos el ritmu de les abeyes: cuanto meyor ye&#8217;l tiempu, m\u00e1s movemos. Angua\u00f1o tornamos con propuestes que y\u00e1 son cl\u00e1sicos del branu\u2026 y munches novedaes pensaes para tolos p\u00fablicos.<\/p>\n<p><!--more--><\/p>\n<p>Empezamos col Solsticiu, una celebraci\u00f3n que, como una meyora a lo que vien, axunta tolo bono del Bot\u00e1nicu: sesiones de yoga y relaxaci\u00f3n, xuegos infantiles, yincanas familiares, teatru para toles edaes, visites empuestes y, poques gracies, m\u00fasica. Enforma, muncha m\u00fasica.<\/p>\n<p>Pero g\u00fcei solo ye l&#8217;entamu. \u00bfTe pr\u00fai movete al ritmu d&#8217;un bon conciertu? Ent\u00f3s non te pierdas los directos na Terraza del Bot\u00e1nicu, pensaos para quien quieren tomase daqu\u00e9 mientres escuchen m\u00fasica y an\u00edmense a baillar. El ritmu nun acaba ende: tami\u00e9n vas poder esfrutar de les sesiones vespertines de\u00a0M\u00fasica nel Bot\u00e1nicu, con propuestes que van del jazz a la m\u00fasica cl\u00e1sica contemporanea.<\/p>\n<p>\u00bfTe intriga la vida qu&#8217;espierta cuando cai&#8217;l sol? Ent\u00f3s atr\u00e9vite cola Aventura Nocherniega\u00a0y qu\u00e9date a dormir nel Bot\u00e1nicu para escuchar los son\u00edos de la nueche. Y si prefieres reparar ensin movete del to asientu,\u00a0Nocturnia\u00a0te va averar les rapazos nocherniegues m\u00e1s impresionantes del mundu.<\/p>\n<p>Si lo tuyo ye&#8217;l teatru, preparar: va haber funciones para tolos p\u00fablicos, con y ensin palabres, tantu pela tarde mientres el Solsticiu\u00a0como so les estrelles, cuando les criatures de les Nueches M\u00e1xiques\u00a0salen a pasiar pol Xard\u00edn.<\/p>\n<p>Am\u00e1s de too esto, el Xard\u00edn ufierta acald\u00eda\u00a0visites empuestes gratuites\u00a0y una amplia ufierta de\u00a0campamentos de branu\u00a0para menores d&#8217;ente 3 y 12 a\u00f1os.<\/p>\n<ul>\n<li>Consulta tola programaci\u00f3n: <span class=\"html-span xexx8yu xyri2b x18d9i69 x1c1uobl x1hl2dhg x16tdsg8 x1vvkbs x3nfvp2 x1j61x8r x1fcty0u xdj266r xat24cr xm2jcoa x1mpyi22 xxymvpz xlup9mm x1kky2od\"><img loading=\"lazy\" decoding=\"async\" class=\"xz74otr x15mokao x1ga7v0g x16uus16 xbiv7yw\" src=\"https:\/\/static.xx.fbcdn.net\/images\/emoji.php\/v9\/t8e\/1\/16\/2139.png\" alt=\"\u2139\ufe0f\" width=\"16\" height=\"16\" \/><\/span><span class=\"html-span xexx8yu xyri2b x18d9i69 x1c1uobl x1hl2dhg x16tdsg8 x1vvkbs x3nfvp2 x1j61x8r x1fcty0u xdj266r xat24cr xm2jcoa x1mpyi22 xxymvpz xlup9mm x1kky2od\"><img loading=\"lazy\" decoding=\"async\" class=\"xz74otr x15mokao x1ga7v0g x16uus16 xbiv7yw\" src=\"https:\/\/static.xx.fbcdn.net\/images\/emoji.php\/v9\/t51\/1\/16\/1f449.png\" alt=\"\ud83d\udc49\" width=\"16\" height=\"16\" \/><\/span> <span class=\"html-span xdj266r x14z9mp xat24cr x1lziwak xexx8yu xyri2b x18d9i69 x1c1uobl x1hl2dhg x16tdsg8 x1vvkbs\"><a class=\"x1i10hfl xjbqb8w x1ejq31n x18oe1m7 x1sy0etr xstzfhl x972fbf x10w94by x1qhh985 x14e42zd x9f619 x1ypdohk xt0psk2 xe8uvvx xdj266r x14z9mp xat24cr x1lziwak xexx8yu xyri2b x18d9i69 x1c1uobl x16tdsg8 x1hl2dhg xggy1nq x1a2a7pz xkrqix3 x1sur9pj x1fey0fg x1s688f\" role=\"link\" href=\"https:\/\/l.facebook.com\/l.php?u=https%3A%2F%2Fwww.gijon.es%2Fes%2Feventos%2Fverano-en-el-botanico-2025%3Ffbclid%3DIwZXh0bgNhZW0CMTAAYnJpZBEwYkU1SGJPRlFqWndqTk91NwEeXdNyqG_6lQfVmWicO0ttxFuTyU6NVbyCGPhr5RXUa5X7pPukw5bHV9yAHyE_aem_Ygf6kts_bau8PULcXnRmaw&amp;h=AT3JpXEZtKxRM3mNaTOFn3XepLZtKx5j3rl7VemDHSaT2KuBG6I4i07YafaSRhWJNfsJgDATCOON8zZVL851i3sJWLNhwkJFL_0Zi14juMm5MncKLeMOVbQ83VOx2DrirkT41STtyXu9Lg&amp;__tn__=-UK-y-R&amp;c[0]=AT0ZL7IutCUtvcin74yEBAmP8wIGzUuuCzgDGwx4pRGIARfihelbDuRYwmOOt757rhKYZ_owcF3kyFgbfL3KgLjK02Z4nznVl2z_50ig1gsR4A4MxGC2WWq5g-YOF9d8EUxyr4DlGMcDLAf5eomHWa69EtqCHygVzfFKHVZTd9aOo1nSBGOaHo40T4lFJj55UlSnZfcEnPP20cg4Qitgvdbug3KFEwN84jayQontMqzIjWNEXlU\" target=\"_blank\" rel=\"nofollow noopener noreferrer\">https:\/\/www.gijon.es\/es\/eventos\/verano-en-el-botanico-2025<\/a><\/span><\/li>\n<\/ul>\n<p>&nbsp;<\/p>\n<\/div>\n<div class=\"col-md-6 offset-lg-1 col-lg-4 padding-50 img_4_3\"><\/div>\n<\/div>\n<div class=\"limpio\"><\/div>\n<section id=\"contenido_descriptivo\" class=\"padding-0\"><\/section>\n<section class=\"bg--secondary listado_eventos\">\n<div class=\"container\">\n<div class=\"row\">\n<div class=\"col-md-12\">\n<div class=\"heading-block\">\n<div class=\"h4\"><\/div>\n<\/div>\n<\/div>\n<\/div>\n<\/div>\n<\/section>\n<\/div>\n<\/div>\n<\/div>\n<\/div>\n<\/div>\n<\/div>\n<\/div>\n<\/div>\n<\/div>\n<p>&nbsp;<\/p>\n","protected":false},"excerpt":{"rendered":"<p>\u00a0 Esta fin de selmana vamos esfrutar del Solsticiu&#8216;: con yoga, conciertos, xuegos infantiles, teatru, yincanas familiares y circu. Del 16 de xunu &#8211; 21 setiembre: PROGRAMA DE VERANO Si ent\u00e1 acomu\u00f1es el branu cola galbana, ye porque nun pasasti pol Xard\u00edn Bot\u00e1nicu. Equ\u00ed siguimos el ritmu de les abeyes: cuanto meyor ye&#8217;l tiempu, m\u00e1s [&hellip;]<\/p>\n","protected":false},"author":117,"featured_media":0,"comment_status":"open","ping_status":"open","sticky":false,"template":"","format":"standard","meta":{"footnotes":""},"categories":[46],"tags":[],"class_list":["post-51095","post","type-post","status-publish","format-standard","hentry","category-estaciones"],"_links":{"self":[{"href":"https:\/\/edublog.educastur.es\/ixuxu\/wp-json\/wp\/v2\/posts\/51095","targetHints":{"allow":["GET"]}}],"collection":[{"href":"https:\/\/edublog.educastur.es\/ixuxu\/wp-json\/wp\/v2\/posts"}],"about":[{"href":"https:\/\/edublog.educastur.es\/ixuxu\/wp-json\/wp\/v2\/types\/post"}],"author":[{"embeddable":true,"href":"https:\/\/edublog.educastur.es\/ixuxu\/wp-json\/wp\/v2\/users\/117"}],"replies":[{"embeddable":true,"href":"https:\/\/edublog.educastur.es\/ixuxu\/wp-json\/wp\/v2\/comments?post=51095"}],"version-history":[{"count":1,"href":"https:\/\/edublog.educastur.es\/ixuxu\/wp-json\/wp\/v2\/posts\/51095\/revisions"}],"predecessor-version":[{"id":51096,"href":"https:\/\/edublog.educastur.es\/ixuxu\/wp-json\/wp\/v2\/posts\/51095\/revisions\/51096"}],"wp:attachment":[{"href":"https:\/\/edublog.educastur.es\/ixuxu\/wp-json\/wp\/v2\/media?parent=51095"}],"wp:term":[{"taxonomy":"category","embeddable":true,"href":"https:\/\/edublog.educastur.es\/ixuxu\/wp-json\/wp\/v2\/categories?post=51095"},{"taxonomy":"post_tag","embeddable":true,"href":"https:\/\/edublog.educastur.es\/ixuxu\/wp-json\/wp\/v2\/tags?post=51095"}],"curies":[{"name":"wp","href":"https:\/\/api.w.org\/{rel}","templated":true}]}}