{"id":51097,"date":"2025-06-18T14:40:27","date_gmt":"2025-06-18T12:40:27","guid":{"rendered":"https:\/\/edublog.educastur.es\/ixuxu\/?p=51097"},"modified":"2025-06-18T14:40:27","modified_gmt":"2025-06-18T12:40:27","slug":"fiesta-de-la-musica-21-de-xunu-en-xixon","status":"publish","type":"post","link":"https:\/\/edublog.educastur.es\/ixuxu\/2025\/06\/fiesta-de-la-musica-21-de-xunu-en-xixon\/","title":{"rendered":"Fiesta de la M\u00fasica, 21 de xunu, en Xix\u00f3n"},"content":{"rendered":"<div class=\"info ng-star-inserted\">\n<div class=\"ng-star-inserted\">La Fiesta de la M\u00fasica ye una celebraci\u00f3n internacional que tien llugar el 21 de xunu y que s&#8217;entama en m\u00e1s de 120 pa\u00edses de too el mundu. Tratar d&#8217;un eventu cultural que busca que los profesionales de la m\u00fasica puedan amosar y compartir el so trabayu en vivu cola ciudadan\u00eda nos espacios p\u00fablicos. Con ello pret\u00e9ndese poner en valor l&#8217;amplit\u00fa y la diversid\u00e1 de les pr\u00e1ctiques musicales, en tolos x\u00e9neros.<\/div>\n<\/div>\n<p style=\"text-align: center\"><a href=\"https:\/\/drupal.gijon.es\/sites\/default\/files\/styles\/imagen_4_3\/public\/2025-05\/Imagen%20web%20800%20x%20600%20px.png\"><img loading=\"lazy\" decoding=\"async\" class=\"aligncenter \" src=\"https:\/\/drupal.gijon.es\/sites\/default\/files\/styles\/imagen_4_3\/public\/2025-05\/Imagen%20web%20800%20x%20600%20px.png\" width=\"419\" height=\"314\" \/><\/a><\/p>\n<p><!--more--><\/p>\n<p>El precursor d&#8217;esta idea foi&#8217;l m\u00fasicu norteamericanu Joel Cohen, quien en 1976 promovio en Francia l&#8217;actuaci\u00f3n de distintos grupos mientres los dos solsticios que se celebren nel a\u00f1u. La Fiesta de la M\u00fasica\u00a0<strong>foi oficialmente instaurada en 1982<\/strong>, como un festival na cai que busca eponderar l&#8217;enorme poder de la m\u00fasica como una ferramienta d&#8217;entretenimientu, qu&#8217;arriquez la vida y facer m\u00e1s plena.<\/p>\n<p>La FMCE y UP prop\u00f3n para celebralo un programa que quier enllenar les cais, places y parques de Xix\u00f3n de m\u00fasica en directu, con una amuesa de distintos estilos que pon de manifiestu la creativid\u00e1 de los artistes locales y dexa l&#8217;esfrute de la cultura al campu.<\/p>\n<p>Puede descargar el folletu con tola programaci\u00f3n:\u00a0<a class=\"file file--mime-application-pdf file--application-pdf\" href=\"https:\/\/www.gijon.es\/\/sites\/default\/files\/inline-files\/DEFINITIVO%20BAJA%20Folleto%20D%C3%ADa%20de%20la%20M%C3%BAsica_2025_v6.pdf\" data-entity-type=\"file\" data-entity-uuid=\"f2be924f-17e1-475e-998b-6d9b806ceee3\">nesti enllaz<\/a>.<\/p>\n","protected":false},"excerpt":{"rendered":"<p>La Fiesta de la M\u00fasica ye una celebraci\u00f3n internacional que tien llugar el 21 de xunu y que s&#8217;entama en m\u00e1s de 120 pa\u00edses de too el mundu. Tratar d&#8217;un eventu cultural que busca que los profesionales de la m\u00fasica puedan amosar y compartir el so trabayu en vivu cola ciudadan\u00eda nos espacios p\u00fablicos. Con [&hellip;]<\/p>\n","protected":false},"author":117,"featured_media":0,"comment_status":"open","ping_status":"open","sticky":false,"template":"","format":"standard","meta":{"footnotes":""},"categories":[21,35,183],"tags":[],"class_list":["post-51097","post","type-post","status-publish","format-standard","hentry","category-fiestes","category-musica","category-xixon"],"_links":{"self":[{"href":"https:\/\/edublog.educastur.es\/ixuxu\/wp-json\/wp\/v2\/posts\/51097","targetHints":{"allow":["GET"]}}],"collection":[{"href":"https:\/\/edublog.educastur.es\/ixuxu\/wp-json\/wp\/v2\/posts"}],"about":[{"href":"https:\/\/edublog.educastur.es\/ixuxu\/wp-json\/wp\/v2\/types\/post"}],"author":[{"embeddable":true,"href":"https:\/\/edublog.educastur.es\/ixuxu\/wp-json\/wp\/v2\/users\/117"}],"replies":[{"embeddable":true,"href":"https:\/\/edublog.educastur.es\/ixuxu\/wp-json\/wp\/v2\/comments?post=51097"}],"version-history":[{"count":1,"href":"https:\/\/edublog.educastur.es\/ixuxu\/wp-json\/wp\/v2\/posts\/51097\/revisions"}],"predecessor-version":[{"id":51098,"href":"https:\/\/edublog.educastur.es\/ixuxu\/wp-json\/wp\/v2\/posts\/51097\/revisions\/51098"}],"wp:attachment":[{"href":"https:\/\/edublog.educastur.es\/ixuxu\/wp-json\/wp\/v2\/media?parent=51097"}],"wp:term":[{"taxonomy":"category","embeddable":true,"href":"https:\/\/edublog.educastur.es\/ixuxu\/wp-json\/wp\/v2\/categories?post=51097"},{"taxonomy":"post_tag","embeddable":true,"href":"https:\/\/edublog.educastur.es\/ixuxu\/wp-json\/wp\/v2\/tags?post=51097"}],"curies":[{"name":"wp","href":"https:\/\/api.w.org\/{rel}","templated":true}]}}