{"id":511,"date":"2020-05-09T09:38:31","date_gmt":"2020-05-09T09:38:31","guid":{"rendered":"https:\/\/edublog.educastur.es\/ixuxu\/?p=511"},"modified":"2020-08-24T19:39:01","modified_gmt":"2020-08-24T19:39:01","slug":"dia-deuropa","status":"publish","type":"post","link":"https:\/\/edublog.educastur.es\/ixuxu\/2020\/05\/dia-deuropa\/","title":{"rendered":"D\u00eda d\u00b4Europa"},"content":{"rendered":"<p><strong><em>\u00a0\u00a0\u00a0\u00a0\u00a0\u00a0\u00a0 #EuropeDay<\/em><\/strong><\/p>\n<p><a href=\"https:\/\/europa.eu\/european-union\/sites\/europaeu\/files\/docs\/body\/flag_yellow_high.jpg\" target=\"_blank\" rel=\"noopener noreferrer\"><img loading=\"lazy\" decoding=\"async\" class=\"\" src=\"https:\/\/europa.eu\/european-union\/sites\/europaeu\/files\/docs\/body\/flag_yellow_high.jpg\" width=\"304\" height=\"202\" \/><\/a><\/p>\n<p>Nel D\u00eda d\u2019Europa 2020, les instituciones de la UE quieren rindir homenaxe al travi\u00e9s de numberoses actividaes online.<\/p>\n<p>Pa saber m\u00e1s sobro les actividaes del <u><em>D\u00eda d\u2019Europa<\/em><\/u> qu\u2019entamen les nueses oficines na UE y el restu del mundu, convid\u00e1moste a visitar les sos p\u00e1xines web.<\/p>\n<p><img loading=\"lazy\" decoding=\"async\" src=\"https:\/\/europa.eu\/european-union\/sites\/europaeu\/files\/europe_day\/70-years-shuman-annivereray_es.jpg\" width=\"304\" height=\"171\" \/><br \/>\nEl <strong><a href=\"https:\/\/es.wikipedia.org\/wiki\/D%C3%ADa_de_Europa\" target=\"_blank\" rel=\"noopener noreferrer\"><u><em>D\u00eda d\u2019Europa <\/em><\/u><\/a><\/strong>cel\u00e9brase cada 9 de mayu la paz y l\u2019unid\u00e1 del continente. La fecha ye l\u2019aniversariu de la hist\u00f3rica declaraci\u00f3n de Schuman. Nun discursu pronunci\u00e1u en Par\u00eds<br \/>\nen 1950, el ministru franc\u00e9s d\u2019Asuntos Esteriores, <strong>Robert Schuman<\/strong>, espunxo la so idea d\u2019una nueva forma de cooperaci\u00f3n pol\u00edtica que fixera impensable un conflictu b\u00e9licu ente les naciones europees.<\/p>\n<p>Esa idea yera la d\u2019una instituci\u00f3n europea qu\u2019acomu\u00f1ara y xestionara la producci\u00f3n de carb\u00f3n y aceru. Xusto un a\u00f1u dempu\u00e9s robl\u00f3se\u2019l Trat\u00e1u pol que se creaba esa instituci\u00f3n. <u>La propuesta de Schuman consid\u00e9rase l\u2019empiezu de lo que ye g\u00fcei la Uni\u00f3n Europea.<\/u><\/p>\n<ul>\n<li><a href=\"http:\/\/europa.eu\/european-union\/documents-publications\/slide-presentations_es\">La <strong><em>UE<\/em><\/strong>: diapositives<\/a><\/li>\n<li><a href=\"https:\/\/europa.eu\/european-union\/about-eu\/symbols\/flag_es\" target=\"_blank\" rel=\"noopener noreferrer\">Bandera d\u00b4Europa <\/a><\/li>\n<\/ul>\n","protected":false},"excerpt":{"rendered":"<p>\u00a0\u00a0\u00a0\u00a0\u00a0\u00a0\u00a0 #EuropeDay Nel D\u00eda d\u2019Europa 2020, les instituciones de la UE quieren rindir homenaxe al travi\u00e9s de numberoses actividaes online. Pa saber m\u00e1s sobro les actividaes del D\u00eda d\u2019Europa qu\u2019entamen les nueses oficines na UE y el restu del mundu, convid\u00e1moste a visitar les sos p\u00e1xines web. El D\u00eda d\u2019Europa cel\u00e9brase cada 9 de mayu [&hellip;]<\/p>\n","protected":false},"author":117,"featured_media":0,"comment_status":"closed","ping_status":"open","sticky":false,"template":"","format":"standard","meta":{"footnotes":""},"categories":[6],"tags":[],"class_list":["post-511","post","type-post","status-publish","format-standard","hentry","category-dia-de"],"_links":{"self":[{"href":"https:\/\/edublog.educastur.es\/ixuxu\/wp-json\/wp\/v2\/posts\/511","targetHints":{"allow":["GET"]}}],"collection":[{"href":"https:\/\/edublog.educastur.es\/ixuxu\/wp-json\/wp\/v2\/posts"}],"about":[{"href":"https:\/\/edublog.educastur.es\/ixuxu\/wp-json\/wp\/v2\/types\/post"}],"author":[{"embeddable":true,"href":"https:\/\/edublog.educastur.es\/ixuxu\/wp-json\/wp\/v2\/users\/117"}],"replies":[{"embeddable":true,"href":"https:\/\/edublog.educastur.es\/ixuxu\/wp-json\/wp\/v2\/comments?post=511"}],"version-history":[{"count":1,"href":"https:\/\/edublog.educastur.es\/ixuxu\/wp-json\/wp\/v2\/posts\/511\/revisions"}],"predecessor-version":[{"id":512,"href":"https:\/\/edublog.educastur.es\/ixuxu\/wp-json\/wp\/v2\/posts\/511\/revisions\/512"}],"wp:attachment":[{"href":"https:\/\/edublog.educastur.es\/ixuxu\/wp-json\/wp\/v2\/media?parent=511"}],"wp:term":[{"taxonomy":"category","embeddable":true,"href":"https:\/\/edublog.educastur.es\/ixuxu\/wp-json\/wp\/v2\/categories?post=511"},{"taxonomy":"post_tag","embeddable":true,"href":"https:\/\/edublog.educastur.es\/ixuxu\/wp-json\/wp\/v2\/tags?post=511"}],"curies":[{"name":"wp","href":"https:\/\/api.w.org\/{rel}","templated":true}]}}