{"id":51105,"date":"2025-06-18T12:00:10","date_gmt":"2025-06-18T10:00:10","guid":{"rendered":"https:\/\/edublog.educastur.es\/ixuxu\/?p=51105"},"modified":"2025-06-18T20:37:10","modified_gmt":"2025-06-18T18:37:10","slug":"los-exconxuraos-reviven-en-llanera","status":"publish","type":"post","link":"https:\/\/edublog.educastur.es\/ixuxu\/2025\/06\/los-exconxuraos-reviven-en-llanera\/","title":{"rendered":"Los Exconxuraos reviven\u00a0en Llanera"},"content":{"rendered":"<div class=\"html-div xdj266r x14z9mp xat24cr x1lziwak xexx8yu xyri2b x18d9i69 x1c1uobl\">\n<div class=\"html-div xdj266r x14z9mp x1lziwak x18d9i69 x1cy8zhl x78zum5 x1q0g3np xod5an3 xz9dl7a x1g0dm76 xpdmqnj\">\n<div class=\"html-div xdj266r x14z9mp xat24cr x1lziwak xexx8yu xyri2b x18d9i69 x1c1uobl x1iyjqo2 xeuugli\">\n<div class=\"x78zum5 xdt5ytf xz62fqu x16ldp7u\">\n<div class=\"xu06os2 x1ok221b\">\n<div class=\"html-div xdj266r x14z9mp xat24cr x1lziwak xexx8yu xyri2b x18d9i69 x1c1uobl\" data-ad-rendering-role=\"profile_name\">\n<ul>\n<li id=\"_r_10a_\" class=\"html-h2 x14z9mp xat24cr x1lziwak xexx8yu xyri2b x18d9i69 x1c1uobl x1vvkbs x1heor9g x1qlqyl8 x1pd3egz x1a2a7pz x1gslohp x1yc453h\"><span class=\"xt0psk2\"><a class=\"x1i10hfl xjbqb8w x1ejq31n x18oe1m7 x1sy0etr xstzfhl x972fbf x10w94by x1qhh985 x14e42zd x9f619 x1ypdohk xt0psk2 xe8uvvx xdj266r x14z9mp xat24cr x1lziwak xexx8yu xyri2b x18d9i69 x1c1uobl x16tdsg8 x1hl2dhg xggy1nq x1a2a7pz xkrqix3 x1sur9pj xzsf02u x1s688f\" role=\"link\" href=\"https:\/\/www.facebook.com\/RTPAoficial?__cft__[0]=AZU7BegHLYae014bLJPHPFfbrfeaz0gr3AaSKbGBIWXeIQSL0P-Mdr5h7TGIhiBGwv1mdkVwnSXXP9L3FA-deB0GLZgp3KWWo-Xa_PrzNWxfxHHCuPvdFbV3FbC2WYbFwOWVowZ_vSu_sinO-FJQxqLN9GZ9DtKrEtT_H3wS6pBsJXu2UxlCeQRzEpfndy1PZ6Y89H_KafUv0cT4jyE7f-_P&amp;__tn__=-UC%2CP-R\"><strong class=\"html-strong xdj266r x14z9mp xat24cr x1lziwak xexx8yu xyri2b x18d9i69 x1c1uobl x1hl2dhg x16tdsg8 x1vvkbs x1s688f\"><span class=\"html-span xdj266r x14z9mp xat24cr x1lziwak xexx8yu xyri2b x18d9i69 x1c1uobl x1hl2dhg x16tdsg8 x1vvkbs\">Radiotelevisi\u00f3n del Principado de Asturias<\/span><\/strong><\/a><\/span><\/li>\n<\/ul>\n<\/div>\n<\/div>\n<div class=\"xu06os2 x1ok221b\">\n<div id=\"_r_10b_\" class=\"html-div xdj266r x14z9mp xat24cr x1lziwak xexx8yu xyri2b x18d9i69 x1c1uobl x1q0g3np\"><span class=\"html-span xexx8yu xyri2b x18d9i69 x1c1uobl x1hl2dhg x16tdsg8 x1vvkbs x3nfvp2 x1j61x8r x1fcty0u xdj266r xat24cr xm2jcoa x1mpyi22 xxymvpz xlup9mm x1kky2od\"><img loading=\"lazy\" decoding=\"async\" class=\"xz74otr x15mokao x1ga7v0g x16uus16 xbiv7yw\" src=\"https:\/\/static.xx.fbcdn.net\/images\/emoji.php\/v9\/t95\/1\/16\/1f3f0.png\" alt=\"\ud83c\udff0\" width=\"16\" height=\"16\" \/><\/span><span class=\"html-span xexx8yu xyri2b x18d9i69 x1c1uobl x1hl2dhg x16tdsg8 x1vvkbs x3nfvp2 x1j61x8r x1fcty0u xdj266r xat24cr xm2jcoa x1mpyi22 xxymvpz xlup9mm x1kky2od\"><img loading=\"lazy\" decoding=\"async\" class=\"xz74otr x15mokao x1ga7v0g x16uus16 xbiv7yw\" src=\"https:\/\/static.xx.fbcdn.net\/images\/emoji.php\/v9\/t49\/1\/16\/1f4da.png\" alt=\"\ud83d\udcda\" width=\"16\" height=\"16\" \/><\/span>Los<strong> Exconxuraos<\/strong> reviven\u00a0en Llanera con m\u00e1s de 600 escolares convert\u00edos en protagonistes de la so hestoria. <span class=\"html-span xdj266r x14z9mp xat24cr x1lziwak xexx8yu xyri2b x18d9i69 x1c1uobl x1hl2dhg x16tdsg8 x1vvkbs\"><a class=\"x1i10hfl xjbqb8w x1ejq31n x18oe1m7 x1sy0etr xstzfhl x972fbf x10w94by x1qhh985 x14e42zd x9f619 x1ypdohk xt0psk2 xe8uvvx xdj266r x14z9mp xat24cr x1lziwak xexx8yu xyri2b x18d9i69 x1c1uobl x16tdsg8 x1hl2dhg xggy1nq x1a2a7pz xkrqix3 x1sur9pj x1fey0fg x1s688f\" role=\"link\" href=\"https:\/\/www.facebook.com\/hashtag\/exconxuraos?__eep__=6&amp;__cft__[0]=AZU7BegHLYae014bLJPHPFfbrfeaz0gr3AaSKbGBIWXeIQSL0P-Mdr5h7TGIhiBGwv1mdkVwnSXXP9L3FA-deB0GLZgp3KWWo-Xa_PrzNWxfxHHCuPvdFbV3FbC2WYbFwOWVowZ_vSu_sinO-FJQxqLN9GZ9DtKrEtT_H3wS6pBsJXu2UxlCeQRzEpfndy1PZ6Y89H_KafUv0cT4jyE7f-_P&amp;__tn__=*NK-R\">#Exconxuraos<\/a><\/span> <span class=\"html-span xdj266r x14z9mp xat24cr x1lziwak xexx8yu xyri2b x18d9i69 x1c1uobl x1hl2dhg x16tdsg8 x1vvkbs\"><a class=\"x1i10hfl xjbqb8w x1ejq31n x18oe1m7 x1sy0etr xstzfhl x972fbf x10w94by x1qhh985 x14e42zd x9f619 x1ypdohk xt0psk2 xe8uvvx xdj266r x14z9mp xat24cr x1lziwak xexx8yu xyri2b x18d9i69 x1c1uobl x16tdsg8 x1hl2dhg xggy1nq x1a2a7pz xkrqix3 x1sur9pj x1fey0fg x1s688f\" role=\"link\" href=\"https:\/\/www.facebook.com\/hashtag\/llanera?__eep__=6&amp;__cft__[0]=AZU7BegHLYae014bLJPHPFfbrfeaz0gr3AaSKbGBIWXeIQSL0P-Mdr5h7TGIhiBGwv1mdkVwnSXXP9L3FA-deB0GLZgp3KWWo-Xa_PrzNWxfxHHCuPvdFbV3FbC2WYbFwOWVowZ_vSu_sinO-FJQxqLN9GZ9DtKrEtT_H3wS6pBsJXu2UxlCeQRzEpfndy1PZ6Y89H_KafUv0cT4jyE7f-_P&amp;__tn__=*NK-R\">#Llanera<\/a><\/span> <span class=\"html-span xdj266r x14z9mp xat24cr x1lziwak xexx8yu xyri2b x18d9i69 x1c1uobl x1hl2dhg x16tdsg8 x1vvkbs\"><a class=\"x1i10hfl xjbqb8w x1ejq31n x18oe1m7 x1sy0etr xstzfhl x972fbf x10w94by x1qhh985 x14e42zd x9f619 x1ypdohk xt0psk2 xe8uvvx xdj266r x14z9mp xat24cr x1lziwak xexx8yu xyri2b x18d9i69 x1c1uobl x16tdsg8 x1hl2dhg xggy1nq x1a2a7pz xkrqix3 x1sur9pj x1fey0fg x1s688f\" role=\"link\" href=\"https:\/\/www.facebook.com\/hashtag\/educaci%C3%B3n?__eep__=6&amp;__cft__[0]=AZU7BegHLYae014bLJPHPFfbrfeaz0gr3AaSKbGBIWXeIQSL0P-Mdr5h7TGIhiBGwv1mdkVwnSXXP9L3FA-deB0GLZgp3KWWo-Xa_PrzNWxfxHHCuPvdFbV3FbC2WYbFwOWVowZ_vSu_sinO-FJQxqLN9GZ9DtKrEtT_H3wS6pBsJXu2UxlCeQRzEpfndy1PZ6Y89H_KafUv0cT4jyE7f-_P&amp;__tn__=*NK-R\">#Educaci\u00f3n<\/a><\/span> <span class=\"html-span xdj266r x14z9mp xat24cr x1lziwak xexx8yu xyri2b x18d9i69 x1c1uobl x1hl2dhg x16tdsg8 x1vvkbs\"><a class=\"x1i10hfl xjbqb8w x1ejq31n x18oe1m7 x1sy0etr xstzfhl x972fbf x10w94by x1qhh985 x14e42zd x9f619 x1ypdohk xt0psk2 xe8uvvx xdj266r x14z9mp xat24cr x1lziwak xexx8yu xyri2b x18d9i69 x1c1uobl x16tdsg8 x1hl2dhg xggy1nq x1a2a7pz xkrqix3 x1sur9pj x1fey0fg x1s688f\" role=\"link\" href=\"https:\/\/www.facebook.com\/hashtag\/historia?__eep__=6&amp;__cft__[0]=AZU7BegHLYae014bLJPHPFfbrfeaz0gr3AaSKbGBIWXeIQSL0P-Mdr5h7TGIhiBGwv1mdkVwnSXXP9L3FA-deB0GLZgp3KWWo-Xa_PrzNWxfxHHCuPvdFbV3FbC2WYbFwOWVowZ_vSu_sinO-FJQxqLN9GZ9DtKrEtT_H3wS6pBsJXu2UxlCeQRzEpfndy1PZ6Y89H_KafUv0cT4jyE7f-_P&amp;__tn__=*NK-R\">#Historia<\/a><\/span> <span class=\"html-span xdj266r x14z9mp xat24cr x1lziwak xexx8yu xyri2b x18d9i69 x1c1uobl x1hl2dhg x16tdsg8 x1vvkbs\"><a class=\"x1i10hfl xjbqb8w x1ejq31n x18oe1m7 x1sy0etr xstzfhl x972fbf x10w94by x1qhh985 x14e42zd x9f619 x1ypdohk xt0psk2 xe8uvvx xdj266r x14z9mp xat24cr x1lziwak xexx8yu xyri2b x18d9i69 x1c1uobl x16tdsg8 x1hl2dhg xggy1nq x1a2a7pz xkrqix3 x1sur9pj x1fey0fg x1s688f\" role=\"link\" href=\"https:\/\/www.facebook.com\/hashtag\/asturias?__eep__=6&amp;__cft__[0]=AZU7BegHLYae014bLJPHPFfbrfeaz0gr3AaSKbGBIWXeIQSL0P-Mdr5h7TGIhiBGwv1mdkVwnSXXP9L3FA-deB0GLZgp3KWWo-Xa_PrzNWxfxHHCuPvdFbV3FbC2WYbFwOWVowZ_vSu_sinO-FJQxqLN9GZ9DtKrEtT_H3wS6pBsJXu2UxlCeQRzEpfndy1PZ6Y89H_KafUv0cT4jyE7f-_P&amp;__tn__=*NK-R\">#Asturias<\/a><\/span><\/div>\n<div><\/div>\n<\/div>\n<div style=\"text-align: center\">\n<!-- iframe plugin v.6.0 wordpress.org\/plugins\/iframe\/ -->\n<iframe loading=\"lazy\" src=\"https:\/\/www.facebook.com\/plugins\/video.php?height=476&#038;href=https%3A%2F%2Fwww.facebook.com%2FRTPAoficial%2Fvideos%2F1023402409965670%2F&#038;show_text=false&#038;width=476&#038;t=0\" width=\"476\" height=\"476\" style=\"border:none;overflow:hidden\" scrolling=\"no\" frameborder=\"0\" allowfullscreen=\"true\" allow=\"autoplay; clipboard-write; encrypted-media; picture-in-picture; web-share\" 0=\"\/iframe\" class=\"iframe-class\"><\/iframe>\n<\/div>\n<div><\/div>\n<div><\/div>\n<\/div>\n<\/div>\n<\/div>\n<\/div>\n<p><!--more--><\/p>\n<p><strong>Los \u00abExconxuraos\u00bb de Llanera<\/strong> son la conmemoraci\u00f3n d&#8217;un fechu hist\u00f3ricu que tuvo llugar nel Conceyu fai enforma tiempu y que la so conmemoraci\u00f3n retomaron los vecinos d&#8217;esti c\u00e9ntricu conceyu asturianu apocay\u00e1 m\u00e1s d&#8217;una d\u00e9cada.<\/p>\n<p style=\"text-align: center\"><a href=\"https:\/\/estaticos-cdn.prensaiberica.es\/clip\/043794db-96d7-4b2d-88b7-2fea8b6f3124_16-9-discover-aspect-ratio_default_0.jpg\"><img loading=\"lazy\" decoding=\"async\" class=\"aligncenter size-large\" src=\"https:\/\/estaticos-cdn.prensaiberica.es\/clip\/043794db-96d7-4b2d-88b7-2fea8b6f3124_16-9-discover-aspect-ratio_default_0.jpg\" width=\"1200\" height=\"675\" \/><\/a><\/p>\n<p>Escontra l&#8217;a\u00f1u 1408, ensin que podamos afitar la fecha esacta, los vecinos del Conceyu de Llanera, suxetos al se\u00f1or\u00edu xurisdiccional de la see episcopal uvieina, <strong>cansaos de soportar los agravios y sinrazones\u00bb que recib\u00eden \u00abde dellos comenderos de Don Guill\u00e9n\u00bb, obispu coles mesmes decl\u00e1rense n&#8217;abierta rebeld\u00eda contra la so autorid\u00e1<\/strong>.<\/p>\n<p>De resultes d&#8217;ello imp\u00f3nense-yos les graves penes can\u00f3niques t\u00edpiques d&#8217;estos casos, pronunciando sentencia d&#8217;escomuni\u00f3n y entredichu sobro los moradores del conceyu rebalbu y tol so territoriu. Los de Llanera, faciendo casu omiso de la coacci\u00f3n abandonen la so postura calteniendo con firmeza la rebeld\u00eda per espaciu de cuatro a\u00f1os. Enmudecieron les campanes de les ilesies del Conceyu. Mientres cuatro a\u00f1os diben permanecer zarraes les sos puertes y los cl\u00e9rigos que les sirv\u00eden diben dexar de celebrar nelles los oficios dominicales y d&#8217;exercer la cura d&#8217;almes sobro los sos parroquianos privaos de la consoladora bendici\u00f3n postrera de la Ilesia y del derechu a recibir sepultura eclesi\u00e1stica.<\/p>\n<p style=\"text-align: center\"><a href=\"https:\/\/www.fiestashistoricas.es\/wp-content\/uploads\/2024\/05\/Exconxuraos-de-Llanera-11-scaled.jpg\"><img loading=\"lazy\" decoding=\"async\" class=\"aligncenter size-large\" src=\"https:\/\/www.fiestashistoricas.es\/wp-content\/uploads\/2024\/05\/Exconxuraos-de-Llanera-11-scaled.jpg\" width=\"2560\" height=\"1707\" \/><\/a><\/p>\n<p><strong>El d\u00eda 17 de febreru de 1412, finaba n&#8217;Uvi\u00e9u D. Guill\u00e9n.<\/strong> Poco tiempu dempu\u00e9s, nel mes de xunu del mesmu a\u00f1u, yera promovido a la siella uvieina&#8217;l lleon\u00e9s Diego Ram\u00edrez de Guzm\u00e1n. El 26 de xunu, axuntaos el Dean y el cabildru de la Ilesia uvieina, confieren plenos poderes a Alvar Fern\u00e1ndez arcedianu de Tin\u00e9u, Alvar P\u00e9rez, chantre, y Alvar Fern\u00e1ndez, can\u00f3nigu y bachiller de decretos, por que en el so nome y \u00abcon consello y alcuerdu\u00bb del vicariu xeneral del nuevu prel\u00e1u na alministraci\u00f3n espiritual y envernada de la Ilesia y obisp\u00e1u d&#8217;Uvi\u00e9u afixeren les mid\u00edes empuestes a poner fin a les tensiones esistentes ente l&#8217;obispu, Dean y cabildru, d&#8217;otra parte, y \u00abtoos los omes fillosdalgo y foreros moradores del concello de Llanera\u00bb de la otra.<\/p>\n<p>Dos d\u00edes depu\u00e9s de l&#8217;asamblea capitular, el mi\u00e9rcoles 27 de xunetu, en presencia de dellos notarios y representantes de la nobleza comarcana, previa convocatoria formal pol so alcalde, axuntar en conceyu en Posada \u2013centru xeogr\u00e1ficu del territoriu los \u00abomes bonos fillosdalgo y foreros de Llanera\u00bb pa retornar a la obediencia de D. Diego y de la so Ilesia. El Conceyu designa al so personero Juan Fern\u00e1ndez por que en nome de toos manifieste solemnemente \u00e9nte los delegaos de l&#8217;autorid\u00e1 asistentes al actu esi firme resolvimientu y la promesa de nun volver remontar se en delantre contra los sos se\u00f1ores \u00abnes diches coses\u00bb.<\/p>\n<p>Cumplida pol personero conceyil esta xesti\u00f3n, l&#8217;asamblea vecinal pide al deleg\u00e1u episcopal ell\u00ed presente que los absuelva de les sentencies d&#8217;escomuni\u00f3n en que taben incursos, llevante entredichu que pesaba sobremanera&#8217;l territoriu y unvi\u00e1ra-yos cualesquier penes y llevantos, sacrilexos y indicias y pola dicha raz\u00f3n cayeren\u00bb.<\/p>\n<p>En respuesta a estos pidimientos, el provisor y vicariu xeneral de D. Diego y el procuradores del Dean y cabildru amuesen escontra los rebeldes una arrogante actit\u00fa conciliadora que se manifiesta al travi\u00e9s d&#8217;una triple declaraci\u00f3n de volunt\u00e1\u2026 llev\u00e1nten-yos les penes en que cayera, mand\u00f3se-yos que \u00aben signal de penitencia\u00bb escoyeren d&#8217;ente ellos trenta homes bonos, venti fidalgos y diez pecheros, por que fueren un d\u00eda de fiesta a la Ilesia de San Salvador d&#8217;Uvi\u00e9u, participando \u00abna procesi\u00f3n d&#8217;ella dezcalcos en sacos o en xubones ensin neng\u00fan otra cobertoria con dos tales cuerdes cennidas y con dos tales candeles nes manos\u00bb, comprometi\u00e9ndose solemnemente el provisor del obispu a absolberlos de les penes d&#8217;escomuni\u00f3n y alzar l&#8217;entredichu puestu nel conceyu una vegada cumplida esa p\u00fablica humildaci\u00f3n penitencial.<\/p>\n<p style=\"text-align: center\"><a href=\"https:\/\/blog.telecable.es\/embed\/924b8b0ead7c055c080d22b68a7d5abcbb1687164837\/los-exconxuraos-llanera.jpg\"><img loading=\"lazy\" decoding=\"async\" class=\"aligncenter size-large\" src=\"https:\/\/blog.telecable.es\/embed\/924b8b0ead7c055c080d22b68a7d5abcbb1687164837\/los-exconxuraos-llanera.jpg\" width=\"1200\" height=\"700\" \/><\/a><\/p>\n<p>La fiesta celebra&#8217;l primer fin de selmana de&#8217;l mes de xunetu, y convirti\u00f3se na fiesta de Llanera y los llanerenses y\u00e1 que sirve d&#8217;uni\u00f3n y confraternizaci\u00f3n ente tolos vecinos como nel so d\u00eda facer los sos antepasaos.<\/p>\n<p>Los \u00abExconxuraos\u00bb celebrar na cortil ferial de Llanera, onde mientres tola fin de selmana tienen lugar actividad y espect\u00e1culos que pretenden dar una ambientaci\u00f3n que ponga en situaci\u00f3n al visitante y treslladar a la d\u00f3mina medieval. <strong>Diverses cintes, banderinos, escudos, guerreros, bufones, caballeros, m\u00fasicos, etc., dan color a esta fiesta medieval que y\u00e1 ye un referente non solo a nivel rexonal, sin\u00f3n tami\u00e9n nacional.<\/strong><\/p>\n<p style=\"text-align: center\"><a href=\"https:\/\/eltapin.com\/image\/16928\/thumb\/1024\/IMG_1131.JPG\"><img loading=\"lazy\" decoding=\"async\" class=\"aligncenter size-large\" src=\"https:\/\/eltapin.com\/image\/16928\/thumb\/1024\/IMG_1131.JPG\" width=\"1024\" height=\"682\" \/><\/a><\/p>\n","protected":false},"excerpt":{"rendered":"<p>Radiotelevisi\u00f3n del Principado de Asturias Los Exconxuraos reviven\u00a0en Llanera con m\u00e1s de 600 escolares convert\u00edos en protagonistes de la so hestoria. #Exconxuraos #Llanera #Educaci\u00f3n #Historia #Asturias<\/p>\n","protected":false},"author":117,"featured_media":0,"comment_status":"open","ping_status":"open","sticky":false,"template":"","format":"standard","meta":{"footnotes":""},"categories":[21,297],"tags":[],"class_list":["post-51105","post","type-post","status-publish","format-standard","hentry","category-fiestes","category-hestoria"],"_links":{"self":[{"href":"https:\/\/edublog.educastur.es\/ixuxu\/wp-json\/wp\/v2\/posts\/51105","targetHints":{"allow":["GET"]}}],"collection":[{"href":"https:\/\/edublog.educastur.es\/ixuxu\/wp-json\/wp\/v2\/posts"}],"about":[{"href":"https:\/\/edublog.educastur.es\/ixuxu\/wp-json\/wp\/v2\/types\/post"}],"author":[{"embeddable":true,"href":"https:\/\/edublog.educastur.es\/ixuxu\/wp-json\/wp\/v2\/users\/117"}],"replies":[{"embeddable":true,"href":"https:\/\/edublog.educastur.es\/ixuxu\/wp-json\/wp\/v2\/comments?post=51105"}],"version-history":[{"count":5,"href":"https:\/\/edublog.educastur.es\/ixuxu\/wp-json\/wp\/v2\/posts\/51105\/revisions"}],"predecessor-version":[{"id":51110,"href":"https:\/\/edublog.educastur.es\/ixuxu\/wp-json\/wp\/v2\/posts\/51105\/revisions\/51110"}],"wp:attachment":[{"href":"https:\/\/edublog.educastur.es\/ixuxu\/wp-json\/wp\/v2\/media?parent=51105"}],"wp:term":[{"taxonomy":"category","embeddable":true,"href":"https:\/\/edublog.educastur.es\/ixuxu\/wp-json\/wp\/v2\/categories?post=51105"},{"taxonomy":"post_tag","embeddable":true,"href":"https:\/\/edublog.educastur.es\/ixuxu\/wp-json\/wp\/v2\/tags?post=51105"}],"curies":[{"name":"wp","href":"https:\/\/api.w.org\/{rel}","templated":true}]}}