{"id":51113,"date":"2025-06-19T17:00:55","date_gmt":"2025-06-19T15:00:55","guid":{"rendered":"https:\/\/edublog.educastur.es\/ixuxu\/?p=51113"},"modified":"2025-06-21T10:42:50","modified_gmt":"2025-06-21T08:42:50","slug":"4elements-el-primer-espectaculu-de-drones-que-se-lleve-a-cabu-nel-conceyu-de-castrillon","status":"publish","type":"post","link":"https:\/\/edublog.educastur.es\/ixuxu\/2025\/06\/4elements-el-primer-espectaculu-de-drones-que-se-lleve-a-cabu-nel-conceyu-de-castrillon\/","title":{"rendered":"&#8216;4Elements&#8217;, el primer espect\u00e1culu de drones que se lleve a cabu nel conceyu de Castrill\u00f3n"},"content":{"rendered":"<div class=\"html-div xdj266r x14z9mp xat24cr x1lziwak xexx8yu x1a8lsjc xf7dkkf xv54qhq\">\n<div class=\"html-div xdj266r x14z9mp xat24cr x1lziwak xexx8yu xyri2b x18d9i69 x1c1uobl x1jx94hy x78zum5 x1q0g3np\">\n<div class=\"x78zum5 xdt5ytf xz62fqu x16ldp7u\">\n<div class=\"xu06os2 x1ok221b\">\n<div class=\"html-div xdj266r x14z9mp xat24cr x1lziwak xexx8yu xyri2b x18d9i69 x1c1uobl\" data-ad-rendering-role=\"profile_name\">\n<ul>\n<li class=\"html-h3 x14z9mp xat24cr x1lziwak xexx8yu xyri2b x18d9i69 x1c1uobl x1vvkbs x1heor9g x1qlqyl8 x1pd3egz x1a2a7pz x1gslohp x1yc453h\"><span class=\"x1lliihq x6ikm8r x10wlt62 x1n2onr6\"><span class=\"xt0psk2\"><a class=\"x1i10hfl xjbqb8w x1ejq31n x18oe1m7 x1sy0etr xstzfhl x972fbf x10w94by x1qhh985 x14e42zd x9f619 x1ypdohk xt0psk2 xe8uvvx xdj266r x14z9mp xat24cr x1lziwak xexx8yu xyri2b x18d9i69 x1c1uobl x16tdsg8 x1hl2dhg xggy1nq x1a2a7pz xkrqix3 x1sur9pj xzsf02u x1s688f\" role=\"link\" href=\"https:\/\/www.facebook.com\/pinceladasdeasturias?__cft__[0]=AZWxJLYlKklJn2abhMD6X3rIXeo-ozBIv-VhGA9t3z9nFbtWqnBcL_TGUeLkadniiHAYON19axNEUBrlJaj69ueEeUXMc4Oeya3qtR1sjMqwZEkyhW1WVWm1F5UXV31vawx52DeHn_C-ev9WevQNo2gh3_tOcvbLo0mL4U5ZqixGTeuyhfYoekPlZ3LpbIL0btm2JB0JW8AMcfTxc4ee6FFyv4FvlOcYfKCiRp3R6MmUng&amp;__tn__=-UC%2CP-y-R\"><strong class=\"html-strong xdj266r x14z9mp xat24cr x1lziwak xexx8yu xyri2b x18d9i69 x1c1uobl x1hl2dhg x16tdsg8 x1vvkbs x1s688f\"><span class=\"html-span xdj266r x14z9mp xat24cr x1lziwak xexx8yu xyri2b x18d9i69 x1c1uobl x1hl2dhg x16tdsg8 x1vvkbs\">Pinceladas de Asturias<\/span><\/strong><\/a><\/span><\/span><\/li>\n<li><a href=\"https:\/\/www.flockdroneart.com\/drone-show\/4elements-120-drone-show\/\"><strong>Web<\/strong><\/a>\/ Vienres 20 de xunu 23:00 \/ Sablera de Salinas (tramu ente&#8217;l Balneariu y el Ewan)<\/li>\n<\/ul>\n<\/div>\n<\/div>\n<\/div>\n<div class=\"xu06os2 x1ok221b\" style=\"text-align: center\">\n<!-- iframe plugin v.6.0 wordpress.org\/plugins\/iframe\/ -->\n<iframe loading=\"lazy\" width=\"100%\" height=\"374\" src=\"https:\/\/www.youtube.com\/embed\/fyHbPxE9PKo\" title=\"4ELEMENTS - 200 Drone Show - by Flock Drone Art\" frameborder=\"0\" allow=\"accelerometer; autoplay; clipboard-write; encrypted-media; gyroscope; picture-in-picture; web-share\" referrerpolicy=\"strict-origin-when-cross-origin\" 0=\"allowfullscreen\" 1=\"\/iframe\" scrolling=\"yes\" class=\"iframe-class\"><\/iframe>\n<\/div>\n<\/div>\n<\/div>\n<div class=\"html-div xdj266r x14z9mp xat24cr x1lziwak xexx8yu xyri2b x18d9i69 x1c1uobl\" dir=\"auto\">\n<div class=\"html-div xdj266r x14z9mp xat24cr x1lziwak xexx8yu xyri2b x18d9i69 x1c1uobl\" dir=\"auto\">\n<div class=\"html-div xdj266r x14z9mp xat24cr x1lziwak xexx8yu xyri2b x18d9i69 x1c1uobl\" data-ad-rendering-role=\"story_message\">\n<div class=\"x1l90r2v x1iorvi4 x1g0dm76 xpdmqnj\" data-ad-comet-preview=\"message\" data-ad-preview=\"message\">\n<div class=\"x78zum5 xdt5ytf xz62fqu x16ldp7u\">\n<div class=\"xu06os2 x1ok221b\">\n<div class=\"html-div xdj266r x14z9mp xat24cr x1lziwak xexx8yu xyri2b x18d9i69 x1c1uobl\">\n<div class=\"x14z9mp xat24cr x1lziwak x1vvkbs xtlvy1s x126k92a\">\n<div dir=\"auto\">\n<p>La sablera de Salinas va ser esti vienres, 20 de xunu, l&#8217;escenariu nel que s&#8217;esfrute<strong> &#8216;4Elements&#8217;, el primer espect\u00e1culu de drones<\/strong> que se lleve a cabu nel conceyu. <strong>Inspir\u00e1u nos cuatro elementos de la tierra, el show dise\u00f1\u00e1u Flock Drone Art<\/strong> va coordinar sobro&#8217;l cielu castrillonense a 120 aeronaves que van representar distintes figures mientres 14 minutos. L&#8217;activid\u00e1 ta entamada pola Rede de pueblos de surf.<\/p>\n<p><!--more--><\/p>\n<p>Los cuatro elementos son bloques b\u00e1sicos de la naturaleza y cada unu tien la so propia poes\u00eda. <strong>L&#8217;agua<\/strong> fl\u00fai con suavid\u00e1 y el so son\u00edu insp\u00edranos tranquilid\u00e1.<strong> La Tierra<\/strong> ye la base firme na que sostenemos, el llar de plantes y animales. <strong>El fueu<\/strong> irradia enerx\u00eda y lluz, tresformando y purificando tou al so pasu. <strong>L&#8217;aire<\/strong> ye la fuerza invisible que nos mueve y danos vida.<\/p>\n<p>Cada elementu tien la so propia guapura y enerx\u00eda, xuntos crean un equilibriu nel universu que nos arrodia.<\/p>\n<p><a href=\"https:\/\/www.lne.es\/aviles\/2025\/06\/21\/espectacular-show-drones-salinas-firmamento-118895890.html?utm_term=Autofeed&amp;utm_medium=Social&amp;utm_source=Facebook#Echobox=1750489429\">LNE<\/a><\/p>\n<p style=\"text-align: center\"><a href=\"https:\/\/estaticos-cdn.prensaiberica.es\/clip\/a8aff6df-1af6-4c73-8d24-9ed72e84d85f_16-9-discover-aspect-ratio_default_0.jpg\"><img loading=\"lazy\" decoding=\"async\" class=\"aligncenter size-large\" src=\"https:\/\/estaticos-cdn.prensaiberica.es\/clip\/a8aff6df-1af6-4c73-8d24-9ed72e84d85f_16-9-discover-aspect-ratio_default_0.jpg\" width=\"1200\" height=\"675\" \/><\/a><\/p>\n<p><em>Un firmamentu de drones abre&#8217;l branu na sablera de Salinas<\/em><\/p>\n<\/div>\n<\/div>\n<\/div>\n<\/div>\n<\/div>\n<\/div>\n<\/div>\n<\/div>\n<\/div>\n<p>Asina foi l&#8217;espectacular show de drones en Salinas: un firmamentu de robots con lluces sobro la popular sablera Centenares<br \/>\nde persones axuntar nel arenal castrillonense pa esfrutar de la coreograf\u00eda de lluces del espect\u00e1culu \u00ab4Elements\u00bb: \u00abYe una gran iniciativa; convida a movese al pueblu\u00bb.<\/p>\n<p><em>\u00abYe daqu\u00e9 distintu, que casi non se vio n&#8217;Asturies. Nun lo quer\u00edamos perder\u00bb. Centenares d&#8217;espectadores qu&#8217;ayeri non se quixeron perder les flores o animales de lluces del \u00ab4Elements\u00bb, l&#8217;espect\u00e1culu de drones que supunxo&#8217;l pistoletazu de salida al branu sobro&#8217;l firmamentu de la sablera de Salinas: \u00abYe una gran iniciativa\u00bb.<\/em><\/p>\n<p>Anque&#8217;l show pod\u00eda vese en tola sablera de Salinas, la zona que rexunt\u00f3 m\u00e1s p\u00fablicu foi la zona del Balneariu y de Los Cor\u00edos. Foi ell\u00ed onde <strong>s&#8217;instalaron los altavoces p&#8217;acompa\u00f1ar, con una banda sonora creada especialmente pa la ocasi\u00f3n el baille de los drones pel cielu castrillonense.<\/strong> \u00abYe un planazo. Vienes a la sablera, tomes una ca\u00f1a, cenes, y depu\u00e9s espect\u00e1culu de lluces. Asina da gustu\u00bb, coincid\u00eden Laura Mart\u00ednez y Nachu Gonz\u00e1lez, que llamentaron el vientu que se llevant\u00f3 a \u00faltima hora: \u00abTuvimos que dir a por una sudadera\u00bb.<\/p>\n<p>Quiciabes esi vientu foi lo qu&#8217;evit\u00f3 una agua qu&#8217;amenaci\u00f3 mientres el final de la tarde y qu&#8217;eslluxera \u2013o inclusive lleg\u00e1u a atayar\u2013 un espect\u00e1culu que foi sigu\u00edu por m\u00e1s d&#8217;un millar d&#8217;espectadores, ente los qu&#8217;hab\u00eda tami\u00e9n numberoses mascotes. \u00abAl nun haber ruiu, como pasa colos fueos artificiales, convida a venir col perru\u00bb, se\u00f1al\u00f3 Isaac Garc\u00eda, vec\u00edn de Piedres Blanques, que y\u00e1 esfrutara d&#8217;esti tipu d&#8217;espect\u00e1culos n&#8217;Avil\u00e9s y Xix\u00f3n. \u00abYe bien chulu. All\u00e9grame qu&#8217;en Castrill\u00f3n s&#8217;animen tami\u00e9n a faer coses asina\u00bb, aplaudi\u00f3.<\/p>\n<p>Los drones empezaron a volar a les 23.00 hores, como taba previstu. L&#8217;espect\u00e1culu de lluces y m\u00fasiques pill\u00f3 a Andrea Iglesias, Laura Gonz\u00e1lez y Mar\u00eda Bravo forfugando la cena nel pas\u00e9u de Salinas. \u00abVenimos directes del trabayu. Falar ayeri y decidimos venir, porque ye un plan muncho meyor que quedar tomando daqu\u00e9 n&#8217;Avil\u00e9s como si fora un d\u00eda cualesquier\u00bb, coincidi\u00f3 la peada, mientres se part\u00eden unes galletes pal postre: \u00abEsti tipu d&#8217;iniciatives convida enforma a venir a la xente. Marca la diferencia al respective de otros sitios. Oxal\u00e1 se faiga m\u00e1s vegaes\u00bb.<\/p>\n<p>Nesi momentu la m\u00fasica del show y\u00e1 empezaba a retumbar y sobre el cielu de Salinas empezaben a centellear unes lluces que \u00ababducieron\u00bb al p\u00fablicu, qu&#8217;apenes pod\u00eda xarramicar. Estes estrelles mec\u00e1niques\u00bb, les \u00faniques que pod\u00eden acolumbrase nel enladrillado cielu castrillonense, <strong>dibuxaron diverses figures, inspiraes toes nos cuatro elementos de la naturaleza: tornaos, ballenes, cabres, flores&#8230;<\/strong><\/p>\n","protected":false},"excerpt":{"rendered":"<p>Pinceladas de Asturias Web\/ Vienres 20 de xunu 23:00 \/ Sablera de Salinas (tramu ente&#8217;l Balneariu y el Ewan) La sablera de Salinas va ser esti vienres, 20 de xunu, l&#8217;escenariu nel que s&#8217;esfrute &#8216;4Elements&#8217;, el primer espect\u00e1culu de drones que se lleve a cabu nel conceyu. Inspir\u00e1u nos cuatro elementos de la tierra, el [&hellip;]<\/p>\n","protected":false},"author":117,"featured_media":0,"comment_status":"open","ping_status":"open","sticky":false,"template":"","format":"standard","meta":{"footnotes":""},"categories":[310,1],"tags":[],"class_list":["post-51113","post","type-post","status-publish","format-standard","hentry","category-drones","category-sin-categoria"],"_links":{"self":[{"href":"https:\/\/edublog.educastur.es\/ixuxu\/wp-json\/wp\/v2\/posts\/51113","targetHints":{"allow":["GET"]}}],"collection":[{"href":"https:\/\/edublog.educastur.es\/ixuxu\/wp-json\/wp\/v2\/posts"}],"about":[{"href":"https:\/\/edublog.educastur.es\/ixuxu\/wp-json\/wp\/v2\/types\/post"}],"author":[{"embeddable":true,"href":"https:\/\/edublog.educastur.es\/ixuxu\/wp-json\/wp\/v2\/users\/117"}],"replies":[{"embeddable":true,"href":"https:\/\/edublog.educastur.es\/ixuxu\/wp-json\/wp\/v2\/comments?post=51113"}],"version-history":[{"count":6,"href":"https:\/\/edublog.educastur.es\/ixuxu\/wp-json\/wp\/v2\/posts\/51113\/revisions"}],"predecessor-version":[{"id":51382,"href":"https:\/\/edublog.educastur.es\/ixuxu\/wp-json\/wp\/v2\/posts\/51113\/revisions\/51382"}],"wp:attachment":[{"href":"https:\/\/edublog.educastur.es\/ixuxu\/wp-json\/wp\/v2\/media?parent=51113"}],"wp:term":[{"taxonomy":"category","embeddable":true,"href":"https:\/\/edublog.educastur.es\/ixuxu\/wp-json\/wp\/v2\/categories?post=51113"},{"taxonomy":"post_tag","embeddable":true,"href":"https:\/\/edublog.educastur.es\/ixuxu\/wp-json\/wp\/v2\/tags?post=51113"}],"curies":[{"name":"wp","href":"https:\/\/api.w.org\/{rel}","templated":true}]}}