{"id":5112,"date":"2021-03-20T11:00:41","date_gmt":"2021-03-20T09:00:41","guid":{"rendered":"https:\/\/edublog.educastur.es\/ixuxu\/?p=5112"},"modified":"2021-04-04T01:08:12","modified_gmt":"2021-04-03T23:08:12","slug":"el-volcan-fagradalsfjall-quentro-nerupcion-dexando-imaxes-impresionantes","status":"publish","type":"post","link":"https:\/\/edublog.educastur.es\/ixuxu\/2021\/03\/el-volcan-fagradalsfjall-quentro-nerupcion-dexando-imaxes-impresionantes\/","title":{"rendered":"El volc\u00e1n Fagradalsfjall qu&#8217;entr\u00f3 n&#8217;erupci\u00f3n dexando imaxes impresionantes"},"content":{"rendered":"<p style=\"text-align: center\"><a href=\"http:\/\/c.files.bbci.co.uk\/2E08\/production\/_117648711_gettyimages-1231828580.jpg\"><img loading=\"lazy\" decoding=\"async\" class=\"alignnone\" src=\"http:\/\/c.files.bbci.co.uk\/2E08\/production\/_117648711_gettyimages-1231828580.jpg\" alt=\"\" width=\"976\" height=\"549\" \/><\/a><\/p>\n<p><em><span style=\"font-size: 20px\">L&#8217;activid\u00e1 volc\u00e1nica empecipi\u00f3se esti 19 de marzu abargana del monte Fagradalsfjall, n&#8217;Islandia. La erupci\u00f3n del volc\u00e1n dex\u00f3 atanantes imaxes de r\u00edos de lava y de una rellumada incandescente visible dende Reikiavik. La lava remaneci\u00f3 al travi\u00e9s d&#8217;unu resquiebru na corteza terrestre de cientos de metros de llargu y produci\u00e9ronse una serie de pequenes fontes qu&#8217;arrox\u00f3&#8217;l cielu nocherniegu.<\/span><\/em><\/p>\n<ul>\n<li><a href=\"https:\/\/twitter.com\/i\/status\/1374005243390869508\">Ver videu de Bjorn S<\/a><a class=\"css-4rbku5 css-18t94o4 css-1dbjc4n r-1loqt21 r-1wbh5a2 r-dnmrzs r-1ny4l3l\" role=\"link\" href=\"https:\/\/twitter.com\/BSteinbekk?ref_src=twsrc%5Etfw%7Ctwcamp%5Etweetembed%7Ctwterm%5E1374005243390869508%7Ctwgr%5E%7Ctwcon%5Es1_&amp;ref_url=https%3A%2F%2Fwww.elconfidencial.com%2Fmundo%2Feuropa%2F2021-03-23%2Fimagenes-dron-lava-volcan-erupcion-islandia_3003316%2F\" target=\"_blank\" rel=\"noopener noreferrer\" data-focusable=\"true\"><span class=\"css-901oao css-16my406 r-1qd0xha r-ad9z0x r-bcqeeo r-qvutc0\">Steinbekk<\/span><\/a><\/li>\n<li>\n<div class=\"css-1dbjc4n r-1wbh5a2 r-dnmrzs\">\n<div id=\"tweet-user-name\" class=\"css-1dbjc4n r-1wbh5a2 r-dnmrzs r-1ny4l3l\">\n<div class=\"css-1dbjc4n r-1awozwy r-18u37iz r-dnmrzs\">\n<div class=\"css-901oao css-bfa6kz r-m0bqgq r-18u37iz r-1qd0xha r-a023e6 r-16dba41 r-rjixqe r-bcqeeo r-qvutc0\" dir=\"ltr\"><a href=\"https:\/\/twitter.com\/BSteinbekk\"><span class=\"css-901oao css-16my406 r-poiln3 r-bcqeeo r-qvutc0\">Bjorn Steinbekk @BSteinbekk<\/span><\/a><\/div>\n<div dir=\"ltr\"><\/div>\n<\/div>\n<\/div>\n<\/div>\n<div dir=\"ltr\"><\/div>\n<\/li>\n<li>\n<div dir=\"ltr\"><a href=\"https:\/\/www.youtube.com\/channel\/UCTZKDUyZooutDd3RUR69I1w?app=desktop\">Canal Youtube<\/a><\/div>\n<\/li>\n<li><a href=\"https:\/\/www.youtube.com\/watch?v=I1I-0PUhFmU\">Camara en directo YOUTUBE<\/a><\/li>\n<li><a href=\"https:\/\/earth.google.com\/web\/search\/Fagradalsfjall+Volcano,+Iceland\/@63.8933329,-22.2697223,305.53104573a,2029.17759454d,35y,0h,45t,0r\/data=CooBGmASWgolMHg0OGQ2MWI4Zjg3ZDhkY2Q5OjB4NDMzYjVmZjcwZTBjOTM3MxnA9t2-WPJPQCF8gEmFDEU2wCofRmFncmFkYWxzZmphbGwgVm9sY2FubywgSWNlbGFuZBgCIAEiJgokCXQ_OTbKpUVAEfCEmo2unkVAGalCB1MusBPAIZ7Uyfv6NBTAKAI\">Ir al Volcan con Google Earth<\/a><\/li>\n<\/ul>\n<p style=\"text-align: center\">\n<!-- iframe plugin v.6.0 wordpress.org\/plugins\/iframe\/ -->\n<iframe loading=\"lazy\" width=\"100%\" height=\"500\" src=\"https:\/\/www.youtube.com\/embed\/7UKtY3zp4sA\" 0=\"\/iframe\" scrolling=\"yes\" class=\"iframe-class\" frameborder=\"0\"><\/iframe>\n<\/p>\n<p><!--more--><\/p>\n<p style=\"text-align: center\">\n<!-- iframe plugin v.6.0 wordpress.org\/plugins\/iframe\/ -->\n<iframe loading=\"lazy\" width=\"100%\" height=\"500\" src=\"https:\/\/www.youtube.com\/embed\/wQOblgAvrHw\" 0=\"\/iframe\" scrolling=\"yes\" class=\"iframe-class\" frameborder=\"0\"><\/iframe>\n<\/p>\n<p style=\"text-align: center\">\n<!-- iframe plugin v.6.0 wordpress.org\/plugins\/iframe\/ -->\n<iframe loading=\"lazy\" width=\"100%\" height=\"500\" src=\"https:\/\/www.youtube.com\/embed\/Pco_F7P06RQ\" 0=\"\/iframe\" scrolling=\"yes\" class=\"iframe-class\" frameborder=\"0\"><\/iframe>\n<\/p>\n<p style=\"text-align: center\"><a href=\"https:\/\/pbs.twimg.com\/media\/Ew6pH9CWEAEceG1.jpg\"><img loading=\"lazy\" decoding=\"async\" class=\"alignnone\" src=\"https:\/\/pbs.twimg.com\/media\/Ew6pH9CWEAEceG1.jpg\" alt=\"\" width=\"1200\" height=\"675\" \/><\/a><\/p>\n<ul>\n<li>\n<h4 class=\"landscapePhotoRight__title\"><a href=\"https:\/\/www.elconfidencial.com\/mundo\/europa\/2021-03-23\/imagenes-dron-lava-volcan-erupcion-islandia_3003316\/?utm_source=facebook&amp;utm_medium=social&amp;utm_campaign=ECDiarioManual&amp;fbclid=IwAR0ajxrtw1pWnLnb9H5QPYEnylUpc1D3WDJWQSfDP7OfTYUcQvhekKf6Czo\">Un piloto de dron capta im\u00e1genes a escasos cent\u00edmetros de la erupci\u00f3n volc\u00e1nica en Islandia<\/a><\/h4>\n<\/li>\n<\/ul>\n<p>L&#8217;activid\u00e1 volc\u00e1nica rexistrada, que forma parte d&#8217;un eventu xeol\u00f3xicu en cursu que se detect\u00f3 per primer vegada nel mes de xineru y que nes \u00faltimes selmanes tuvo marc\u00e1u por una intensa activid\u00e1 s\u00edsmica\u00bb arriendes de un terremotu de magnit\u00fa 5,7 produc\u00edu&#8217;l 24 de febreru, detalla l&#8217;Executivu na so p\u00e1xina web, nun va xenerar \u00abgrandes esplosiones o una producci\u00f3n significativa de cenices esvalixaes na estratosfera\u00bb al aniciase por unu frayatu na corteza terrestre de \u00ab500 a 700 metros de llargu\u00bb.<\/p>\n<p style=\"text-align: center\"><a href=\"https:\/\/static1.abc.es\/Media\/201409\/08\/holuhraun--644x362.jpg\"><img loading=\"lazy\" decoding=\"async\" class=\"alignnone\" src=\"https:\/\/static1.abc.es\/Media\/201409\/08\/holuhraun--644x362.jpg\" alt=\"\" width=\"644\" height=\"362\" \/><\/a><\/p>\n<p>&nbsp;<\/p>\n","protected":false},"excerpt":{"rendered":"<p>L&#8217;activid\u00e1 volc\u00e1nica empecipi\u00f3se esti 19 de marzu abargana del monte Fagradalsfjall, n&#8217;Islandia. La erupci\u00f3n del volc\u00e1n dex\u00f3 atanantes imaxes de r\u00edos de lava y de una rellumada incandescente visible dende Reikiavik. La lava remaneci\u00f3 al travi\u00e9s d&#8217;unu resquiebru na corteza terrestre de cientos de metros de llargu y produci\u00e9ronse una serie de pequenes fontes qu&#8217;arrox\u00f3&#8217;l [&hellip;]<\/p>\n","protected":false},"author":117,"featured_media":0,"comment_status":"open","ping_status":"open","sticky":false,"template":"","format":"standard","meta":{"footnotes":""},"categories":[4],"tags":[],"class_list":["post-5112","post","type-post","status-publish","format-standard","hentry","category-natura"],"_links":{"self":[{"href":"https:\/\/edublog.educastur.es\/ixuxu\/wp-json\/wp\/v2\/posts\/5112","targetHints":{"allow":["GET"]}}],"collection":[{"href":"https:\/\/edublog.educastur.es\/ixuxu\/wp-json\/wp\/v2\/posts"}],"about":[{"href":"https:\/\/edublog.educastur.es\/ixuxu\/wp-json\/wp\/v2\/types\/post"}],"author":[{"embeddable":true,"href":"https:\/\/edublog.educastur.es\/ixuxu\/wp-json\/wp\/v2\/users\/117"}],"replies":[{"embeddable":true,"href":"https:\/\/edublog.educastur.es\/ixuxu\/wp-json\/wp\/v2\/comments?post=5112"}],"version-history":[{"count":7,"href":"https:\/\/edublog.educastur.es\/ixuxu\/wp-json\/wp\/v2\/posts\/5112\/revisions"}],"predecessor-version":[{"id":5114,"href":"https:\/\/edublog.educastur.es\/ixuxu\/wp-json\/wp\/v2\/posts\/5112\/revisions\/5114"}],"wp:attachment":[{"href":"https:\/\/edublog.educastur.es\/ixuxu\/wp-json\/wp\/v2\/media?parent=5112"}],"wp:term":[{"taxonomy":"category","embeddable":true,"href":"https:\/\/edublog.educastur.es\/ixuxu\/wp-json\/wp\/v2\/categories?post=5112"},{"taxonomy":"post_tag","embeddable":true,"href":"https:\/\/edublog.educastur.es\/ixuxu\/wp-json\/wp\/v2\/tags?post=5112"}],"curies":[{"name":"wp","href":"https:\/\/api.w.org\/{rel}","templated":true}]}}