{"id":51124,"date":"2025-06-18T21:48:08","date_gmt":"2025-06-18T19:48:08","guid":{"rendered":"https:\/\/edublog.educastur.es\/ixuxu\/?p=51124"},"modified":"2025-06-18T21:52:35","modified_gmt":"2025-06-18T19:52:35","slug":"mas-de-9-comunidaes-autonomes-van-poder-algamar-los-40-graos-guei","status":"publish","type":"post","link":"https:\/\/edublog.educastur.es\/ixuxu\/2025\/06\/mas-de-9-comunidaes-autonomes-van-poder-algamar-los-40-graos-guei\/","title":{"rendered":"M\u00e1s de 9 comunidaes aut\u00f3nomes algamaren los 40 graos g\u00fcei"},"content":{"rendered":"<div class=\"xu06os2 x1ok221b\">\n<div class=\"html-div xdj266r x14z9mp xat24cr x1lziwak xexx8yu xyri2b x18d9i69 x1c1uobl\" data-ad-rendering-role=\"profile_name\">\n<ul>\n<li class=\"html-h3 x14z9mp xat24cr x1lziwak xexx8yu xyri2b x18d9i69 x1c1uobl x1vvkbs x1heor9g x1qlqyl8 x1pd3egz x1a2a7pz x1gslohp x1yc453h\"><span class=\"x1lliihq x6ikm8r x10wlt62 x1n2onr6\"><span class=\"xt0psk2\"><span class=\"xjp7ctv\"><a class=\"x1i10hfl xjbqb8w x1ejq31n x18oe1m7 x1sy0etr xstzfhl x972fbf x10w94by x1qhh985 x14e42zd x9f619 x1ypdohk xt0psk2 xe8uvvx xdj266r x14z9mp xat24cr x1lziwak xexx8yu xyri2b x18d9i69 x1c1uobl x16tdsg8 x1hl2dhg xggy1nq x1a2a7pz xkrqix3 x1sur9pj xzsf02u x1s688f\" role=\"link\" href=\"https:\/\/www.facebook.com\/tiempoyradarEspana?__cft__[0]=AZVpHVMTdUW2ojM2l28cT3I7Bs9EtLDKxWkDlt4UWyP6iQq45-WxDBvQlnYz9ujzXTCkCIw9XS7N6FY41Pd1NDsLHyIiBgjal7kE_i8lc2IBo-tF-h0gMExFEiResB_CU9G10bXXeVI6oPv9H2tiCLEwiNxXmUyoxcwZK3-RvKNzczyIIj_sVdST5mAqn3AWPh_gfOpsqXzlV5aBlxJnFXSMrg2r_kyz9ivBRprHvc0B7g&amp;__tn__=-UC%2CP-y-R\"><strong class=\"html-strong xdj266r x14z9mp xat24cr x1lziwak xexx8yu xyri2b x18d9i69 x1c1uobl x1hl2dhg x16tdsg8 x1vvkbs x1s688f\"><span class=\"html-span xdj266r x14z9mp xat24cr x1lziwak xexx8yu xyri2b x18d9i69 x1c1uobl x1hl2dhg x16tdsg8 x1vvkbs\">Tiempo &amp; Radar Espa\u00f1a<\/span><\/strong><\/a><\/span><\/span><\/span><span class=\"html-span xexx8yu xyri2b x18d9i69 x1c1uobl x1hl2dhg x16tdsg8 x1vvkbs x3nfvp2 x1j61x8r x1fcty0u xdj266r xat24cr xm2jcoa x1mpyi22 xxymvpz xlup9mm x1kky2od\"><img loading=\"lazy\" decoding=\"async\" class=\"xz74otr x15mokao x1ga7v0g x16uus16 xbiv7yw\" src=\"https:\/\/static.xx.fbcdn.net\/images\/emoji.php\/v9\/t6f\/1\/16\/1f975.png\" alt=\"\ud83e\udd75\" width=\"16\" height=\"16\" \/> <a href=\"https:\/\/www.tiempoyradar.es\/noticias-del-tiempo\/jueves-40-grados-y-tormentas-intensas--150c7f74-d617-49fb-a6cd-9bb6a5a6768e\"><strong>Xueves<\/strong> <\/a>\/ <\/span><\/li>\n<\/ul>\n<\/div>\n<\/div>\n<div class=\"html-div xdj266r x14z9mp xat24cr x1lziwak xexx8yu xyri2b x18d9i69 x1c1uobl\" dir=\"auto\">\n<div class=\"html-div xdj266r x14z9mp xat24cr x1lziwak xexx8yu xyri2b x18d9i69 x1c1uobl\" dir=\"auto\">\n<div class=\"html-div xdj266r x14z9mp xat24cr x1lziwak xexx8yu xyri2b x18d9i69 x1c1uobl\" data-ad-rendering-role=\"story_message\">\n<div class=\"x1l90r2v x1iorvi4 x1g0dm76 xpdmqnj\" data-ad-comet-preview=\"message\" data-ad-preview=\"message\">\n<div class=\"x78zum5 xdt5ytf xz62fqu x16ldp7u\">\n<div class=\"xu06os2 x1ok221b\">\n<div class=\"html-div xdj266r x14z9mp xat24cr x1lziwak xexx8yu xyri2b x18d9i69 x1c1uobl\">\n<div class=\"x14z9mp xat24cr x1lziwak x1vvkbs xtlvy1s x126k92a\">\n<div dir=\"auto\"><span class=\"html-span xdj266r x14z9mp xat24cr x1lziwak xexx8yu xyri2b x18d9i69 x1c1uobl x1hl2dhg x16tdsg8 x1vvkbs\"><a class=\"x1i10hfl xjbqb8w x1ejq31n x18oe1m7 x1sy0etr xstzfhl x972fbf x10w94by x1qhh985 x14e42zd x9f619 x1ypdohk xt0psk2 xe8uvvx xdj266r x14z9mp xat24cr x1lziwak xexx8yu xyri2b x18d9i69 x1c1uobl x16tdsg8 x1hl2dhg xggy1nq x1a2a7pz xkrqix3 x1sur9pj x1fey0fg x1s688f\" role=\"link\" href=\"https:\/\/www.facebook.com\/hashtag\/temperatura?__eep__=6&amp;__cft__[0]=AZVpHVMTdUW2ojM2l28cT3I7Bs9EtLDKxWkDlt4UWyP6iQq45-WxDBvQlnYz9ujzXTCkCIw9XS7N6FY41Pd1NDsLHyIiBgjal7kE_i8lc2IBo-tF-h0gMExFEiResB_CU9G10bXXeVI6oPv9H2tiCLEwiNxXmUyoxcwZK3-RvKNzczyIIj_sVdST5mAqn3AWPh_gfOpsqXzlV5aBlxJnFXSMrg2r_kyz9ivBRprHvc0B7g&amp;__tn__=*NK-y-R\">#Temperatura<\/a><\/span> <span class=\"html-span xdj266r x14z9mp xat24cr x1lziwak xexx8yu xyri2b x18d9i69 x1c1uobl x1hl2dhg x16tdsg8 x1vvkbs\"><a class=\"x1i10hfl xjbqb8w x1ejq31n x18oe1m7 x1sy0etr xstzfhl x972fbf x10w94by x1qhh985 x14e42zd x9f619 x1ypdohk xt0psk2 xe8uvvx xdj266r x14z9mp xat24cr x1lziwak xexx8yu xyri2b x18d9i69 x1c1uobl x16tdsg8 x1hl2dhg xggy1nq x1a2a7pz xkrqix3 x1sur9pj x1fey0fg x1s688f\" role=\"link\" href=\"https:\/\/www.facebook.com\/hashtag\/calor?__eep__=6&amp;__cft__[0]=AZVpHVMTdUW2ojM2l28cT3I7Bs9EtLDKxWkDlt4UWyP6iQq45-WxDBvQlnYz9ujzXTCkCIw9XS7N6FY41Pd1NDsLHyIiBgjal7kE_i8lc2IBo-tF-h0gMExFEiResB_CU9G10bXXeVI6oPv9H2tiCLEwiNxXmUyoxcwZK3-RvKNzczyIIj_sVdST5mAqn3AWPh_gfOpsqXzlV5aBlxJnFXSMrg2r_kyz9ivBRprHvc0B7g&amp;__tn__=*NK-y-R\">#Calor<\/a><\/span> <span class=\"html-span xdj266r x14z9mp xat24cr x1lziwak xexx8yu xyri2b x18d9i69 x1c1uobl x1hl2dhg x16tdsg8 x1vvkbs\"><a class=\"x1i10hfl xjbqb8w x1ejq31n x18oe1m7 x1sy0etr xstzfhl x972fbf x10w94by x1qhh985 x14e42zd x9f619 x1ypdohk xt0psk2 xe8uvvx xdj266r x14z9mp xat24cr x1lziwak xexx8yu xyri2b x18d9i69 x1c1uobl x16tdsg8 x1hl2dhg xggy1nq x1a2a7pz xkrqix3 x1sur9pj x1fey0fg x1s688f\" role=\"link\" href=\"https:\/\/www.facebook.com\/hashtag\/verano?__eep__=6&amp;__cft__[0]=AZVpHVMTdUW2ojM2l28cT3I7Bs9EtLDKxWkDlt4UWyP6iQq45-WxDBvQlnYz9ujzXTCkCIw9XS7N6FY41Pd1NDsLHyIiBgjal7kE_i8lc2IBo-tF-h0gMExFEiResB_CU9G10bXXeVI6oPv9H2tiCLEwiNxXmUyoxcwZK3-RvKNzczyIIj_sVdST5mAqn3AWPh_gfOpsqXzlV5aBlxJnFXSMrg2r_kyz9ivBRprHvc0B7g&amp;__tn__=*NK-y-R\">#Verano<\/a><\/span> <span class=\"html-span xdj266r x14z9mp xat24cr x1lziwak xexx8yu xyri2b x18d9i69 x1c1uobl x1hl2dhg x16tdsg8 x1vvkbs\"><a class=\"x1i10hfl xjbqb8w x1ejq31n x18oe1m7 x1sy0etr xstzfhl x972fbf x10w94by x1qhh985 x14e42zd x9f619 x1ypdohk xt0psk2 xe8uvvx xdj266r x14z9mp xat24cr x1lziwak xexx8yu xyri2b x18d9i69 x1c1uobl x16tdsg8 x1hl2dhg xggy1nq x1a2a7pz xkrqix3 x1sur9pj x1fey0fg x1s688f\" role=\"link\" href=\"https:\/\/www.facebook.com\/hashtag\/tiempoyradar?__eep__=6&amp;__cft__[0]=AZVpHVMTdUW2ojM2l28cT3I7Bs9EtLDKxWkDlt4UWyP6iQq45-WxDBvQlnYz9ujzXTCkCIw9XS7N6FY41Pd1NDsLHyIiBgjal7kE_i8lc2IBo-tF-h0gMExFEiResB_CU9G10bXXeVI6oPv9H2tiCLEwiNxXmUyoxcwZK3-RvKNzczyIIj_sVdST5mAqn3AWPh_gfOpsqXzlV5aBlxJnFXSMrg2r_kyz9ivBRprHvc0B7g&amp;__tn__=*NK-y-R\">#TiempoyRadar<\/a><\/span><\/div>\n<div dir=\"auto\" style=\"text-align: center\"><a href=\"https:\/\/purple-cdn.web-apps-prod.wo-cloud.com\/purple\/0f7a645f-e3c1-4a9c-a6dd-ccfa5dff68a7\/ccaeda65-166e-49c6-bbcd-ece973f0339c\/150c7f74-d617-49fb-a6cd-9bb6a5a6768e\/3010e9a4-6617-4d52-aedc-a33be945ff71.jpg\"><img loading=\"lazy\" decoding=\"async\" class=\"aligncenter size-large\" src=\"https:\/\/purple-cdn.web-apps-prod.wo-cloud.com\/purple\/0f7a645f-e3c1-4a9c-a6dd-ccfa5dff68a7\/ccaeda65-166e-49c6-bbcd-ece973f0339c\/150c7f74-d617-49fb-a6cd-9bb6a5a6768e\/3010e9a4-6617-4d52-aedc-a33be945ff71.jpg\" width=\"632\" height=\"355\" \/><\/a><\/div>\n<div dir=\"auto\">\n<p>Les altes presiones van siguir influyendo nel nuesu clima. Mientres la primer met\u00e1 del d\u00eda va apoderar el sol, depu\u00e9s les nubes van ganar protagonismu.<\/p>\n<\/div>\n<p><!--more--><\/p>\n<div dir=\"auto\">\n<ul>\n<li><strong>Pela ma\u00f1ana<\/strong>, va predominar l&#8217;ambiente soleyero y con escases nubes. Va haber dalgunes de tipu mediu y alto, movi\u00e9ndose dende&#8217;l suroeste, por cuenta del aproximamientu d&#8217;una baxa atl\u00e1ntica.<\/li>\n<li><strong>Pela tarde<\/strong>, les nubes van ser protagonistes, y ye probable que vengan acompa\u00f1aes de xarazo. El desenvolvimientu de nubes d&#8217;evoluci\u00f3n van dexar inestabilid\u00e1 n&#8217;amplies zones del interior, les mari\u00f1es van caltenese m\u00e1s al marxe.<\/li>\n<\/ul>\n<p>Los bastios van empecipiar en Castiella y Lli\u00f3n, Castiella-La Mancha, Estremadura y el <strong>Cant\u00e1bricu<\/strong>. Sicas\u00ed, van ser m\u00e1s intensos nel Pa\u00eds Vascu, La Rioxa y Navarra. A midida que meyora la tarde, van reforzase nel sistema Ib\u00e9ricu, sistema Central oriental y sistema B\u00e9ticu.<\/p>\n<p style=\"text-align: center\"><a href=\"https:\/\/purple-cdn.web-apps-prod.wo-cloud.com\/purple\/0f7a645f-e3c1-4a9c-a6dd-ccfa5dff68a7\/ccaeda65-166e-49c6-bbcd-ece973f0339c\/150c7f74-d617-49fb-a6cd-9bb6a5a6768e\/1dc27aea-23d1-4486-a7e6-2c835d46591a.jpg\"><img loading=\"lazy\" decoding=\"async\" class=\"aligncenter size-large\" src=\"https:\/\/purple-cdn.web-apps-prod.wo-cloud.com\/purple\/0f7a645f-e3c1-4a9c-a6dd-ccfa5dff68a7\/ccaeda65-166e-49c6-bbcd-ece973f0339c\/150c7f74-d617-49fb-a6cd-9bb6a5a6768e\/1dc27aea-23d1-4486-a7e6-2c835d46591a.jpg\" width=\"632\" height=\"632\" \/><\/a><\/p>\n<p><strong>Gama crom\u00e1tica del radar de temperatura.\u00a0<\/strong>Cola llegada del branu y de les altes temperatures, ye com\u00fan preguntase por qu\u00e9&#8217;l radar de temperatura utiliza esta gama de colores particular.<\/p>\n<p>La raz\u00f3n ye qu&#8217;emplegamos una escala de colores est\u00e1tica para ufiertar una visi\u00f3n uniforme y facilitar les comparances a nivel global.<\/p>\n<p style=\"text-align: center\"><a href=\"https:\/\/purple-cdn.web-apps-prod.wo-cloud.com\/purple\/0f7a645f-e3c1-4a9c-a6dd-ccfa5dff68a7\/ccaeda65-166e-49c6-bbcd-ece973f0339c\/1c38b8dd-3fa4-44e1-ba40-0f6cea3b4d87\/8f0bc634-0b14-4a86-8c4d-ddd1ffde0cf4.jpg\"><img loading=\"lazy\" decoding=\"async\" class=\"aligncenter size-large\" src=\"https:\/\/purple-cdn.web-apps-prod.wo-cloud.com\/purple\/0f7a645f-e3c1-4a9c-a6dd-ccfa5dff68a7\/ccaeda65-166e-49c6-bbcd-ece973f0339c\/1c38b8dd-3fa4-44e1-ba40-0f6cea3b4d87\/8f0bc634-0b14-4a86-8c4d-ddd1ffde0cf4.jpg\" width=\"632\" height=\"355\" \/><\/a><\/p>\n<\/div>\n<\/div>\n<\/div>\n<\/div>\n<\/div>\n<\/div>\n<\/div>\n<\/div>\n<\/div>\n<p>La clave ta en que la escala caltien constante mientres tol a\u00f1u. Esto dexa comparar les temperatures de distintes rexones del planeta n&#8217;un mesmu intre, utilizando una referencia universal.<\/p>\n","protected":false},"excerpt":{"rendered":"<p>Tiempo &amp; Radar Espa\u00f1a Xueves \/ #Temperatura #Calor #Verano #TiempoyRadar Les altes presiones van siguir influyendo nel nuesu clima. Mientres la primer met\u00e1 del d\u00eda va apoderar el sol, depu\u00e9s les nubes van ganar protagonismu.<\/p>\n","protected":false},"author":117,"featured_media":0,"comment_status":"open","ping_status":"open","sticky":false,"template":"","format":"standard","meta":{"footnotes":""},"categories":[5],"tags":[],"class_list":["post-51124","post","type-post","status-publish","format-standard","hentry","category-tiempu"],"_links":{"self":[{"href":"https:\/\/edublog.educastur.es\/ixuxu\/wp-json\/wp\/v2\/posts\/51124","targetHints":{"allow":["GET"]}}],"collection":[{"href":"https:\/\/edublog.educastur.es\/ixuxu\/wp-json\/wp\/v2\/posts"}],"about":[{"href":"https:\/\/edublog.educastur.es\/ixuxu\/wp-json\/wp\/v2\/types\/post"}],"author":[{"embeddable":true,"href":"https:\/\/edublog.educastur.es\/ixuxu\/wp-json\/wp\/v2\/users\/117"}],"replies":[{"embeddable":true,"href":"https:\/\/edublog.educastur.es\/ixuxu\/wp-json\/wp\/v2\/comments?post=51124"}],"version-history":[{"count":6,"href":"https:\/\/edublog.educastur.es\/ixuxu\/wp-json\/wp\/v2\/posts\/51124\/revisions"}],"predecessor-version":[{"id":51130,"href":"https:\/\/edublog.educastur.es\/ixuxu\/wp-json\/wp\/v2\/posts\/51124\/revisions\/51130"}],"wp:attachment":[{"href":"https:\/\/edublog.educastur.es\/ixuxu\/wp-json\/wp\/v2\/media?parent=51124"}],"wp:term":[{"taxonomy":"category","embeddable":true,"href":"https:\/\/edublog.educastur.es\/ixuxu\/wp-json\/wp\/v2\/categories?post=51124"},{"taxonomy":"post_tag","embeddable":true,"href":"https:\/\/edublog.educastur.es\/ixuxu\/wp-json\/wp\/v2\/tags?post=51124"}],"curies":[{"name":"wp","href":"https:\/\/api.w.org\/{rel}","templated":true}]}}