{"id":51157,"date":"2025-06-19T08:30:15","date_gmt":"2025-06-19T06:30:15","guid":{"rendered":"https:\/\/edublog.educastur.es\/ixuxu\/?p=51157"},"modified":"2025-06-18T22:35:31","modified_gmt":"2025-06-18T20:35:31","slug":"el-tiempu-el-comercio-71","status":"publish","type":"post","link":"https:\/\/edublog.educastur.es\/ixuxu\/2025\/06\/el-tiempu-el-comercio-71\/","title":{"rendered":"El tiempu (El Comercio)"},"content":{"rendered":"<p style=\"text-align: center\"><a href=\"https:\/\/s2.ppllstatics.com\/elcomercio\/www\/multimedia\/2025\/06\/18\/tiempo-asturias-jueves-19-junio-kU0E-U2301948938566Ca-1200x860@El%20Comercio.jpg\"><img loading=\"lazy\" decoding=\"async\" class=\"aligncenter size-large\" src=\"https:\/\/s2.ppllstatics.com\/elcomercio\/www\/multimedia\/2025\/06\/18\/tiempo-asturias-jueves-19-junio-kU0E-U2301948938566Ca-1200x860@El%20Comercio.jpg\" width=\"1200\" height=\"860\" \/><\/a><\/p>\n<p>G\u00fcei mi\u00e9rcoles llegar a algamar los 35 \u00baC na rex\u00f3n, siendo munches les poblaciones que superaron los 30 \u00baC. <strong>Esti xueves esperamos otru d\u00eda de calor n&#8217;Asturies<\/strong>. Nam\u00e1 nel cordal van baxar les temperatures m\u00e1ximes (ente 1 y 2 \u00baC) al respective de esti mi\u00e9rcoles. <strong>Na mari\u00f1a<\/strong> van xubir y nel restu van caltenese. Poro, volveremos rexistrar m\u00e1ximes percima de los 30 \u00baC nel Princip\u00e1u. Pero, a diferencia de la xornada anterior, prevese xuna mayor guarda d&#8217;intervalos de nubes medies y altes. Am\u00e1s, hai xuna probabilid\u00e1 m\u00e1s alta de bastios d&#8217;orixe tormentosu. <strong>La nubosid\u00e1<\/strong> d&#8217;evoluci\u00f3n va dir n&#8217;aumentu, especialmente a partir del mediud\u00eda, y va estendese pr\u00e1cticamente por tola Comunid\u00e1 Aut\u00f3noma.<\/p>\n<p><!--more--><\/p>\n<p><strong>Mientres tola segunda parte de la xornada<\/strong> va tar activ\u00e1u l&#8217;avisu mariellu tantu nel cordal, como nel suroccidente y na zona central por bastios tormentosos y tami\u00e9n pola posibilid\u00e1 de rexistrar hasta 15 llitros per metro cuadr\u00e1u en tan solo xuna hora. Poro, nun se refuguen bastios localmente fuertes y que podr\u00eden venir acompa\u00f1aos de raches fuertes de vientu (sobremanera nel cordal) acomu\u00f1aes a diches nubes.<\/p>\n<p><strong>El vienres<\/strong> tami\u00e9n vamos tener y, nuevamente, van esperase bastios a lo llargo de la tarde. <strong>El s\u00e1badu<\/strong> van baxar les temperatures polo que va ser un ambiente daqu\u00e9 m\u00e1s prestoso.<\/p>\n<p>&nbsp;<\/p>\n","protected":false},"excerpt":{"rendered":"<p>G\u00fcei mi\u00e9rcoles llegar a algamar los 35 \u00baC na rex\u00f3n, siendo munches les poblaciones que superaron los 30 \u00baC. Esti xueves esperamos otru d\u00eda de calor n&#8217;Asturies. Nam\u00e1 nel cordal van baxar les temperatures m\u00e1ximes (ente 1 y 2 \u00baC) al respective de esti mi\u00e9rcoles. Na mari\u00f1a van xubir y nel restu van caltenese. Poro, [&hellip;]<\/p>\n","protected":false},"author":117,"featured_media":0,"comment_status":"open","ping_status":"open","sticky":false,"template":"","format":"standard","meta":{"footnotes":""},"categories":[5],"tags":[],"class_list":["post-51157","post","type-post","status-publish","format-standard","hentry","category-tiempu"],"_links":{"self":[{"href":"https:\/\/edublog.educastur.es\/ixuxu\/wp-json\/wp\/v2\/posts\/51157","targetHints":{"allow":["GET"]}}],"collection":[{"href":"https:\/\/edublog.educastur.es\/ixuxu\/wp-json\/wp\/v2\/posts"}],"about":[{"href":"https:\/\/edublog.educastur.es\/ixuxu\/wp-json\/wp\/v2\/types\/post"}],"author":[{"embeddable":true,"href":"https:\/\/edublog.educastur.es\/ixuxu\/wp-json\/wp\/v2\/users\/117"}],"replies":[{"embeddable":true,"href":"https:\/\/edublog.educastur.es\/ixuxu\/wp-json\/wp\/v2\/comments?post=51157"}],"version-history":[{"count":1,"href":"https:\/\/edublog.educastur.es\/ixuxu\/wp-json\/wp\/v2\/posts\/51157\/revisions"}],"predecessor-version":[{"id":51158,"href":"https:\/\/edublog.educastur.es\/ixuxu\/wp-json\/wp\/v2\/posts\/51157\/revisions\/51158"}],"wp:attachment":[{"href":"https:\/\/edublog.educastur.es\/ixuxu\/wp-json\/wp\/v2\/media?parent=51157"}],"wp:term":[{"taxonomy":"category","embeddable":true,"href":"https:\/\/edublog.educastur.es\/ixuxu\/wp-json\/wp\/v2\/categories?post=51157"},{"taxonomy":"post_tag","embeddable":true,"href":"https:\/\/edublog.educastur.es\/ixuxu\/wp-json\/wp\/v2\/tags?post=51157"}],"curies":[{"name":"wp","href":"https:\/\/api.w.org\/{rel}","templated":true}]}}