{"id":51177,"date":"2025-06-18T18:00:20","date_gmt":"2025-06-18T16:00:20","guid":{"rendered":"https:\/\/edublog.educastur.es\/ixuxu\/?p=51177"},"modified":"2025-06-19T09:57:30","modified_gmt":"2025-06-19T07:57:30","slug":"sofitos-pa-la-escuela-de-musica-de-tineu","status":"publish","type":"post","link":"https:\/\/edublog.educastur.es\/ixuxu\/2025\/06\/sofitos-pa-la-escuela-de-musica-de-tineu\/","title":{"rendered":"Sofitos pa la Escuela de M\u00fasica de Tin\u00e9u"},"content":{"rendered":"<p style=\"text-align: center\">\n<!-- iframe plugin v.6.0 wordpress.org\/plugins\/iframe\/ -->\n<iframe loading=\"lazy\" src=\"https:\/\/www.facebook.com\/plugins\/video.php?height=312&#038;href=https%3A%2F%2Fwww.facebook.com%2FDAVIZVARELA%2Fvideos%2F1020303283597915%2F&#038;show_text=false&#038;width=560&#038;t=0\" width=\"560\" height=\"312\" style=\"border:none;overflow:hidden\" scrolling=\"no\" frameborder=\"0\" allowfullscreen=\"true\" allow=\"autoplay; clipboard-write; encrypted-media; picture-in-picture; web-share\" 0=\"\/iframe\" class=\"iframe-class\"><\/iframe>\n<\/p>\n<div class=\"x78zum5 xdt5ytf xz62fqu x16ldp7u\"><\/div>\n<div>\n<div class=\"xjkvuk6 xuyqlj2 x1odjw0f\">\n<div class=\"xdj266r x14z9mp xat24cr x1lziwak x1vvkbs\">\n<div dir=\"auto\">\n<div class=\"x78zum5 xdt5ytf xz62fqu x16ldp7u\">\n<div class=\"xu06os2 x1ok221b\">\n<div class=\"html-div xdj266r x14z9mp xat24cr x1lziwak xexx8yu xyri2b x18d9i69 x1c1uobl\" data-ad-rendering-role=\"profile_name\">\n<ul>\n<li class=\"html-h2 x14z9mp xat24cr x1lziwak xexx8yu xyri2b x18d9i69 x1c1uobl x1vvkbs x1heor9g x1qlqyl8 x1pd3egz x1a2a7pz x1gslohp x1yc453h\"><span class=\"xt0psk2\"><span class=\"xjp7ctv\"><a class=\"x1i10hfl xjbqb8w x1ejq31n x18oe1m7 x1sy0etr xstzfhl x972fbf x10w94by x1qhh985 x14e42zd x9f619 x1ypdohk xt0psk2 xe8uvvx xdj266r x14z9mp xat24cr x1lziwak xexx8yu xyri2b x18d9i69 x1c1uobl x16tdsg8 x1hl2dhg xggy1nq x1a2a7pz xkrqix3 x1sur9pj xzsf02u x1s688f\" role=\"link\" href=\"https:\/\/www.facebook.com\/DAVIZVARELA?__cft__[0]=AZWOcarA8gyLvMXq9Ib9qZ0-f4HXaIoJIjQjo87PXXrjHCeeGTESpKD8wHa9yBFZzKWCaDBXDh-YQYdkrLJ53RCMrKeM7eP77lJTOEIreb_KIpL33AhhyLS5AWSHb4Du_xJ8EqT6CiuUF0fh5aueyP7kejkJpx_zfmCYb9sOntkK68jUyYgLYeTlB4xDv029SplGPxF4-y2Rmv2x84_zKG4TaWpFFxwmAZJ9HBqg3WfWAg&amp;__tn__=-UC-R\"><strong class=\"html-strong xdj266r x14z9mp xat24cr x1lziwak xexx8yu xyri2b x18d9i69 x1c1uobl x1hl2dhg x16tdsg8 x1vvkbs x1s688f\"><span class=\"html-span xdj266r x14z9mp xat24cr x1lziwak xexx8yu xyri2b x18d9i69 x1c1uobl x1hl2dhg x16tdsg8 x1vvkbs\">DAVID VARELA<\/span><\/strong><\/a><\/span><\/span><\/li>\n<\/ul>\n<\/div>\n<\/div>\n<div class=\"xu06os2 x1ok221b\"><\/div>\n<\/div>\n<\/div>\n<div dir=\"auto\"><em>Pr\u00e9stame cuntar col sofitu d&#8217;un gran amigu, un mayestru, un incansable defensor de la cultura, los derechos y con una patente conciencia social.<\/em><\/div>\n<div dir=\"auto\"><em>La so m\u00fasica fala por s\u00ed mesma, pero g\u00fcei tami\u00e9n alza la voz, sensible al pieslle de la Escuela Municipal de M\u00fasica de Tin\u00e9u, alendando a qu&#8217;esta triste situaci\u00f3n, se reconsidere pol bien de los escolinos y los mayestros.<\/em><\/div>\n<div dir=\"auto\">Gracies fonderes <span class=\"html-span xdj266r x14z9mp xat24cr x1lziwak xexx8yu xyri2b x18d9i69 x1c1uobl x1hl2dhg x16tdsg8 x1vvkbs\"><a class=\"x1i10hfl xjbqb8w x1ejq31n x18oe1m7 x1sy0etr xstzfhl x972fbf x10w94by x1qhh985 x14e42zd x9f619 x1ypdohk xt0psk2 xe8uvvx xdj266r x14z9mp xat24cr x1lziwak xexx8yu xyri2b x18d9i69 x1c1uobl x16tdsg8 x1hl2dhg xggy1nq x1a2a7pz xkrqix3 x1sur9pj xzsf02u x1s688f\" role=\"link\" href=\"https:\/\/www.facebook.com\/profile.php?id=100012036943583&amp;__cft__[0]=AZWOcarA8gyLvMXq9Ib9qZ0-f4HXaIoJIjQjo87PXXrjHCeeGTESpKD8wHa9yBFZzKWCaDBXDh-YQYdkrLJ53RCMrKeM7eP77lJTOEIreb_KIpL33AhhyLS5AWSHb4Du_xJ8EqT6CiuUF0fh5aueyP7kejkJpx_zfmCYb9sOntkK68jUyYgLYeTlB4xDv029SplGPxF4-y2Rmv2x84_zKG4TaWpFFxwmAZJ9HBqg3WfWAg&amp;__tn__=-]K-R\">Jos\u00e9 A. Hevia<\/a><\/span><\/div>\n<\/div>\n<\/div>\n<\/div>\n","protected":false},"excerpt":{"rendered":"<p>DAVID VARELA Pr\u00e9stame cuntar col sofitu d&#8217;un gran amigu, un mayestru, un incansable defensor de la cultura, los derechos y con una patente conciencia social. La so m\u00fasica fala por s\u00ed mesma, pero g\u00fcei tami\u00e9n alza la voz, sensible al pieslle de la Escuela Municipal de M\u00fasica de Tin\u00e9u, alendando a qu&#8217;esta triste situaci\u00f3n, se [&hellip;]<\/p>\n","protected":false},"author":117,"featured_media":0,"comment_status":"open","ping_status":"open","sticky":false,"template":"","format":"standard","meta":{"footnotes":""},"categories":[35],"tags":[],"class_list":["post-51177","post","type-post","status-publish","format-standard","hentry","category-musica"],"_links":{"self":[{"href":"https:\/\/edublog.educastur.es\/ixuxu\/wp-json\/wp\/v2\/posts\/51177","targetHints":{"allow":["GET"]}}],"collection":[{"href":"https:\/\/edublog.educastur.es\/ixuxu\/wp-json\/wp\/v2\/posts"}],"about":[{"href":"https:\/\/edublog.educastur.es\/ixuxu\/wp-json\/wp\/v2\/types\/post"}],"author":[{"embeddable":true,"href":"https:\/\/edublog.educastur.es\/ixuxu\/wp-json\/wp\/v2\/users\/117"}],"replies":[{"embeddable":true,"href":"https:\/\/edublog.educastur.es\/ixuxu\/wp-json\/wp\/v2\/comments?post=51177"}],"version-history":[{"count":4,"href":"https:\/\/edublog.educastur.es\/ixuxu\/wp-json\/wp\/v2\/posts\/51177\/revisions"}],"predecessor-version":[{"id":51181,"href":"https:\/\/edublog.educastur.es\/ixuxu\/wp-json\/wp\/v2\/posts\/51177\/revisions\/51181"}],"wp:attachment":[{"href":"https:\/\/edublog.educastur.es\/ixuxu\/wp-json\/wp\/v2\/media?parent=51177"}],"wp:term":[{"taxonomy":"category","embeddable":true,"href":"https:\/\/edublog.educastur.es\/ixuxu\/wp-json\/wp\/v2\/categories?post=51177"},{"taxonomy":"post_tag","embeddable":true,"href":"https:\/\/edublog.educastur.es\/ixuxu\/wp-json\/wp\/v2\/tags?post=51177"}],"curies":[{"name":"wp","href":"https:\/\/api.w.org\/{rel}","templated":true}]}}