{"id":51184,"date":"2025-06-19T10:06:40","date_gmt":"2025-06-19T08:06:40","guid":{"rendered":"https:\/\/edublog.educastur.es\/ixuxu\/?p=51184"},"modified":"2025-06-19T10:07:27","modified_gmt":"2025-06-19T08:07:27","slug":"mediu-rural-llibera-en-villaviciosa-dos-autillos-europeos-rescataos-y-atendios-nel-centru-de-recuperacion-de-la-fauna","status":"publish","type":"post","link":"https:\/\/edublog.educastur.es\/ixuxu\/2025\/06\/mediu-rural-llibera-en-villaviciosa-dos-autillos-europeos-rescataos-y-atendios-nel-centru-de-recuperacion-de-la-fauna\/","title":{"rendered":"Mediu Rural llibera en Villaviciosa dos autillos europeos rescataos en Carre\u00f1o y Siero"},"content":{"rendered":"<p style=\"text-align: center\"><a href=\"https:\/\/actualidad.asturias.es\/-\/medio-rural-libera-en-villaviciosa-dos-autillos-europeos-rescatados-en-los-%C3%BAltimos-meses-y-atendidas-en-el-centro-de-recuperaci%C3%B3n-de-la-fauna-salvaje?redirect=%2Fnoticias\"><img loading=\"lazy\" decoding=\"async\" class=\"aligncenter size-large\" src=\"https:\/\/actualidad.asturias.es\/documents\/537115\/2637967\/1.jpg\/51543bcc-2add-cf60-9a1e-717ab8dcb4ae?t=1750260419592\" width=\"3000\" height=\"1441\" \/><\/a><\/p>\n<p style=\"text-align: center\"><a href=\"https:\/\/actualidad.asturias.es\/-\/medio-rural-libera-en-villaviciosa-dos-autillos-europeos-rescatados-en-los-%C3%BAltimos-meses-y-atendidas-en-el-centro-de-recuperaci%C3%B3n-de-la-fauna-salvaje?redirect=%2Fnoticias\">Actualid\u00e1 Asturies<\/a><\/p>\n<div id=\"main-content\" class=\"columns-1\" role=\"main\">\n<div class=\"portlet-layout row\">\n<div id=\"column-1\" class=\"col-md-12 portlet-column portlet-column-only\">\n<div id=\"layout-column_column-1\" class=\"portlet-dropzone portlet-column-content portlet-column-content-only\">\n<div id=\"p_p_id_com_liferay_asset_publisher_web_portlet_AssetPublisherPortlet_INSTANCE_DSnKSBdGDt7q_\" class=\"portlet-boundary portlet-boundary_com_liferay_asset_publisher_web_portlet_AssetPublisherPortlet_ portlet-static portlet-static-end portlet-barebone portlet-asset-publisher nota-detalle\">\n<section id=\"portlet_com_liferay_asset_publisher_web_portlet_AssetPublisherPortlet_INSTANCE_DSnKSBdGDt7q\" class=\"portlet\">\n<div class=\"portlet-content\">\n<div class=\" portlet-content-container\">\n<div class=\"portlet-body\">\n<div>\n<div class=\"asset-full-content clearfix default-asset-publisher show-asset-title\">\n<div id=\"_com_liferay_asset_publisher_web_portlet_AssetPublisherPortlet_INSTANCE_DSnKSBdGDt7q_2637987\" class=\"asset-content\">\n<div class=\"clearfix journal-content-article\" data-analytics-asset-id=\"2637964\" data-analytics-asset-title=\"Medio Rural libera en Villaviciosa dos autillos europeos rescatados y atendidos en el Centro de Recuperaci\u00f3n de la Fauna\" data-analytics-asset-type=\"web-content\">\n<div class=\"nota\">\n<div class=\"description\">\n<p>Axentes medioambientales de la Conseyer\u00eda de Mediu Rural y Pol\u00edtica Agraria lliberaron g\u00fcei en Villaviciosa dos autillos europeos que fueron atend\u00edos nel Centru de Recuperaci\u00f3n de la Fauna Montesa de Sobrescobiu en siendo rescataos con fer\u00edes d&#8217;orixe desconoc\u00edu. La primera de les aves foi afayada&#8217;l 24 d&#8217;abril en Cand\u00e1s, nel conceyu de Carre\u00f1o, en sufriendo un traumatismu. La segunda foi topada&#8217;l 1 de mayu en La Fresneda, nel conceyu de Siero, con mancadures similares a l&#8217;anterior. <a class=\"pdf\" title=\"Nota prensa autillos liberados. Abre una nueva ventana\" href=\"https:\/\/actualidad.asturias.es\/documents\/533407\/0\/2025_06_18+NP+Aves+liberadas+%282%29.pdf\/d456b863-a8b5-76f2-e086-617d120c973f?t=1750260760753\" target=\"_blank\" rel=\"noopener\">Nota prensa autillos liberados <\/a><\/p>\n<p><!--more--><\/p>\n<p style=\"text-align: center\"><a href=\"https:\/\/actualidad.asturias.es\/documents\/537115\/2637967\/2025_06_18+autillo+2.jpg\/303dedc0-d035-a67d-f508-0a3c553f1f6d?t=1750260419667\"><img loading=\"lazy\" decoding=\"async\" class=\"aligncenter \" src=\"https:\/\/actualidad.asturias.es\/documents\/537115\/2637967\/2025_06_18+autillo+2.jpg\/303dedc0-d035-a67d-f508-0a3c553f1f6d?t=1750260419667\" width=\"604\" height=\"806\" \/><\/a><\/p>\n<\/div>\n<\/div>\n<\/div>\n<\/div>\n<\/div>\n<\/div>\n<\/div>\n<\/div>\n<\/div>\n<\/section>\n<\/div>\n<\/div>\n<\/div>\n<\/div>\n<\/div>\n<p>&nbsp;<\/p>\n","protected":false},"excerpt":{"rendered":"<p>Actualid\u00e1 Asturies Axentes medioambientales de la Conseyer\u00eda de Mediu Rural y Pol\u00edtica Agraria lliberaron g\u00fcei en Villaviciosa dos autillos europeos que fueron atend\u00edos nel Centru de Recuperaci\u00f3n de la Fauna Montesa de Sobrescobiu en siendo rescataos con fer\u00edes d&#8217;orixe desconoc\u00edu. La primera de les aves foi afayada&#8217;l 24 d&#8217;abril en Cand\u00e1s, nel conceyu de Carre\u00f1o, [&hellip;]<\/p>\n","protected":false},"author":117,"featured_media":0,"comment_status":"open","ping_status":"open","sticky":false,"template":"","format":"standard","meta":{"footnotes":""},"categories":[1],"tags":[],"class_list":["post-51184","post","type-post","status-publish","format-standard","hentry","category-sin-categoria"],"_links":{"self":[{"href":"https:\/\/edublog.educastur.es\/ixuxu\/wp-json\/wp\/v2\/posts\/51184","targetHints":{"allow":["GET"]}}],"collection":[{"href":"https:\/\/edublog.educastur.es\/ixuxu\/wp-json\/wp\/v2\/posts"}],"about":[{"href":"https:\/\/edublog.educastur.es\/ixuxu\/wp-json\/wp\/v2\/types\/post"}],"author":[{"embeddable":true,"href":"https:\/\/edublog.educastur.es\/ixuxu\/wp-json\/wp\/v2\/users\/117"}],"replies":[{"embeddable":true,"href":"https:\/\/edublog.educastur.es\/ixuxu\/wp-json\/wp\/v2\/comments?post=51184"}],"version-history":[{"count":3,"href":"https:\/\/edublog.educastur.es\/ixuxu\/wp-json\/wp\/v2\/posts\/51184\/revisions"}],"predecessor-version":[{"id":51187,"href":"https:\/\/edublog.educastur.es\/ixuxu\/wp-json\/wp\/v2\/posts\/51184\/revisions\/51187"}],"wp:attachment":[{"href":"https:\/\/edublog.educastur.es\/ixuxu\/wp-json\/wp\/v2\/media?parent=51184"}],"wp:term":[{"taxonomy":"category","embeddable":true,"href":"https:\/\/edublog.educastur.es\/ixuxu\/wp-json\/wp\/v2\/categories?post=51184"},{"taxonomy":"post_tag","embeddable":true,"href":"https:\/\/edublog.educastur.es\/ixuxu\/wp-json\/wp\/v2\/tags?post=51184"}],"curies":[{"name":"wp","href":"https:\/\/api.w.org\/{rel}","templated":true}]}}