{"id":51191,"date":"2025-06-19T10:15:28","date_gmt":"2025-06-19T08:15:28","guid":{"rendered":"https:\/\/edublog.educastur.es\/ixuxu\/?p=51191"},"modified":"2025-06-19T14:38:28","modified_gmt":"2025-06-19T12:38:28","slug":"hector-braga-asoleyo-rabil-el-so-octavu-trabayu-en-solitario","status":"publish","type":"post","link":"https:\/\/edublog.educastur.es\/ixuxu\/2025\/06\/hector-braga-asoleyo-rabil-el-so-octavu-trabayu-en-solitario\/","title":{"rendered":"\u00abTres besos\u00bb del \u00e1lbum \u00abRabil\u00bb d&#8217;H\u00e9ctor Braga"},"content":{"rendered":"<p style=\"text-align: center\">\n<!-- iframe plugin v.6.0 wordpress.org\/plugins\/iframe\/ -->\n<iframe loading=\"lazy\" width=\"644\" height=\"363\" src=\"https:\/\/www.youtube.com\/embed\/ws0zrYAAisc\" title=\"H\u00e9ctor Braga - Tres Besos (Lyric Video)\" frameborder=\"0\" allow=\"accelerometer; autoplay; clipboard-write; encrypted-media; gyroscope; picture-in-picture; web-share\" referrerpolicy=\"strict-origin-when-cross-origin\" 0=\"allowfullscreen\" 1=\"\/iframe\" scrolling=\"yes\" class=\"iframe-class\"><\/iframe>\n<\/p>\n<div class=\"xt0psk2\">\n<p class=\"_ap3a _aaco _aacu _aacx _aad7 _aade\" dir=\"auto\">El pas\u00e1u 9 de mayu <a class=\"x1i10hfl xjbqb8w x1ejq31n x18oe1m7 x1sy0etr xstzfhl x972fbf x10w94by x1qhh985 x14e42zd x9f619 x1ypdohk xt0psk2 xe8uvvx xdj266r x14z9mp xat24cr x1lziwak xexx8yu xyri2b x18d9i69 x1c1uobl x16tdsg8 x1hl2dhg xggy1nq x1a2a7pz notranslate _a6hd\" role=\"link\" href=\"https:\/\/www.instagram.com\/hector_braga\/\">@hector_braga<\/a> asoley\u00f3 \u2018Rabil\u2019, el so octavu trabayu en solitario \ud83d\udcbf El multiinstrumentista sigue dando novedaes en rellaci\u00f3n d\u2019esti trabayu y <strong>ta acabante d\u2019estrenar na so canal de YouTube\u2019l lyric video de \u2018Tres besos\u2019<\/strong>, una pieza audiovisual na qu\u2019entemez actuaciones en directo, colos dibuxos de <a class=\"x1i10hfl xjbqb8w x1ejq31n x18oe1m7 x1sy0etr xstzfhl x972fbf x10w94by x1qhh985 x14e42zd x9f619 x1ypdohk xt0psk2 xe8uvvx xdj266r x14z9mp xat24cr x1lziwak xexx8yu xyri2b x18d9i69 x1c1uobl x16tdsg8 x1hl2dhg xggy1nq x1a2a7pz notranslate _a6hd\" role=\"link\" href=\"https:\/\/www.instagram.com\/vitor_gonzalez_art\/\">@vitor_gonzalez_art<\/a> y otres im\u00e1xenes de calter mitol\u00f3xicu. Fonte: <a href=\"https:\/\/musicasturiana.com\/hector-braga-publica-lyric-video-de-tres-besos\/\">Musicasturiana.com<\/a><\/p>\n<p dir=\"auto\"><!--more--><\/p>\n<p dir=\"auto\" style=\"text-align: center\">\n<\/div>\n<p style=\"text-align: center\"><a href=\"https:\/\/musicasturiana.com\/wp-content\/uploads\/2025\/06\/hector-braga-tres-besos.jpg\"><img loading=\"lazy\" decoding=\"async\" class=\"aligncenter size-large\" src=\"https:\/\/musicasturiana.com\/wp-content\/uploads\/2025\/06\/hector-braga-tres-besos.jpg\" width=\"1200\" height=\"600\" \/><\/a><\/p>\n<p>El pas\u00e1u 9 de mayu <strong>H\u00e9ctor Braga<\/strong> asoley\u00f3 <em><a href=\"https:\/\/musicasturiana.com\/producto\/hector-braga-cd-rabil\/\"><strong>Rabil<\/strong><\/a><\/em>, el so octavu trabayu en solitario. El multiinstrumentista sigue dando novedaes en rellaci\u00f3n d\u2019esti trabayu y ta acabante d\u2019estrenar na so canal de YouTube\u2019l<em> lyric video<\/em> de<strong> <a href=\"https:\/\/youtu.be\/ws0zrYAAisc?si=HQna1hZQSTl-dtQz\" target=\"_blank\" rel=\"noreferrer noopener\">\u2018Tres besos\u2019<\/a><\/strong>, una pieza audiovisual na qu\u2019entemez actuaciones en directo, colos dibuxos de <strong>V\u00edtor Gonz\u00e1lez <\/strong>y otres im\u00e1xenes de calter <strong>mitol\u00f3xicu<\/strong>. La lletra del cantar que se pue lleer nel videu ye una lleenda, como otres de les presentes nesta referencia discogr\u00e1fica.<\/p>\n<p><em><a href=\"https:\/\/musicasturiana.com\/producto\/hector-braga-cd-rabil\/\">Rabil<\/a><\/em> ye\u2019l trabayu nuevu d\u2019un m\u00fasicu que tien caley\u00e1u pel folk, la m\u00fasica tradicional, la canci\u00f3n d\u2019autor y l\u2019asturianada. N\u00e9l amuesa\u2019l so <strong>son\u00edu m\u00e1s folk, m\u00e1s celta y m\u00e1s rockeru<\/strong> a lo llargo de diez temes nos que rescamplen destacaes <strong>collaboraciones <\/strong>y nos que la <strong>gaita rabil <\/strong>o zanfona ye la protagonista.<\/p>\n<p>Foron<strong> tres a\u00f1os de trabayu<\/strong> pa dar forma a un \u00e1lbum nel que la gaita rabil percuerre cantares al rodiu<strong> lleendes, historia y mitolox\u00eda <\/strong>que suenen sobre melod\u00edes de contundente<strong> folk celta<\/strong>. Produc\u00edu por <strong>Javier Blanco <\/strong>(M\u00e4go de Oz, S\u00f4ber), nel \u00e1lbum collaboren una montonera d\u2019artistes: <strong>V\u00edctor Manuel, Hevia, Algaire, Baxel, Deira, Joaqu\u00edn D\u00edaz, Luis Delgado, \u00d3scar Ib\u00e1\u00f1ez y Bango<\/strong>, am\u00e1s de les bandes de gaites<strong> Picos d\u2019Europa<\/strong>, <strong>LaKadarma <\/strong>y la berciana<strong> Castro B\u00e9rgidum<\/strong>.<\/p>\n<p dir=\"auto\" style=\"text-align: center\">\n<!-- iframe plugin v.6.0 wordpress.org\/plugins\/iframe\/ -->\n<iframe loading=\"lazy\" width=\"100%\" height=\"360\" src=\"https:\/\/www.youtube.com\/embed\/AVE3dcE5FFQ?list=RDAVE3dcE5FFQ\" title=\"Rabil (feat. Algaire)\" frameborder=\"0\" allow=\"accelerometer; autoplay; clipboard-write; encrypted-media; gyroscope; picture-in-picture; web-share\" referrerpolicy=\"strict-origin-when-cross-origin\" 0=\"allowfullscreen\" 1=\"\/iframe\" scrolling=\"yes\" class=\"iframe-class\"><\/iframe>\n<\/p>\n<div class=\"xt0psk2\">\n<p dir=\"auto\">\n<\/div>\n","protected":false},"excerpt":{"rendered":"<p>El pas\u00e1u 9 de mayu @hector_braga asoley\u00f3 \u2018Rabil\u2019, el so octavu trabayu en solitario \ud83d\udcbf El multiinstrumentista sigue dando novedaes en rellaci\u00f3n d\u2019esti trabayu y ta acabante d\u2019estrenar na so canal de YouTube\u2019l lyric video de \u2018Tres besos\u2019, una pieza audiovisual na qu\u2019entemez actuaciones en directo, colos dibuxos de @vitor_gonzalez_art y otres im\u00e1xenes de calter [&hellip;]<\/p>\n","protected":false},"author":117,"featured_media":0,"comment_status":"open","ping_status":"open","sticky":false,"template":"","format":"standard","meta":{"footnotes":""},"categories":[35,125],"tags":[],"class_list":["post-51191","post","type-post","status-publish","format-standard","hentry","category-musica","category-musicasturiana-com"],"_links":{"self":[{"href":"https:\/\/edublog.educastur.es\/ixuxu\/wp-json\/wp\/v2\/posts\/51191","targetHints":{"allow":["GET"]}}],"collection":[{"href":"https:\/\/edublog.educastur.es\/ixuxu\/wp-json\/wp\/v2\/posts"}],"about":[{"href":"https:\/\/edublog.educastur.es\/ixuxu\/wp-json\/wp\/v2\/types\/post"}],"author":[{"embeddable":true,"href":"https:\/\/edublog.educastur.es\/ixuxu\/wp-json\/wp\/v2\/users\/117"}],"replies":[{"embeddable":true,"href":"https:\/\/edublog.educastur.es\/ixuxu\/wp-json\/wp\/v2\/comments?post=51191"}],"version-history":[{"count":12,"href":"https:\/\/edublog.educastur.es\/ixuxu\/wp-json\/wp\/v2\/posts\/51191\/revisions"}],"predecessor-version":[{"id":51238,"href":"https:\/\/edublog.educastur.es\/ixuxu\/wp-json\/wp\/v2\/posts\/51191\/revisions\/51238"}],"wp:attachment":[{"href":"https:\/\/edublog.educastur.es\/ixuxu\/wp-json\/wp\/v2\/media?parent=51191"}],"wp:term":[{"taxonomy":"category","embeddable":true,"href":"https:\/\/edublog.educastur.es\/ixuxu\/wp-json\/wp\/v2\/categories?post=51191"},{"taxonomy":"post_tag","embeddable":true,"href":"https:\/\/edublog.educastur.es\/ixuxu\/wp-json\/wp\/v2\/tags?post=51191"}],"curies":[{"name":"wp","href":"https:\/\/api.w.org\/{rel}","templated":true}]}}