{"id":51201,"date":"2025-06-19T11:07:17","date_gmt":"2025-06-19T09:07:17","guid":{"rendered":"https:\/\/edublog.educastur.es\/ixuxu\/?p=51201"},"modified":"2025-06-19T13:53:23","modified_gmt":"2025-06-19T11:53:23","slug":"el-centru-niemeyer-acueye-una-esposicion-unica-de-la-fotografa-catalana-colita","status":"publish","type":"post","link":"https:\/\/edublog.educastur.es\/ixuxu\/2025\/06\/el-centru-niemeyer-acueye-una-esposicion-unica-de-la-fotografa-catalana-colita\/","title":{"rendered":"El Centru Niemeyer acueye una esposici\u00f3n \u00fanica de la fot\u00f3grafa catalana Colita"},"content":{"rendered":"<div style=\"text-align: center\"><a href=\"https:\/\/www.centroniemeyer.es\/wp-content\/uploads\/2025\/06\/1969-GARCIA-MARQUEZ-GABRIEL-01.jpg\"><img loading=\"lazy\" decoding=\"async\" class=\"aligncenter \" src=\"https:\/\/www.centroniemeyer.es\/wp-content\/uploads\/2025\/06\/1969-GARCIA-MARQUEZ-GABRIEL-01.jpg\" width=\"657\" height=\"493\" \/><\/a><\/div>\n<div class=\"x14z9mp xat24cr x1lziwak x1vvkbs xtlvy1s\">El Centru Niemeyer acueye una esposici\u00f3n \u00fanica de la <a href=\"https:\/\/es.wikipedia.org\/wiki\/Colita_(fot%C3%B3grafa)\">fot\u00f3grafa catalana Colita<\/a>, que va repasar m\u00e1s de cuarenta a\u00f1os la so relaci\u00f3n col arte, sol comisariado del director Francesc Polop. <strong>Podr\u00e1 visitase del 25 de xunu al 11 de xineru de 2026 na Sala de Fotograf\u00eda. <a href=\"https:\/\/www.instagram.com\/archivocolitafotografia\/\">Instagram<\/a> \/ <a href=\"https:\/\/colitafotografia.com\">Web<\/a> \/\u00a0<\/strong><\/div>\n<ul>\n<li class=\"x14z9mp xat24cr x1lziwak x1vvkbs xtlvy1s\"><a href=\"https:\/\/xixonaldia.com\/el-centru-niemeyer-va-acoyer-una-esposicion-unica-del-fotografu-colita-na-que-se-repasa-la-so-relacion-col-arte\/\">Xix\u00f3n al d\u00eda<\/a> \/\u00a0 <a href=\"http:\/\/www.colitafotografia.com\">http:\/\/www.colitafotografia.com<\/a><\/li>\n<\/ul>\n<div class=\"x14z9mp xat24cr x1lziwak x1vvkbs xtlvy1s\" style=\"text-align: center\"><!--more--><span class=\"html-span xexx8yu x4uap5 x18d9i69 xkhd6sd x1hl2dhg x16tdsg8 x1vvkbs x3nfvp2 x1j61x8r x1fcty0u xdj266r xat24cr xgzva0m xhhsvwb xxymvpz xlup9mm x1kky2od\">\n<!-- iframe plugin v.6.0 wordpress.org\/plugins\/iframe\/ -->\n<iframe loading=\"lazy\" src=\"https:\/\/www.instagram.com\/reel\/C6YmoVoq3VY\/embed\" width=\"460\" height=\"550\" 0=\"\/iframe\" scrolling=\"yes\" class=\"iframe-class\" frameborder=\"0\"><\/iframe>\n<\/span><\/div>\n<div><\/div>\n<div class=\"x14z9mp xat24cr x1lziwak x1vvkbs xtlvy1s\">En <span style=\"color: #008080\"><strong>\u2018Colita. Arte y parte\u2019<\/strong> <\/span>enfusamos en seis manifestaciones art\u00edstiques que tuvieron un impactu significativu na vida y obra de Colita: Carmen Amaya abri\u00f3-y l&#8217;alma al flamencu y al so mundu; Gabriel Garc\u00eda M\u00e1rquez afond\u00f3&#8217;l so amor pola lliteratura y los sos rellabicos; Gonzalo Su\u00e1rez form\u00f3 parte de los sos primeros pasos como semeya fixa nel cine; Mediterr\u00e1neu, de Joan Manuel Serrat, con\u00e9ctase cola poes\u00eda y la m\u00fasica del momentu; Joan Mir\u00f3, al travi\u00e9s d&#8217;una acci\u00f3n contracultural hest\u00f3rica, av\u00e9rase al poder del arte total; y Oca\u00f1a, col so activismu y transgresi\u00f3n, <span style=\"color: #008080\">llevola a nueves y prometedores est\u00e9tiques queer qu&#8217;antemanaron el futuru LGTBIQ+.<\/span><\/div>\n<div><\/div>\n<div style=\"text-align: center\"><a href=\"https:\/\/upload.wikimedia.org\/wikipedia\/commons\/thumb\/b\/b3\/Colita_en_el_archivo.jpg\/500px-Colita_en_el_archivo.jpg\"><img loading=\"lazy\" decoding=\"async\" class=\"aligncenter size-large\" src=\"https:\/\/upload.wikimedia.org\/wikipedia\/commons\/thumb\/b\/b3\/Colita_en_el_archivo.jpg\/500px-Colita_en_el_archivo.jpg\" width=\"500\" height=\"667\" \/><\/a><\/div>\n<ul>\n<li class=\"x14z9mp xat24cr x1lziwak x1vvkbs xtlvy1s\"><a class=\"x1i10hfl xjbqb8w x1ejq31n x18oe1m7 x1sy0etr xstzfhl x972fbf x10w94by x1qhh985 x14e42zd x9f619 x1ypdohk xt0psk2 xe8uvvx xdj266r x14z9mp xat24cr x1lziwak xexx8yu xyri2b x18d9i69 x1c1uobl x16tdsg8 x1hl2dhg xggy1nq x1a2a7pz xkrqix3 x1sur9pj x1fey0fg x1s688f\" role=\"link\" href=\"https:\/\/www.centroniemeyer.es\/events\/event\/colita-arte-y-parte\/?fbclid=IwZXh0bgNhZW0CMTAAYnJpZBEwd2VMc2dPZjFEU2RYMEsxUgEeJZV0UoWFL-vLmxOr_uAsexhRho4fjyC22IAc6MWi1Oo9kk6aOb5LO8P9i5E_aem_ZiDyOeICcpPyccfLXg417g\" target=\"_blank\" rel=\"nofollow noopener noreferrer\">https:\/\/www.centroniemeyer.es\/&#8230;\/event\/colita-arte-y-parte\/<\/a><\/li>\n<\/ul>\n","protected":false},"excerpt":{"rendered":"<p>El Centru Niemeyer acueye una esposici\u00f3n \u00fanica de la fot\u00f3grafa catalana Colita, que va repasar m\u00e1s de cuarenta a\u00f1os la so relaci\u00f3n col arte, sol comisariado del director Francesc Polop. Podr\u00e1 visitase del 25 de xunu al 11 de xineru de 2026 na Sala de Fotograf\u00eda. Instagram \/ Web \/\u00a0 Xix\u00f3n al d\u00eda \/\u00a0 http:\/\/www.colitafotografia.com<\/p>\n","protected":false},"author":117,"featured_media":0,"comment_status":"open","ping_status":"open","sticky":false,"template":"","format":"standard","meta":{"footnotes":""},"categories":[14,17],"tags":[],"class_list":["post-51201","post","type-post","status-publish","format-standard","hentry","category-esposiciones","category-semeyes"],"_links":{"self":[{"href":"https:\/\/edublog.educastur.es\/ixuxu\/wp-json\/wp\/v2\/posts\/51201","targetHints":{"allow":["GET"]}}],"collection":[{"href":"https:\/\/edublog.educastur.es\/ixuxu\/wp-json\/wp\/v2\/posts"}],"about":[{"href":"https:\/\/edublog.educastur.es\/ixuxu\/wp-json\/wp\/v2\/types\/post"}],"author":[{"embeddable":true,"href":"https:\/\/edublog.educastur.es\/ixuxu\/wp-json\/wp\/v2\/users\/117"}],"replies":[{"embeddable":true,"href":"https:\/\/edublog.educastur.es\/ixuxu\/wp-json\/wp\/v2\/comments?post=51201"}],"version-history":[{"count":6,"href":"https:\/\/edublog.educastur.es\/ixuxu\/wp-json\/wp\/v2\/posts\/51201\/revisions"}],"predecessor-version":[{"id":51230,"href":"https:\/\/edublog.educastur.es\/ixuxu\/wp-json\/wp\/v2\/posts\/51201\/revisions\/51230"}],"wp:attachment":[{"href":"https:\/\/edublog.educastur.es\/ixuxu\/wp-json\/wp\/v2\/media?parent=51201"}],"wp:term":[{"taxonomy":"category","embeddable":true,"href":"https:\/\/edublog.educastur.es\/ixuxu\/wp-json\/wp\/v2\/categories?post=51201"},{"taxonomy":"post_tag","embeddable":true,"href":"https:\/\/edublog.educastur.es\/ixuxu\/wp-json\/wp\/v2\/tags?post=51201"}],"curies":[{"name":"wp","href":"https:\/\/api.w.org\/{rel}","templated":true}]}}