{"id":51206,"date":"2025-06-28T09:00:55","date_gmt":"2025-06-28T07:00:55","guid":{"rendered":"https:\/\/edublog.educastur.es\/ixuxu\/?p=51206"},"modified":"2025-06-29T09:32:28","modified_gmt":"2025-06-29T07:32:28","slug":"51206","status":"publish","type":"post","link":"https:\/\/edublog.educastur.es\/ixuxu\/2025\/06\/51206\/","title":{"rendered":"Campa\u00f1a institucional: &#8216;S\u00ed, siguimos queriendo&#8217;"},"content":{"rendered":"<ul>\n<li><span class=\"xt0psk2\"><span class=\"xjp7ctv\"><a class=\"x1i10hfl xjbqb8w x1ejq31n x18oe1m7 x1sy0etr xstzfhl x972fbf x10w94by x1qhh985 x14e42zd x9f619 x1ypdohk xt0psk2 xe8uvvx xdj266r x14z9mp xat24cr x1lziwak xexx8yu xyri2b x18d9i69 x1c1uobl x16tdsg8 x1hl2dhg xggy1nq x1a2a7pz notranslate _a6hd\" role=\"link\" href=\"https:\/\/www.instagram.com\/igualdadgob\/\"><span class=\"_ap3a _aaco _aacw _aacx _aad7 _aade\" dir=\"auto\">igualdadgob<\/span><\/a><\/span><\/span>\/ <a href=\"https:\/\/www.igualdad.gob.es\/comunicacion\/campanas\/si-seguimos-queriendo\/\"><strong>campa\u00f1a<\/strong> <\/a>\/ <span class=\"_ap3a _aaco _aacu _aacx _aad7 _aade\" dir=\"auto\"><a class=\"x1i10hfl xjbqb8w x1ejq31n x18oe1m7 x1sy0etr xstzfhl x972fbf x10w94by x1qhh985 x14e42zd x9f619 x1ypdohk xt0psk2 xe8uvvx xdj266r x14z9mp xat24cr x1lziwak xexx8yu xyri2b x18d9i69 x1c1uobl x16tdsg8 x1hl2dhg xggy1nq x1a2a7pz _aa9_ _a6hd\" role=\"link\" href=\"https:\/\/www.instagram.com\/explore\/tags\/s%C3%ADseguimosqueriendo\/\">#S\u00edSeguimosQueriendo<\/a><\/span><\/li>\n<li><a class=\"pdf\" title=\"Cartel 'S\u00ed, seguimos queriendo' (Castellano)\" href=\"https:\/\/www.igualdad.gob.es\/wp-content\/uploads\/2025\/06\/Si_Seguimos_Queriendo_Cast_Vertical.pdf\" target=\"_blank\" rel=\"noopener\">Cartel &#8216;S\u00ed, seguimos queriendo&#8217; <\/a>vertical \/ <a class=\"pdf\" title=\"Cartel 'S\u00ed, seguimos queriendo' (Castellano)\" href=\"https:\/\/www.igualdad.gob.es\/wp-content\/uploads\/2025\/06\/Si_Seguimos_Queriendo__CAST_horizontal.pdf\" target=\"_blank\" rel=\"noopener\">Cartel &#8216;S\u00ed, seguimos queriendo&#8217; apais\u00e1u<\/a><\/li>\n<\/ul>\n<div>\n<p><span class=\"_ap3a _aaco _aacu _aacx _aad7 _aade\" dir=\"auto\">\ud83c\udff3\ufe0f\u200d\ud83c\udf08 Y\u00e1 ta equ\u00ed <span style=\"color: #800080\"><strong>&#8216;S\u00ed, siguimos queriendo&#8217;<\/strong><\/span>, la nueva campa\u00f1a institucional con motivu del &#8217;20 Aniversariu de l&#8217;aprobaci\u00f3n de la Llei del Matrimoniu Igualitariu&#8217;.<\/span><\/p>\n<\/div>\n<div style=\"text-align: center\"><a href=\"https:\/\/www.igualdad.gob.es\/wp-content\/uploads\/2025\/06\/Cartel_Orgullo_2025-1536x1087.jpg\"><img loading=\"lazy\" decoding=\"async\" class=\"aligncenter \" src=\"https:\/\/www.igualdad.gob.es\/wp-content\/uploads\/2025\/06\/Cartel_Orgullo_2025-1536x1087.jpg\" width=\"523\" height=\"370\" \/><\/a><\/div>\n<p><!--more--><\/p>\n<div style=\"text-align: center\">\n\n<!-- iframe plugin v.6.0 wordpress.org\/plugins\/iframe\/ -->\n<iframe loading=\"lazy\" width=\"100%\" height=\"440\" src=\"https:\/\/www.youtube.com\/embed\/iYE8cDN2p1E\" title=\"Campa\u00f1a institucional con motivo del &#039;20 Aniversario de la Ley del Matrimonio Igualitario&#039;\" frameborder=\"0\" allow=\"accelerometer; autoplay; clipboard-write; encrypted-media; gyroscope; picture-in-picture; web-share\" referrerpolicy=\"strict-origin-when-cross-origin\" 0=\"allowfullscreen\" 1=\"\/iframe\" scrolling=\"yes\" class=\"iframe-class\"><\/iframe>\n\n<p><span class=\"html-span xexx8yu x4uap5 x18d9i69 xkhd6sd x1hl2dhg x16tdsg8 x1vvkbs x3nfvp2 x1j61x8r x1fcty0u xdj266r xat24cr xgzva0m xhhsvwb xxymvpz xlup9mm x1kky2od\">\n<!-- iframe plugin v.6.0 wordpress.org\/plugins\/iframe\/ -->\n<iframe loading=\"lazy\" src=\"https:\/\/www.instagram.com\/reel\/DLTIh7WMSxD\/embed\" width=\"480\" height=\"680\" 0=\"\/iframe\" scrolling=\"yes\" class=\"iframe-class\" frameborder=\"0\"><\/iframe>\n<\/span><\/p>\n<p>&nbsp;<\/p>\n<p>&nbsp;<\/p>\n<\/div>\n","protected":false},"excerpt":{"rendered":"<p>igualdadgob\/ campa\u00f1a \/ #S\u00edSeguimosQueriendo Cartel &#8216;S\u00ed, seguimos queriendo&#8217; vertical \/ Cartel &#8216;S\u00ed, seguimos queriendo&#8217; apais\u00e1u \ud83c\udff3\ufe0f\u200d\ud83c\udf08 Y\u00e1 ta equ\u00ed &#8216;S\u00ed, siguimos queriendo&#8217;, la nueva campa\u00f1a institucional con motivu del &#8217;20 Aniversariu de l&#8217;aprobaci\u00f3n de la Llei del Matrimoniu Igualitariu&#8217;.<\/p>\n","protected":false},"author":117,"featured_media":0,"comment_status":"open","ping_status":"open","sticky":false,"template":"","format":"standard","meta":{"footnotes":""},"categories":[11,301],"tags":[],"class_list":["post-51206","post","type-post","status-publish","format-standard","hentry","category-campanes","category-lgbtiq"],"_links":{"self":[{"href":"https:\/\/edublog.educastur.es\/ixuxu\/wp-json\/wp\/v2\/posts\/51206","targetHints":{"allow":["GET"]}}],"collection":[{"href":"https:\/\/edublog.educastur.es\/ixuxu\/wp-json\/wp\/v2\/posts"}],"about":[{"href":"https:\/\/edublog.educastur.es\/ixuxu\/wp-json\/wp\/v2\/types\/post"}],"author":[{"embeddable":true,"href":"https:\/\/edublog.educastur.es\/ixuxu\/wp-json\/wp\/v2\/users\/117"}],"replies":[{"embeddable":true,"href":"https:\/\/edublog.educastur.es\/ixuxu\/wp-json\/wp\/v2\/comments?post=51206"}],"version-history":[{"count":7,"href":"https:\/\/edublog.educastur.es\/ixuxu\/wp-json\/wp\/v2\/posts\/51206\/revisions"}],"predecessor-version":[{"id":51883,"href":"https:\/\/edublog.educastur.es\/ixuxu\/wp-json\/wp\/v2\/posts\/51206\/revisions\/51883"}],"wp:attachment":[{"href":"https:\/\/edublog.educastur.es\/ixuxu\/wp-json\/wp\/v2\/media?parent=51206"}],"wp:term":[{"taxonomy":"category","embeddable":true,"href":"https:\/\/edublog.educastur.es\/ixuxu\/wp-json\/wp\/v2\/categories?post=51206"},{"taxonomy":"post_tag","embeddable":true,"href":"https:\/\/edublog.educastur.es\/ixuxu\/wp-json\/wp\/v2\/tags?post=51206"}],"curies":[{"name":"wp","href":"https:\/\/api.w.org\/{rel}","templated":true}]}}