{"id":51212,"date":"2025-06-19T12:17:02","date_gmt":"2025-06-19T10:17:02","guid":{"rendered":"https:\/\/edublog.educastur.es\/ixuxu\/?p=51212"},"modified":"2025-06-19T14:05:37","modified_gmt":"2025-06-19T12:05:37","slug":"el-primer-pelegrin-lorixe-del-branu-del-11-13-xunetu","status":"publish","type":"post","link":"https:\/\/edublog.educastur.es\/ixuxu\/2025\/06\/el-primer-pelegrin-lorixe-del-branu-del-11-13-xunetu\/","title":{"rendered":"El primer Pelegr\u00edn, l&#8217;orixe del branu, del 11-13 xunetu"},"content":{"rendered":"<p style=\"text-align: center\"><span class=\"_ap3a _aaco _aacu _aacx _aad7 _aade\" dir=\"auto\"><span class=\"html-span xexx8yu x4uap5 x18d9i69 xkhd6sd x1hl2dhg x16tdsg8 x1vvkbs x3nfvp2 x1j61x8r x1fcty0u xdj266r xat24cr xgzva0m xhhsvwb xxymvpz xlup9mm x1kky2od\">\n<!-- iframe plugin v.6.0 wordpress.org\/plugins\/iframe\/ -->\n<iframe loading=\"lazy\" src=\"https:\/\/www.instagram.com\/reel\/DLE5ttZs5OQ\/embed\" width=\"460\" height=\"632\" 0=\"\/iframe\" scrolling=\"yes\" class=\"iframe-class\" frameborder=\"0\"><\/iframe>\n<\/span><\/span><\/p>\n<p>Esti eventu multitudinariu y llenu d&#8217;hestoria cumple y\u00e1 cinco a\u00f1os.<span style=\"color: #008080\"> Los d\u00edes 11, 12 y 13 de xunetu, Uvi\u00e9u va tresformase na medieval \ud835\udd7a\ud835\udd9b\ud835\udd8a\ud835\udd99\ud835\udd86\ud835\udd94.<\/span> Nel Antiguu van celebrase recreaciones hist\u00f3riques, conciertos, xuegos para los ne\u00f1os, visites empuestes&#8230;<\/p>\n<p><!--more--><br \/>\nMientres esa fin de selmana,<span style=\"color: #008080\"><strong> l&#8217;Antiguu va tresformase nun pobl\u00e1u dignu de la Alta Ed\u00e1 Media.<\/strong><\/span> L&#8217;actu m\u00e1s importante cel\u00e9brase&#8217;l s\u00e1badu 12 de xunetu pela nueche, na mesma Plaza d&#8217;Alfonso II na que l&#8217;actor Ram\u00f3n Langa va tresformase en \ud835\udd6c\ud835\udd91\ud835\udd8b\ud835\udd94\ud835\udd93\ud835\udd98\ud835\udd94 \ud835\udd74\ud835\udd74 y recr\u00e9ase la partida de \ud835\udd70\ud835\udd91 \ud835\udd6e\ud835\udd86\ud835\udd98\ud835\udd99\ud835\udd94 cam\u00edn de Compostela.<\/p>\n<p>El domingu Alfonso II va despidise de los uvieinos travesando les cais del Uvi\u00e9u Antiguu aldu al Parque d&#8217;Iviernu, onde va tener llugar la \ud835\udd7d\ud835\udd94\ud835\udd92\ud835\udd8a\ud835\udd97\ud835\udd8e\ud835\udd86 \ud835\udd6c\ud835\udd91\ud835\udd8b\ud835\udd94\ud835\udd93\ud835\udd98\ud835\udd8e\ud835\udd93\ud835\udd86.<\/p>\n<p style=\"text-align: center\"><span class=\"_ap3a _aaco _aacu _aacx _aad7 _aade\" dir=\"auto\"><span class=\"html-span xexx8yu x4uap5 x18d9i69 xkhd6sd x1hl2dhg x16tdsg8 x1vvkbs x3nfvp2 x1j61x8r x1fcty0u xdj266r xat24cr xgzva0m xhhsvwb xxymvpz xlup9mm x1kky2od\">\n<!-- iframe plugin v.6.0 wordpress.org\/plugins\/iframe\/ -->\n<iframe loading=\"lazy\" src=\"https:\/\/www.instagram.com\/reel\/DK_idLxNCU3\/embed\" width=\"640\" height=\"400\" 0=\"\/iframe\" scrolling=\"yes\" class=\"iframe-class\" frameborder=\"0\"><\/iframe>\n<\/span><\/span><\/p>\n<p>\ud835\udd70\ud835\udd91 \ud835\udd7b\ud835\udd97\ud835\udd8e\ud835\udd92\ud835\udd8a\ud835\udd97 \ud835\udd7b\ud835\udd8a\ud835\udd97\ud835\udd8a\ud835\udd8c\ud835\udd97\ud835\udd8e\ud835\udd93\ud835\udd94 tami\u00e9n se celebra na mesa. Mientres el mes de xunetu enforma restoranes d&#8217;Uvi\u00e9u ufierten nos sos men\u00faes los <strong><span style=\"color: #008080\">Tortos del Cam\u00edn<\/span><\/strong>, platu tradicional ellabor\u00e1u con farina de ma\u00edz que se recuper\u00f3 gracies a la <span style=\"color: #008080\"><strong>Confrer\u00eda Gastron\u00f3mica del Tortu de Ma\u00edz d&#8217;Asturies.<\/strong><\/span><\/p>\n<h1 class=\"_ap3a _aaco _aacu _aacx _aad7 _aade\" dir=\"auto\"><\/h1>\n","protected":false},"excerpt":{"rendered":"<p>Esti eventu multitudinariu y llenu d&#8217;hestoria cumple y\u00e1 cinco a\u00f1os. Los d\u00edes 11, 12 y 13 de xunetu, Uvi\u00e9u va tresformase na medieval \ud835\udd7a\ud835\udd9b\ud835\udd8a\ud835\udd99\ud835\udd86\ud835\udd94. Nel Antiguu van celebrase recreaciones hist\u00f3riques, conciertos, xuegos para los ne\u00f1os, visites empuestes&#8230;<\/p>\n","protected":false},"author":117,"featured_media":0,"comment_status":"open","ping_status":"open","sticky":false,"template":"","format":"standard","meta":{"footnotes":""},"categories":[187],"tags":[],"class_list":["post-51212","post","type-post","status-publish","format-standard","hentry","category-camin-de-santiagu"],"_links":{"self":[{"href":"https:\/\/edublog.educastur.es\/ixuxu\/wp-json\/wp\/v2\/posts\/51212","targetHints":{"allow":["GET"]}}],"collection":[{"href":"https:\/\/edublog.educastur.es\/ixuxu\/wp-json\/wp\/v2\/posts"}],"about":[{"href":"https:\/\/edublog.educastur.es\/ixuxu\/wp-json\/wp\/v2\/types\/post"}],"author":[{"embeddable":true,"href":"https:\/\/edublog.educastur.es\/ixuxu\/wp-json\/wp\/v2\/users\/117"}],"replies":[{"embeddable":true,"href":"https:\/\/edublog.educastur.es\/ixuxu\/wp-json\/wp\/v2\/comments?post=51212"}],"version-history":[{"count":8,"href":"https:\/\/edublog.educastur.es\/ixuxu\/wp-json\/wp\/v2\/posts\/51212\/revisions"}],"predecessor-version":[{"id":51237,"href":"https:\/\/edublog.educastur.es\/ixuxu\/wp-json\/wp\/v2\/posts\/51212\/revisions\/51237"}],"wp:attachment":[{"href":"https:\/\/edublog.educastur.es\/ixuxu\/wp-json\/wp\/v2\/media?parent=51212"}],"wp:term":[{"taxonomy":"category","embeddable":true,"href":"https:\/\/edublog.educastur.es\/ixuxu\/wp-json\/wp\/v2\/categories?post=51212"},{"taxonomy":"post_tag","embeddable":true,"href":"https:\/\/edublog.educastur.es\/ixuxu\/wp-json\/wp\/v2\/tags?post=51212"}],"curies":[{"name":"wp","href":"https:\/\/api.w.org\/{rel}","templated":true}]}}