{"id":51223,"date":"2025-06-19T08:50:12","date_gmt":"2025-06-19T06:50:12","guid":{"rendered":"https:\/\/edublog.educastur.es\/ixuxu\/?p=51223"},"modified":"2025-06-19T13:50:34","modified_gmt":"2025-06-19T11:50:34","slug":"asturies-vivio-ayeri-un-inesperau-adelantu-del-branu","status":"publish","type":"post","link":"https:\/\/edublog.educastur.es\/ixuxu\/2025\/06\/asturies-vivio-ayeri-un-inesperau-adelantu-del-branu\/","title":{"rendered":"Asturies vivi\u00f3 ayeri un inesper\u00e1u adelantu del branu"},"content":{"rendered":"<p>La sorprendente vida n&#8217;alerta colorao por calor n&#8217;Asturies: \u00abNun ye normal, estos d\u00edes sol\u00eda orbayar\u00bb. <strong><em>La rex\u00f3n sufre un inesper\u00e1u adelantu del branu a 4 d\u00edes d&#8217;entrar la estaci\u00f3n, con temperatures percima de los 30 graos.<\/em><\/strong><\/p>\n<p style=\"text-align: center\"><a href=\"https:\/\/lh4.googleusercontent.com\/proxy\/2h18BvQzZXp_dPXdSglBsT-9BiZb7XsGDyJ1B_mZHEamGFur3XXafNkVGgDsGs__zRkPJA7ZHGiJJiydWDOFdtr6xSX_D0AcxksuySrHy3lf\"><img loading=\"lazy\" decoding=\"async\" class=\"aligncenter size-large\" src=\"https:\/\/lh4.googleusercontent.com\/proxy\/2h18BvQzZXp_dPXdSglBsT-9BiZb7XsGDyJ1B_mZHEamGFur3XXafNkVGgDsGs__zRkPJA7ZHGiJJiydWDOFdtr6xSX_D0AcxksuySrHy3lf\" width=\"512\" height=\"340\" \/><\/a><\/p>\n<p>Asturies vivi\u00f3 ayeri un inesper\u00e1u adelantu del branu, a cuatro d\u00edes de la entrada de la estaci\u00f3n, con temperatures m\u00e1s propies d&#8217;Andaluc\u00eda o&#8217;l Llevante y la primer alerta colorao sanitaria d&#8217;angua\u00f1o, qu&#8217;afect\u00f3 a 17 conceyos asturianos del Cordal y l&#8217;Oriente interior de la rex\u00f3n, seg\u00fan a la contorna llebaniega de la vecina Cantabria.<\/p>\n<p><!--more--><\/p>\n<p>Los 17 conceyos declaraos n&#8217;alerta sanitario fueron Somiedu, Teberga, Quir\u00f3s, La Pola L.lena, Ayer, Sobrescobiu, Casu, Ponga, Pilo\u00f1a, Parres, Amieva, Cangues d&#8217;On\u00eds, On\u00eds, Cabrales, Pe\u00f1amellera Alta, Pe\u00f1amellera Baxa y Ribedeva. N&#8217;unu d&#8217;ellos, Somiedu rexistr\u00f3 la m\u00e1xima de la rex\u00f3n, 35,7 graos, solu cinco per debaxo de la m\u00e1xima espa\u00f1ola, que dio en Montoro de C\u00f3rdoba, 40,9 graos.<\/p>\n<p>&nbsp;<\/p>\n","protected":false},"excerpt":{"rendered":"<p>La sorprendente vida n&#8217;alerta colorao por calor n&#8217;Asturies: \u00abNun ye normal, estos d\u00edes sol\u00eda orbayar\u00bb. La rex\u00f3n sufre un inesper\u00e1u adelantu del branu a 4 d\u00edes d&#8217;entrar la estaci\u00f3n, con temperatures percima de los 30 graos. Asturies vivi\u00f3 ayeri un inesper\u00e1u adelantu del branu, a cuatro d\u00edes de la entrada de la estaci\u00f3n, con temperatures [&hellip;]<\/p>\n","protected":false},"author":117,"featured_media":0,"comment_status":"open","ping_status":"open","sticky":false,"template":"","format":"standard","meta":{"footnotes":""},"categories":[5],"tags":[],"class_list":["post-51223","post","type-post","status-publish","format-standard","hentry","category-tiempu"],"_links":{"self":[{"href":"https:\/\/edublog.educastur.es\/ixuxu\/wp-json\/wp\/v2\/posts\/51223","targetHints":{"allow":["GET"]}}],"collection":[{"href":"https:\/\/edublog.educastur.es\/ixuxu\/wp-json\/wp\/v2\/posts"}],"about":[{"href":"https:\/\/edublog.educastur.es\/ixuxu\/wp-json\/wp\/v2\/types\/post"}],"author":[{"embeddable":true,"href":"https:\/\/edublog.educastur.es\/ixuxu\/wp-json\/wp\/v2\/users\/117"}],"replies":[{"embeddable":true,"href":"https:\/\/edublog.educastur.es\/ixuxu\/wp-json\/wp\/v2\/comments?post=51223"}],"version-history":[{"count":4,"href":"https:\/\/edublog.educastur.es\/ixuxu\/wp-json\/wp\/v2\/posts\/51223\/revisions"}],"predecessor-version":[{"id":51227,"href":"https:\/\/edublog.educastur.es\/ixuxu\/wp-json\/wp\/v2\/posts\/51223\/revisions\/51227"}],"wp:attachment":[{"href":"https:\/\/edublog.educastur.es\/ixuxu\/wp-json\/wp\/v2\/media?parent=51223"}],"wp:term":[{"taxonomy":"category","embeddable":true,"href":"https:\/\/edublog.educastur.es\/ixuxu\/wp-json\/wp\/v2\/categories?post=51223"},{"taxonomy":"post_tag","embeddable":true,"href":"https:\/\/edublog.educastur.es\/ixuxu\/wp-json\/wp\/v2\/tags?post=51223"}],"curies":[{"name":"wp","href":"https:\/\/api.w.org\/{rel}","templated":true}]}}