{"id":51241,"date":"2025-06-20T08:30:14","date_gmt":"2025-06-20T06:30:14","guid":{"rendered":"https:\/\/edublog.educastur.es\/ixuxu\/?p=51241"},"modified":"2025-06-19T23:58:25","modified_gmt":"2025-06-19T21:58:25","slug":"el-tiempu-el-comercio-72","status":"publish","type":"post","link":"https:\/\/edublog.educastur.es\/ixuxu\/2025\/06\/el-tiempu-el-comercio-72\/","title":{"rendered":"El tiempu (EL Comercio)"},"content":{"rendered":"<p style=\"text-align: center\"><a href=\"https:\/\/s1.ppllstatics.com\/elcomercio\/www\/multimedia\/2025\/06\/19\/tiempo-asturias-kwnD-U2301948938566Ca-1200x860@El%20Comercio.jpg\"><img loading=\"lazy\" decoding=\"async\" class=\"aligncenter size-large\" src=\"https:\/\/s1.ppllstatics.com\/elcomercio\/www\/multimedia\/2025\/06\/19\/tiempo-asturias-kwnD-U2301948938566Ca-1200x860@El%20Comercio.jpg\" width=\"1200\" height=\"860\" \/><\/a><\/p>\n<p>Esperamos otra xornada calorosa n&#8217;Asturies. <strong>Les temperatures m\u00e1ximes<\/strong> van xubir en tola met\u00e1 sur hasta 3 \u00baC m\u00e1s que&#8217;l xueves, ya inclusive hasta 4 \u00baC nel suroccidente. Tami\u00e9n podr\u00eden xubir les m\u00e1ximes nel estremu m\u00e1s oriental de la rex\u00f3n. Nel restu van caltenese polo que volveremos tener un d\u00eda con valores que van superar los 30 \u00baC nes poblaciones m\u00e1s caloroses del Princip\u00e1u. En cuanto al<strong> est\u00e1u de los cielos<\/strong>, vamos amanecer nubes baxes na mari\u00f1a y otres zones del norte d&#8217;Asturies, pero esta nubosid\u00e1 va estenase col pasu de les hores y van abrise grandes claros polo xeneral. <strong>Pela tarde<\/strong> va apaecer nubosid\u00e1 d&#8217;evoluci\u00f3n que podr\u00eda acabar dexando bastios d&#8217;orixe tormentosu y acompa\u00f1aos de xarazo.<\/p>\n<p>L&#8217;Axencia Estatal de Meteorolox\u00eda va activar<strong> a partir de les 18 hores l&#8217;avisu mariellu<\/strong> en tola Comunid\u00e1 Aut\u00f3noma pola posibilid\u00e1 de nubes, fuertes bastios de forma local y xarazo superior a 2 cent\u00edmetros. <strong>Los vientos<\/strong> van ser fluexos polo xeneral con delles raches daqu\u00e9 m\u00e1s significatives asociaes a les nubes nel momentu que puedan producise. <strong>El s\u00e1badu<\/strong> vamos tener cielos bien nublos polo xeneral con un descensu t\u00e9rmicu notable polo que l&#8217;ambiente nada va tener que ver col de l&#8217;anterior xornada o&#8217;l d&#8217;estos \u00faltimos d\u00edes.<\/p>\n","protected":false},"excerpt":{"rendered":"<p>Esperamos otra xornada calorosa n&#8217;Asturies. Les temperatures m\u00e1ximes van xubir en tola met\u00e1 sur hasta 3 \u00baC m\u00e1s que&#8217;l xueves, ya inclusive hasta 4 \u00baC nel suroccidente. Tami\u00e9n podr\u00eden xubir les m\u00e1ximes nel estremu m\u00e1s oriental de la rex\u00f3n. Nel restu van caltenese polo que volveremos tener un d\u00eda con valores que van superar los [&hellip;]<\/p>\n","protected":false},"author":117,"featured_media":0,"comment_status":"open","ping_status":"open","sticky":false,"template":"","format":"standard","meta":{"footnotes":""},"categories":[5],"tags":[],"class_list":["post-51241","post","type-post","status-publish","format-standard","hentry","category-tiempu"],"_links":{"self":[{"href":"https:\/\/edublog.educastur.es\/ixuxu\/wp-json\/wp\/v2\/posts\/51241","targetHints":{"allow":["GET"]}}],"collection":[{"href":"https:\/\/edublog.educastur.es\/ixuxu\/wp-json\/wp\/v2\/posts"}],"about":[{"href":"https:\/\/edublog.educastur.es\/ixuxu\/wp-json\/wp\/v2\/types\/post"}],"author":[{"embeddable":true,"href":"https:\/\/edublog.educastur.es\/ixuxu\/wp-json\/wp\/v2\/users\/117"}],"replies":[{"embeddable":true,"href":"https:\/\/edublog.educastur.es\/ixuxu\/wp-json\/wp\/v2\/comments?post=51241"}],"version-history":[{"count":1,"href":"https:\/\/edublog.educastur.es\/ixuxu\/wp-json\/wp\/v2\/posts\/51241\/revisions"}],"predecessor-version":[{"id":51242,"href":"https:\/\/edublog.educastur.es\/ixuxu\/wp-json\/wp\/v2\/posts\/51241\/revisions\/51242"}],"wp:attachment":[{"href":"https:\/\/edublog.educastur.es\/ixuxu\/wp-json\/wp\/v2\/media?parent=51241"}],"wp:term":[{"taxonomy":"category","embeddable":true,"href":"https:\/\/edublog.educastur.es\/ixuxu\/wp-json\/wp\/v2\/categories?post=51241"},{"taxonomy":"post_tag","embeddable":true,"href":"https:\/\/edublog.educastur.es\/ixuxu\/wp-json\/wp\/v2\/tags?post=51241"}],"curies":[{"name":"wp","href":"https:\/\/api.w.org\/{rel}","templated":true}]}}