{"id":51295,"date":"2025-06-20T12:19:37","date_gmt":"2025-06-20T10:19:37","guid":{"rendered":"https:\/\/edublog.educastur.es\/ixuxu\/?p=51295"},"modified":"2025-06-20T12:19:37","modified_gmt":"2025-06-20T10:19:37","slug":"eventos-musicales-nestos-prosimos-dies-nasturies","status":"publish","type":"post","link":"https:\/\/edublog.educastur.es\/ixuxu\/2025\/06\/eventos-musicales-nestos-prosimos-dies-nasturies\/","title":{"rendered":"Eventos musicales nestos pr\u00f3simos d\u00edes n&#8217;Asturies"},"content":{"rendered":"<div class=\"html-div xdj266r x14z9mp xat24cr x1lziwak xexx8yu xyri2b x18d9i69 x1c1uobl\">\n<div class=\"html-div xdj266r x14z9mp x1lziwak x18d9i69 x1cy8zhl x78zum5 x1q0g3np xod5an3 xz9dl7a x1g0dm76 xpdmqnj\">\n<div class=\"html-div xdj266r x14z9mp xat24cr x1lziwak xexx8yu xyri2b x18d9i69 x1c1uobl x1iyjqo2 xeuugli\">\n<div class=\"x78zum5 xdt5ytf xz62fqu x16ldp7u\">\n<div class=\"xu06os2 x1ok221b\">\n<div class=\"html-div xdj266r x14z9mp xat24cr x1lziwak xexx8yu xyri2b x18d9i69 x1c1uobl\" data-ad-rendering-role=\"profile_name\">\n<ul>\n<li id=\"_r_29_\" class=\"html-h4 x14z9mp xat24cr x1lziwak xexx8yu xyri2b x18d9i69 x1c1uobl x1vvkbs x1heor9g x1qlqyl8 x1pd3egz x1a2a7pz x1gslohp x1yc453h\"><span class=\"xt0psk2\"><a class=\"x1i10hfl xjbqb8w x1ejq31n x18oe1m7 x1sy0etr xstzfhl x972fbf x10w94by x1qhh985 x14e42zd x9f619 x1ypdohk xt0psk2 xe8uvvx xdj266r x14z9mp xat24cr x1lziwak xexx8yu xyri2b x18d9i69 x1c1uobl x16tdsg8 x1hl2dhg xggy1nq x1a2a7pz xkrqix3 x1sur9pj xzsf02u x1s688f\" role=\"link\" href=\"https:\/\/www.facebook.com\/musicasturiana?__cft__[0]=AZWYsBRDicQ_kVLOMQ5taH-vlKPcoiBmb5iKAusQXk0vKMjyO2HOUrj3_CX5aKa-BZ2nudihCwrlTbH-9F-uQ1e-_sHUMsTf0ukd0lFSnxK7CXvykaeb5DX9Cn-xxrTRkoWRjdbCEorJHy1IfGeJJQn-H_vte9epTVwNSdcJhlgoyE3F_3xrbwT0d-8j9aFYaKyhsyE_hpk-3jNADWYdiuxMvA59PPIszzU0-kqRfLUCmw&amp;__tn__=-UC%2CP-R\"><strong class=\"html-strong xdj266r x14z9mp xat24cr x1lziwak xexx8yu xyri2b x18d9i69 x1c1uobl x1hl2dhg x16tdsg8 x1vvkbs x1s688f\"><span class=\"html-span xdj266r x14z9mp xat24cr x1lziwak xexx8yu xyri2b x18d9i69 x1c1uobl x1hl2dhg x16tdsg8 x1vvkbs\">musicasturiana.com<\/span><\/strong><\/a><\/span><\/li>\n<\/ul>\n<\/div>\n<\/div>\n<div class=\"xu06os2 x1ok221b\"><\/div>\n<\/div>\n<\/div>\n<div>\n<div class=\"x1ey2m1c xtijo5x x1o0tod xg01cxk x47corl x10l6tqk x13vifvy x1ebt8du x19991ni x1dhq9h x1iwo8zk x1033uif x179ill4 x1b60jn0\" role=\"none\" data-visualcompletion=\"ignore\">Dende g\u00fcei y hasta&#8217;l domingu va haber cuasi <span class=\"html-span xexx8yu xyri2b x18d9i69 x1c1uobl x1hl2dhg x16tdsg8 x1vvkbs x3nfvp2 x1j61x8r x1fcty0u xdj266r xat24cr xm2jcoa x1mpyi22 xxymvpz xlup9mm x1kky2od\"><img loading=\"lazy\" decoding=\"async\" class=\"xz74otr x15mokao x1ga7v0g x16uus16 xbiv7yw\" src=\"https:\/\/static.xx.fbcdn.net\/images\/emoji.php\/v9\/td7\/1\/16\/34_20e3.png\" alt=\"4\ufe0f\u20e3\" width=\"16\" height=\"16\" \/><\/span><span class=\"html-span xexx8yu xyri2b x18d9i69 x1c1uobl x1hl2dhg x16tdsg8 x1vvkbs x3nfvp2 x1j61x8r x1fcty0u xdj266r xat24cr xm2jcoa x1mpyi22 xxymvpz xlup9mm x1kky2od\"><img loading=\"lazy\" decoding=\"async\" class=\"xz74otr x15mokao x1ga7v0g x16uus16 xbiv7yw\" src=\"https:\/\/static.xx.fbcdn.net\/images\/emoji.php\/v9\/t5b\/1\/16\/30_20e3.png\" alt=\"0\ufe0f\u20e3\" width=\"16\" height=\"16\" \/><\/span> actuaciones estremaes <span class=\"html-span xexx8yu xyri2b x18d9i69 x1c1uobl x1hl2dhg x16tdsg8 x1vvkbs x3nfvp2 x1j61x8r x1fcty0u xdj266r xat24cr xm2jcoa x1mpyi22 xxymvpz xlup9mm x1kky2od\"><img loading=\"lazy\" decoding=\"async\" class=\"xz74otr x15mokao x1ga7v0g x16uus16 xbiv7yw\" src=\"https:\/\/static.xx.fbcdn.net\/images\/emoji.php\/v9\/t1f\/1\/16\/1f3b6.png\" alt=\"\ud83c\udfb6\" width=\"16\" height=\"16\" \/><\/span> La Ciud\u00e1 nel Mar, <span class=\"html-span xdj266r x14z9mp xat24cr x1lziwak xexx8yu xyri2b x18d9i69 x1c1uobl x1hl2dhg x16tdsg8 x1vvkbs\"><a class=\"x1i10hfl xjbqb8w x1ejq31n x18oe1m7 x1sy0etr xstzfhl x972fbf x10w94by x1qhh985 x14e42zd x9f619 x1ypdohk xt0psk2 xe8uvvx xdj266r x14z9mp xat24cr x1lziwak xexx8yu xyri2b x18d9i69 x1c1uobl x16tdsg8 x1hl2dhg xggy1nq x1a2a7pz xkrqix3 x1sur9pj x1fey0fg x1s688f\" role=\"link\" href=\"https:\/\/www.facebook.com\/rrubiovero?__cft__[0]=AZWYsBRDicQ_kVLOMQ5taH-vlKPcoiBmb5iKAusQXk0vKMjyO2HOUrj3_CX5aKa-BZ2nudihCwrlTbH-9F-uQ1e-_sHUMsTf0ukd0lFSnxK7CXvykaeb5DX9Cn-xxrTRkoWRjdbCEorJHy1IfGeJJQn-H_vte9epTVwNSdcJhlgoyE3F_3xrbwT0d-8j9aFYaKyhsyE_hpk-3jNADWYdiuxMvA59PPIszzU0-kqRfLUCmw&amp;__tn__=-]K-R\"><span class=\"xt0psk2\"><span class=\"xjp7ctv\">Vero Rubio<\/span><\/span><\/a><\/span>, Ferla Meg\u00eda, <span class=\"html-span xdj266r x14z9mp xat24cr x1lziwak xexx8yu xyri2b x18d9i69 x1c1uobl x1hl2dhg x16tdsg8 x1vvkbs\"><a class=\"x1i10hfl xjbqb8w x1ejq31n x18oe1m7 x1sy0etr xstzfhl x972fbf x10w94by x1qhh985 x14e42zd x9f619 x1ypdohk xt0psk2 xe8uvvx xdj266r x14z9mp xat24cr x1lziwak xexx8yu xyri2b x18d9i69 x1c1uobl x16tdsg8 x1hl2dhg xggy1nq x1a2a7pz xkrqix3 x1sur9pj x1fey0fg x1s688f\" role=\"link\" href=\"https:\/\/www.facebook.com\/marisavalleroso?__cft__[0]=AZWYsBRDicQ_kVLOMQ5taH-vlKPcoiBmb5iKAusQXk0vKMjyO2HOUrj3_CX5aKa-BZ2nudihCwrlTbH-9F-uQ1e-_sHUMsTf0ukd0lFSnxK7CXvykaeb5DX9Cn-xxrTRkoWRjdbCEorJHy1IfGeJJQn-H_vte9epTVwNSdcJhlgoyE3F_3xrbwT0d-8j9aFYaKyhsyE_hpk-3jNADWYdiuxMvA59PPIszzU0-kqRfLUCmw&amp;__tn__=-]K-R\"><span class=\"xt0psk2\"><span class=\"xjp7ctv\">Marisa Valle Roso<\/span><\/span><\/a><\/span>, <span class=\"html-span xdj266r x14z9mp xat24cr x1lziwak xexx8yu xyri2b x18d9i69 x1c1uobl x1hl2dhg x16tdsg8 x1vvkbs\"><a class=\"x1i10hfl xjbqb8w x1ejq31n x18oe1m7 x1sy0etr xstzfhl x972fbf x10w94by x1qhh985 x14e42zd x9f619 x1ypdohk xt0psk2 xe8uvvx xdj266r x14z9mp xat24cr x1lziwak xexx8yu xyri2b x18d9i69 x1c1uobl x16tdsg8 x1hl2dhg xggy1nq x1a2a7pz xkrqix3 x1sur9pj x1fey0fg x1s688f\" role=\"link\" href=\"https:\/\/www.facebook.com\/LRpostfolkasturianu?__cft__[0]=AZWYsBRDicQ_kVLOMQ5taH-vlKPcoiBmb5iKAusQXk0vKMjyO2HOUrj3_CX5aKa-BZ2nudihCwrlTbH-9F-uQ1e-_sHUMsTf0ukd0lFSnxK7CXvykaeb5DX9Cn-xxrTRkoWRjdbCEorJHy1IfGeJJQn-H_vte9epTVwNSdcJhlgoyE3F_3xrbwT0d-8j9aFYaKyhsyE_hpk-3jNADWYdiuxMvA59PPIszzU0-kqRfLUCmw&amp;__tn__=-]K-R\"><span class=\"xt0psk2\"><span class=\"xjp7ctv\">L-R<\/span><\/span><\/a><\/span>, Tania Pereira, <span class=\"html-span xdj266r x14z9mp xat24cr x1lziwak xexx8yu xyri2b x18d9i69 x1c1uobl x1hl2dhg x16tdsg8 x1vvkbs\"><a class=\"x1i10hfl xjbqb8w x1ejq31n x18oe1m7 x1sy0etr xstzfhl x972fbf x10w94by x1qhh985 x14e42zd x9f619 x1ypdohk xt0psk2 xe8uvvx xdj266r x14z9mp xat24cr x1lziwak xexx8yu xyri2b x18d9i69 x1c1uobl x16tdsg8 x1hl2dhg xggy1nq x1a2a7pz xkrqix3 x1sur9pj x1fey0fg x1s688f\" role=\"link\" href=\"https:\/\/www.facebook.com\/PicarosOficial?__cft__[0]=AZWYsBRDicQ_kVLOMQ5taH-vlKPcoiBmb5iKAusQXk0vKMjyO2HOUrj3_CX5aKa-BZ2nudihCwrlTbH-9F-uQ1e-_sHUMsTf0ukd0lFSnxK7CXvykaeb5DX9Cn-xxrTRkoWRjdbCEorJHy1IfGeJJQn-H_vte9epTVwNSdcJhlgoyE3F_3xrbwT0d-8j9aFYaKyhsyE_hpk-3jNADWYdiuxMvA59PPIszzU0-kqRfLUCmw&amp;__tn__=-]K-R\"><span class=\"xt0psk2\"><span class=\"xjp7ctv\">Picar\u00f3s<\/span><\/span><\/a><\/span>, <span class=\"html-span xdj266r x14z9mp xat24cr x1lziwak xexx8yu xyri2b x18d9i69 x1c1uobl x1hl2dhg x16tdsg8 x1vvkbs\"><a class=\"x1i10hfl xjbqb8w x1ejq31n x18oe1m7 x1sy0etr xstzfhl x972fbf x10w94by x1qhh985 x14e42zd x9f619 x1ypdohk xt0psk2 xe8uvvx xdj266r x14z9mp xat24cr x1lziwak xexx8yu xyri2b x18d9i69 x1c1uobl x16tdsg8 x1hl2dhg xggy1nq x1a2a7pz xkrqix3 x1sur9pj x1fey0fg x1s688f\" role=\"link\" href=\"https:\/\/www.facebook.com\/bandinalagarrapiella?__cft__[0]=AZWYsBRDicQ_kVLOMQ5taH-vlKPcoiBmb5iKAusQXk0vKMjyO2HOUrj3_CX5aKa-BZ2nudihCwrlTbH-9F-uQ1e-_sHUMsTf0ukd0lFSnxK7CXvykaeb5DX9Cn-xxrTRkoWRjdbCEorJHy1IfGeJJQn-H_vte9epTVwNSdcJhlgoyE3F_3xrbwT0d-8j9aFYaKyhsyE_hpk-3jNADWYdiuxMvA59PPIszzU0-kqRfLUCmw&amp;__tn__=-]K-R\"><span class=\"xt0psk2\"><span class=\"xjp7ctv\">La Garrapiella<\/span><\/span><\/a><\/span>, <span class=\"html-span xdj266r x14z9mp xat24cr x1lziwak xexx8yu xyri2b x18d9i69 x1c1uobl x1hl2dhg x16tdsg8 x1vvkbs\"><a class=\"x1i10hfl xjbqb8w x1ejq31n x18oe1m7 x1sy0etr xstzfhl x972fbf x10w94by x1qhh985 x14e42zd x9f619 x1ypdohk xt0psk2 xe8uvvx xdj266r x14z9mp xat24cr x1lziwak xexx8yu xyri2b x18d9i69 x1c1uobl x16tdsg8 x1hl2dhg xggy1nq x1a2a7pz xkrqix3 x1sur9pj x1fey0fg x1s688f\" role=\"link\" href=\"https:\/\/www.facebook.com\/LosGascones?__cft__[0]=AZWYsBRDicQ_kVLOMQ5taH-vlKPcoiBmb5iKAusQXk0vKMjyO2HOUrj3_CX5aKa-BZ2nudihCwrlTbH-9F-uQ1e-_sHUMsTf0ukd0lFSnxK7CXvykaeb5DX9Cn-xxrTRkoWRjdbCEorJHy1IfGeJJQn-H_vte9epTVwNSdcJhlgoyE3F_3xrbwT0d-8j9aFYaKyhsyE_hpk-3jNADWYdiuxMvA59PPIszzU0-kqRfLUCmw&amp;__tn__=-]K-R\"><span class=\"xt0psk2\"><span class=\"xjp7ctv\">Los Gascones<\/span><\/span><\/a><\/span>, y una montonera d&#8217;agrupaciones tradicionales formen la programaci\u00f3n d&#8217;eventos.<\/div>\n<div style=\"text-align: center\" role=\"none\" data-visualcompletion=\"ignore\"><a href=\"https:\/\/musicasturiana.com\/wp-content\/uploads\/2025\/06\/nenes-playa-xixon.jpg\"><img loading=\"lazy\" decoding=\"async\" class=\"aligncenter size-large\" src=\"https:\/\/musicasturiana.com\/wp-content\/uploads\/2025\/06\/nenes-playa-xixon.jpg\" width=\"1200\" height=\"600\" \/><\/a><\/div>\n<\/div>\n<div role=\"none\" data-visualcompletion=\"ignore\">\n<p><!--more--><\/p>\n<p>La primavera remata con una montonera d\u2019eventos hasta esti domingu 22 de xunu. Esti\u00a0<strong>xueves 19\u00a0<\/strong>el Centru de Cultura Antiguu Institutu de Xix\u00f3n acueye l\u2019estrenu en directo de<strong>\u00a0<a href=\"https:\/\/musicasturiana.com\/tenemos-la-formacion-que-buscabemos-cantares-fechos-con-rixu-y-amor-munches-ganes-de-facer-musica\/\">La Ciud\u00e1 nel Mar<\/a>\u00a0<\/strong>(20.30h, con entrada llibre), mientres que\u00a0<strong>Vero Rubio<\/strong>\u00a0act\u00faa nel Burlesque Club d\u2019Uvi\u00e9u (20h, de baldre). El vienres 20 a les 19.30h l\u2019<strong>Arca de Mozart<\/strong>\u00a0toquen na Casa la Cultura de Nore\u00f1a dientro del circuitu Asturies Cultura en Rede.<\/p>\n<p>El\u00a0<strong>s\u00e1badu<\/strong>\u00a0Xix\u00f3n va ser la protagonista de l\u2019axenda musical con tres eventos nos que los sones y el baille del pa\u00eds van enllenar la villa de Xovellanos. Per un llau ta la<em>\u00a0<a href=\"https:\/\/musicasturiana.com\/l-r-y-trece-agrupaciones-tradicionales-ponen-musica-de-raiganu-a-la-fiesta-de-la-musica-en-xixon\/\"><strong>Fiesta de la M\u00fasica<\/strong><\/a><\/em>, na dende les 12.30h la ma\u00f1ana van actuar\u00a0<strong>trece agrupaciones\u00a0<\/strong>tradicionales en delles places y parques del conceyu y\u00a0<strong>L-R<\/strong>\u00a0a les 19h nel Parque del Cerilleru. A les 18.30h ye l\u2019eventu<a href=\"https:\/\/musicasturiana.com\/ciares-va-presentar-el-cartelu-de-les-sos-fiestes-populares-con-una-tarde-en-danza\/\">\u00a0<em><strong>Ciares en Danza<\/strong><\/em><\/a>\u00a0nel campu f\u00fatbol de La Cruz y a les 19h<strong>\u00a0<em><a href=\"https:\/\/musicasturiana.com\/el-museu-del-pueblu-dasturies-acueye-esti-sabadu-la-folixa-del-trubiecu\/\">La Folixa del Trubiecu<\/a><\/em>\u00a0<\/strong>nel Mus\u00e9u del Pueblu d\u2019Asturies.<\/p>\n<p>Esti s\u00e1badu 21 tami\u00e9n toquen la\u00a0<strong>Bandina La Garrapiella\u00a0<\/strong>a les 12h en Pravia y el tr\u00edu folk\u00a0<strong>Picar\u00f3s\u00a0<\/strong>en La Figal de Xugabolos (Casazorrina, Salas). Per otru llau\u00a0<a href=\"https:\/\/musicasturiana.com\/les-fiestes-de-san-xuan-de-mieres-acueyen-dieciseis-actividaes-venceyaes-a-la-musical-pais\/\">Mieres sigue coles fiestes de San Xuan<\/a>\u00a0qu\u2019acueyen los desfiles del\u00a0<strong>Grupu Baille Ruxidera<\/strong>\u00a0(s\u00e1badu a les 13h na Plaza Requexu) y de la<strong>\u00a0Banda Gaites Villa de Mieres<\/strong>\u00a0(domingu a les 13h na Plaza Requexu); y los conciertos el s\u00e1badu de\u00a0<strong>Ferla Meg\u00eda<\/strong>\u00a0(20h, Plaza Requexu), de\u00a0<strong>Marisa Valle Roso<\/strong>\u00a0(23.30h, PArque Xovellanos) y de\u00a0<strong>Tania Pereira<\/strong>\u00a0(domingu 22h, Cai Jer\u00f3nimo Ibr\u00e1n). P\u2019acabar,\u00a0<strong>Bual\u00a0<\/strong>festexa\u2019l d\u00eda 22 el so<strong>\u00a0XIX\u00a0<em>Domingo de Mercado<\/em><\/strong>\u00a0nel que van poder vese a\u00a0<strong>Los Gascones\u00a0<\/strong>(12h) y l\u2019espect\u00e1culu\u00a0<strong>Tradicionando<\/strong>\u00a0(19h).<\/p>\n<p>Tola programaci\u00f3n detallada d\u2019equ\u00ed a los pr\u00f3ximos meses pue vese na\u00a0<a href=\"https:\/\/musicasturiana.com\/axenda\/lista\/\" target=\"_blank\" rel=\"noreferrer noopener\" data-type=\"link\" data-id=\"https:\/\/musicasturiana.com\/axenda\/lista\/\">Axenda de Musicasturiana.com<\/a>.<\/p>\n<\/div>\n<\/div>\n<\/div>\n<p>&nbsp;<\/p>\n","protected":false},"excerpt":{"rendered":"<p>musicasturiana.com Dende g\u00fcei y hasta&#8217;l domingu va haber cuasi actuaciones estremaes La Ciud\u00e1 nel Mar, Vero Rubio, Ferla Meg\u00eda, Marisa Valle Roso, L-R, Tania Pereira, Picar\u00f3s, La Garrapiella, Los Gascones, y una montonera d&#8217;agrupaciones tradicionales formen la programaci\u00f3n d&#8217;eventos.<\/p>\n","protected":false},"author":117,"featured_media":0,"comment_status":"open","ping_status":"open","sticky":false,"template":"","format":"standard","meta":{"footnotes":""},"categories":[35,125],"tags":[],"class_list":["post-51295","post","type-post","status-publish","format-standard","hentry","category-musica","category-musicasturiana-com"],"_links":{"self":[{"href":"https:\/\/edublog.educastur.es\/ixuxu\/wp-json\/wp\/v2\/posts\/51295","targetHints":{"allow":["GET"]}}],"collection":[{"href":"https:\/\/edublog.educastur.es\/ixuxu\/wp-json\/wp\/v2\/posts"}],"about":[{"href":"https:\/\/edublog.educastur.es\/ixuxu\/wp-json\/wp\/v2\/types\/post"}],"author":[{"embeddable":true,"href":"https:\/\/edublog.educastur.es\/ixuxu\/wp-json\/wp\/v2\/users\/117"}],"replies":[{"embeddable":true,"href":"https:\/\/edublog.educastur.es\/ixuxu\/wp-json\/wp\/v2\/comments?post=51295"}],"version-history":[{"count":1,"href":"https:\/\/edublog.educastur.es\/ixuxu\/wp-json\/wp\/v2\/posts\/51295\/revisions"}],"predecessor-version":[{"id":51296,"href":"https:\/\/edublog.educastur.es\/ixuxu\/wp-json\/wp\/v2\/posts\/51295\/revisions\/51296"}],"wp:attachment":[{"href":"https:\/\/edublog.educastur.es\/ixuxu\/wp-json\/wp\/v2\/media?parent=51295"}],"wp:term":[{"taxonomy":"category","embeddable":true,"href":"https:\/\/edublog.educastur.es\/ixuxu\/wp-json\/wp\/v2\/categories?post=51295"},{"taxonomy":"post_tag","embeddable":true,"href":"https:\/\/edublog.educastur.es\/ixuxu\/wp-json\/wp\/v2\/tags?post=51295"}],"curies":[{"name":"wp","href":"https:\/\/api.w.org\/{rel}","templated":true}]}}