{"id":513,"date":"2020-05-09T08:39:23","date_gmt":"2020-05-09T08:39:23","guid":{"rendered":"https:\/\/edublog.educastur.es\/ixuxu\/?p=513"},"modified":"2020-08-24T19:39:53","modified_gmt":"2020-08-24T19:39:53","slug":"dia-mundial-de-les-aves-migratories","status":"publish","type":"post","link":"https:\/\/edublog.educastur.es\/ixuxu\/2020\/05\/dia-mundial-de-les-aves-migratories\/","title":{"rendered":"D\u00eda Mundial de les Aves Migratories"},"content":{"rendered":"<p><strong><em>#D\u00edaMundialDeLasAvesMigratorias<br \/>\n#WMBD2020 <\/em><\/strong><\/p>\n<p><img loading=\"lazy\" decoding=\"async\" class=\"alignnone wp-image-376\" src=\"http:\/\/edublog.educastur.es\/ixuxullingua\/files\/2020\/08\/aves.jpg\" alt=\"\" width=\"451\" height=\"265\" \/>\u00a0&amp;<\/p>\n<p>La Pen\u00ednsula Ib\u00e9rica ye un llugar de cam\u00edn y residencia temporal para munches aves migratories ? Les g\u00fcelgues espa\u00f1oles convi\u00e9rtense\u00a0 n\u2019aut\u00e9ntiques estaciones de serviciu para los millones d\u2019aves que sobrevuelen el nuesu pa\u00eds.<\/p>\n<p>El nuesu pa\u00eds ye un enclave perfecto y esencial para les sos rutes, y\u00e1 que tamos xustu como puntu d\u2019intersecci\u00f3n ente Europa y \u00c1frica. Xuna situaci\u00f3n privilexada que tenemos de curiar con percuru. Ello ye que vienen munchos especialistes internacionales n\u2019ornitolox\u00eda a cubrir eses rutes que pasen per Espa\u00f1a.D\u2019ende, la importancia de les zones ZEPA nel nuesu territoriu, Zones d\u2019Especial Protecci\u00f3n pa les Aves, de la <em><u>Rede Natura 2000<\/u><\/em>. Castiella y Lli\u00f3n, Andaluc\u00eda y Castiella La Mancha, son, por esti orde, les comunidaes espa\u00f1oles con m\u00e1s hect\u00e1rees destinaes a ello.<\/p>\n<p><a href=\"https:\/\/www.cordobabn.com\/media\/cordobabn\/images\/2020\/05\/09\/2020050918405760840.jpg\" target=\"_blank\" rel=\"noopener noreferrer\"><img loading=\"lazy\" decoding=\"async\" src=\"https:\/\/www.cordobabn.com\/media\/cordobabn\/images\/2020\/05\/09\/2020050918405760840.jpg\" width=\"450\" height=\"279\" border=\"1\" \/><\/a><\/p>\n<p><!--more--><\/p>\n<p>El <u><em>D\u00eda Mundial de les Aves Migratories<\/em><\/u> 2020 cel\u00e9brase\u2019l 9 de mayu, teniendo angua\u00f1o como lema <strong><em>\u00abLes aves conecten el nuesu mundu\u00bb<\/em><\/strong>. Atopamos nun momentu nel que ye fundamental caltener los nuesos ecosistemes, esos llugares que los sirven d\u2019espaciu para alimentase, tener descendencia, folgar del vuelu y envernar.<\/p>\n<p>Les aves migratories precisen siguir colos sos ciclos naturales, y l\u2019\u00fanica forma de podelos llevar a cabu ye caltener n\u2019equilibriu la redolada natural, la so supervivencia depende d\u2019ello. <u>Estos animales saben cuando ye\u2019l momentu de realizar migraci\u00f3n y el ritmu en cada etapa que tienen de llevar<\/u>. Inda los humanos nun supimos cu\u00e1ndo se deciden a faelo y por qu\u00e9, unu d\u2019esos misterios que de xuru nun lleguemos a afayar.<\/p>\n<p>En principiu, lo que se sabe ye que se realicen de forma estacional, para dir a llugares m\u00e1s templaos o m\u00e1s fr\u00edos, dependiendo de la temporada (anque delles especies y\u00e1 nun lo faen, qued\u00e1ndose na zona del mar Mediterr\u00e1neu). Emponi\u00e9ndose, suponse, pel campu magn\u00e9ticu de la tierra, la orientaci\u00f3n del sol o de les estrelles. Nunca lo sabremos\u2026<\/p>\n","protected":false},"excerpt":{"rendered":"<p>#D\u00edaMundialDeLasAvesMigratorias #WMBD2020 \u00a0&amp; La Pen\u00ednsula Ib\u00e9rica ye un llugar de cam\u00edn y residencia temporal para munches aves migratories ? Les g\u00fcelgues espa\u00f1oles convi\u00e9rtense\u00a0 n\u2019aut\u00e9ntiques estaciones de serviciu para los millones d\u2019aves que sobrevuelen el nuesu pa\u00eds. El nuesu pa\u00eds ye un enclave perfecto y esencial para les sos rutes, y\u00e1 que tamos xustu como puntu [&hellip;]<\/p>\n","protected":false},"author":117,"featured_media":0,"comment_status":"closed","ping_status":"open","sticky":false,"template":"","format":"standard","meta":{"footnotes":""},"categories":[6],"tags":[],"class_list":["post-513","post","type-post","status-publish","format-standard","hentry","category-dia-de"],"_links":{"self":[{"href":"https:\/\/edublog.educastur.es\/ixuxu\/wp-json\/wp\/v2\/posts\/513","targetHints":{"allow":["GET"]}}],"collection":[{"href":"https:\/\/edublog.educastur.es\/ixuxu\/wp-json\/wp\/v2\/posts"}],"about":[{"href":"https:\/\/edublog.educastur.es\/ixuxu\/wp-json\/wp\/v2\/types\/post"}],"author":[{"embeddable":true,"href":"https:\/\/edublog.educastur.es\/ixuxu\/wp-json\/wp\/v2\/users\/117"}],"replies":[{"embeddable":true,"href":"https:\/\/edublog.educastur.es\/ixuxu\/wp-json\/wp\/v2\/comments?post=513"}],"version-history":[{"count":1,"href":"https:\/\/edublog.educastur.es\/ixuxu\/wp-json\/wp\/v2\/posts\/513\/revisions"}],"predecessor-version":[{"id":514,"href":"https:\/\/edublog.educastur.es\/ixuxu\/wp-json\/wp\/v2\/posts\/513\/revisions\/514"}],"wp:attachment":[{"href":"https:\/\/edublog.educastur.es\/ixuxu\/wp-json\/wp\/v2\/media?parent=513"}],"wp:term":[{"taxonomy":"category","embeddable":true,"href":"https:\/\/edublog.educastur.es\/ixuxu\/wp-json\/wp\/v2\/categories?post=513"},{"taxonomy":"post_tag","embeddable":true,"href":"https:\/\/edublog.educastur.es\/ixuxu\/wp-json\/wp\/v2\/tags?post=513"}],"curies":[{"name":"wp","href":"https:\/\/api.w.org\/{rel}","templated":true}]}}