{"id":51315,"date":"2025-06-20T15:49:09","date_gmt":"2025-06-20T13:49:09","guid":{"rendered":"https:\/\/edublog.educastur.es\/ixuxu\/?p=51315"},"modified":"2025-06-20T12:49:47","modified_gmt":"2025-06-20T10:49:47","slug":"la-fabrica-darmes-de-trubia-ye-lactivu-mas-llonxevu-de-la-industria-asturiano","status":"publish","type":"post","link":"https:\/\/edublog.educastur.es\/ixuxu\/2025\/06\/la-fabrica-darmes-de-trubia-ye-lactivu-mas-llonxevu-de-la-industria-asturiano\/","title":{"rendered":"la F\u00e1brica d&#8217;Armes de Trubia ye l&#8217;activu m\u00e1s llonxevu de la industria asturiano"},"content":{"rendered":"<div class=\"html-div xdj266r x14z9mp xat24cr x1lziwak xsag5q8 xz9dl7a xv54qhq xf7dkkf x1jx94hy\">\n<div class=\"html-div xdj266r x14z9mp xat24cr x1lziwak xexx8yu xyri2b x18d9i69 x1c1uobl x78zum5 x1q0g3np x1ba4aug\">\n<div class=\"html-div xdj266r x14z9mp xat24cr x1lziwak xexx8yu xyri2b x18d9i69 x1c1uobl x1iyjqo2 xeuugli\">\n<div class=\"x78zum5 xdt5ytf xz62fqu x16ldp7u\">\n<div class=\"xu06os2 x1ok221b\">\n<ul>\n<li class=\"html-h3 x14z9mp xat24cr x1lziwak xexx8yu xyri2b x18d9i69 x1c1uobl x1vvkbs x1heor9g x1qlqyl8 x1pd3egz x1a2a7pz x1gslohp x1yc453h\"><span class=\"xt0psk2\"><a class=\"x1i10hfl xjbqb8w x1ejq31n x18oe1m7 x1sy0etr xstzfhl x972fbf x10w94by x1qhh985 x14e42zd x9f619 x1ypdohk xt0psk2 xe8uvvx xdj266r x14z9mp xat24cr x1lziwak xexx8yu xyri2b x18d9i69 x1c1uobl x16tdsg8 x1hl2dhg xggy1nq x1a2a7pz xkrqix3 x1sur9pj xzsf02u x1s688f\" role=\"link\" href=\"https:\/\/www.facebook.com\/patrimoniuindustrial?__cft__[0]=AZWa4ncG-4uhUv0mc846qaNMgfWyvXBNoKsMTle1jalDTE4WtswrowUwXQnw6_fa5RD6QkNKekILCWKHzD39g-Z6ojNzoroGyJnQ7E4m6YC4Ve3AAFcdGfetdEdqbRoUxkx7nPafTKKM__LzFC__x7V0aoUDX1C49wZQvCx1RDhCNPVytirsp2oezkcBrmz-Y5JhVyxBW2c_4gYGcnxy3bgBKWoPj_tkJmPoTK_G9Wuydg&amp;__tn__=-UC%2CP-y-R\"><strong class=\"html-strong xdj266r x14z9mp xat24cr x1lziwak xexx8yu xyri2b x18d9i69 x1c1uobl x1hl2dhg x16tdsg8 x1vvkbs x1s688f\"><span class=\"html-span xdj266r x14z9mp xat24cr x1lziwak xexx8yu xyri2b x18d9i69 x1c1uobl x1hl2dhg x16tdsg8 x1vvkbs\">Patrimoniu Industrial<\/span><\/strong><\/a><\/span>\/ <a href=\"https:\/\/patrimoniuindustrial.com\/fichas\/fabrica-de-armas-de-trubia\/\">Art\u00edculo<\/a><\/li>\n<\/ul>\n<\/div>\n<div class=\"xu06os2 x1ok221b\"><\/div>\n<\/div>\n<\/div>\n<\/div>\n<\/div>\n<div class=\"html-div xdj266r x14z9mp xat24cr x1lziwak xexx8yu xyri2b x18d9i69 x1c1uobl\" dir=\"auto\">\n<div class=\"html-div xdj266r x14z9mp xat24cr x1lziwak xexx8yu xyri2b x18d9i69 x1c1uobl\" dir=\"auto\">\n<div class=\"html-div xdj266r x14z9mp xat24cr x1lziwak xexx8yu xyri2b x18d9i69 x1c1uobl\" data-ad-rendering-role=\"story_message\">\n<div class=\"x1l90r2v x1iorvi4 x1g0dm76 xpdmqnj\" data-ad-comet-preview=\"message\" data-ad-preview=\"message\">\n<div class=\"x78zum5 xdt5ytf xz62fqu x16ldp7u\">\n<div class=\"xu06os2 x1ok221b\">\n<div class=\"html-div xdj266r x14z9mp xat24cr x1lziwak xexx8yu xyri2b x18d9i69 x1c1uobl\">\n<div class=\"x14z9mp xat24cr x1lziwak x1vvkbs xtlvy1s x126k92a\">\n<div dir=\"auto\" style=\"text-align: center\"><a href=\"https:\/\/patrimoniuindustrial.com\/wp-content\/uploads\/2021\/03\/B_A_HDR_03_Fabrica-de-Armas-de-Trubia_04.jpg\"><img loading=\"lazy\" decoding=\"async\" class=\"aligncenter size-large\" src=\"https:\/\/patrimoniuindustrial.com\/wp-content\/uploads\/2021\/03\/B_A_HDR_03_Fabrica-de-Armas-de-Trubia_04.jpg\" width=\"1280\" height=\"720\" \/><\/a><\/div>\n<div dir=\"auto\"><\/div>\n<div dir=\"auto\" style=\"text-align: left\">Con m\u00e1s de dos sieglos d&#8217;hestoria, la F\u00e1brica d&#8217;Armes de Trubia ye l&#8217;activu m\u00e1s llonxevu de la industria asturiano. Fornos de fundici\u00f3n, fornos altos, espacios de residencia, escuela de formaci\u00f3n profesional&#8230; el complexu industrial y tolo necesario para el trabayadores foi creciendo a lo llargo d&#8217;esti tiempu.<\/div>\n<div dir=\"auto\"><\/div>\n<\/div>\n<\/div>\n<\/div>\n<\/div>\n<\/div>\n<\/div>\n<\/div>\n<\/div>\n","protected":false},"excerpt":{"rendered":"<p>Patrimoniu Industrial\/ Art\u00edculo Con m\u00e1s de dos sieglos d&#8217;hestoria, la F\u00e1brica d&#8217;Armes de Trubia ye l&#8217;activu m\u00e1s llonxevu de la industria asturiano. Fornos de fundici\u00f3n, fornos altos, espacios de residencia, escuela de formaci\u00f3n profesional&#8230; el complexu industrial y tolo necesario para el trabayadores foi creciendo a lo llargo d&#8217;esti tiempu.<\/p>\n","protected":false},"author":117,"featured_media":0,"comment_status":"open","ping_status":"open","sticky":false,"template":"","format":"standard","meta":{"footnotes":""},"categories":[188],"tags":[],"class_list":["post-51315","post","type-post","status-publish","format-standard","hentry","category-patrimoniu-industrial"],"_links":{"self":[{"href":"https:\/\/edublog.educastur.es\/ixuxu\/wp-json\/wp\/v2\/posts\/51315","targetHints":{"allow":["GET"]}}],"collection":[{"href":"https:\/\/edublog.educastur.es\/ixuxu\/wp-json\/wp\/v2\/posts"}],"about":[{"href":"https:\/\/edublog.educastur.es\/ixuxu\/wp-json\/wp\/v2\/types\/post"}],"author":[{"embeddable":true,"href":"https:\/\/edublog.educastur.es\/ixuxu\/wp-json\/wp\/v2\/users\/117"}],"replies":[{"embeddable":true,"href":"https:\/\/edublog.educastur.es\/ixuxu\/wp-json\/wp\/v2\/comments?post=51315"}],"version-history":[{"count":2,"href":"https:\/\/edublog.educastur.es\/ixuxu\/wp-json\/wp\/v2\/posts\/51315\/revisions"}],"predecessor-version":[{"id":51317,"href":"https:\/\/edublog.educastur.es\/ixuxu\/wp-json\/wp\/v2\/posts\/51315\/revisions\/51317"}],"wp:attachment":[{"href":"https:\/\/edublog.educastur.es\/ixuxu\/wp-json\/wp\/v2\/media?parent=51315"}],"wp:term":[{"taxonomy":"category","embeddable":true,"href":"https:\/\/edublog.educastur.es\/ixuxu\/wp-json\/wp\/v2\/categories?post=51315"},{"taxonomy":"post_tag","embeddable":true,"href":"https:\/\/edublog.educastur.es\/ixuxu\/wp-json\/wp\/v2\/tags?post=51315"}],"curies":[{"name":"wp","href":"https:\/\/api.w.org\/{rel}","templated":true}]}}