{"id":51318,"date":"2025-06-20T12:52:17","date_gmt":"2025-06-20T10:52:17","guid":{"rendered":"https:\/\/edublog.educastur.es\/ixuxu\/?p=51318"},"modified":"2025-06-20T12:53:35","modified_gmt":"2025-06-20T10:53:35","slug":"un-britanicu-pon-nota-a-la-bandera-dasturies","status":"publish","type":"post","link":"https:\/\/edublog.educastur.es\/ixuxu\/2025\/06\/un-britanicu-pon-nota-a-la-bandera-dasturies\/","title":{"rendered":"Un brit\u00e1nicu pon nota a la bandera d&#8217;Asturies"},"content":{"rendered":"<p style=\"text-align: center\"><a href=\"https:\/\/img.lavdg.com\/sc\/M9MtnniOkQqhLiiVzYEiqYFqjQE=\/768x\/2021\/09\/07\/00121631032330521359406\/Foto\/bastur.jpg\"><img loading=\"lazy\" decoding=\"async\" class=\"aligncenter size-large\" src=\"https:\/\/img.lavdg.com\/sc\/M9MtnniOkQqhLiiVzYEiqYFqjQE=\/768x\/2021\/09\/07\/00121631032330521359406\/Foto\/bastur.jpg\" width=\"768\" height=\"432\" \/><\/a><\/p>\n<p>Un<a href=\"https:\/\/www.tiktok.com\/@shayalfiehowse?referer_url=www.lavozdeasturias.es%2Fnoticia%2Fviral%2F2025%2F06%2F18%2Fbritanico-pone-nota-bandera-asturias-decente-azul-color-bonito%2F00031750242772852695772.htm&amp;refer=embed&amp;embed_source=%3Bnull%3Bembed_masking&amp;referer_video_id=7516217159912033558\"><strong> brit\u00e1nicu<\/strong> <\/a>pon nota a la bandera d&#8217;Asturies:<em><span style=\"color: #008080\"> \u00abYe decente, l&#8217;azul ye un color guapu\u00bb<\/span><\/em>. Esti aficion\u00e1u valora la est\u00e9tica y dise\u00f1u de les banderes espa\u00f1oles nun v\u00eddeu en Tik Tok.<br \/>\n<!--more--><br \/>\nUn aficion\u00e1u brit\u00e1nicu a les banderes f\u00edxose viral en TikTok en publicando un v\u00eddeu nel que valora y punt\u00faa les banderes de les comunidaes aut\u00f3nomes espa\u00f1oles. Col so particular sent\u00edu del humor ingl\u00e9s, analiza cada dise\u00f1u, destacando los sos puntos fuerte y d\u00e9bil, y otorgando calificaciones que van dende 6,9 hasta 8,7.<\/p>\n<p><strong>La bandera asturiana recibe un 7 sobro 10<\/strong>, una valoraci\u00f3n media qu&#8217;acompa\u00f1a con un comentariu curtio pero positivo: \u00abYe xuna bandera decente. L&#8217;azul ye un color guapu. Tien puesta la Cruz de la Victoria que tuvo dando vueltes mientres muncho tiempu\u00bb, apunta&#8217;l ceador del v\u00eddeu, ensin a\u00f1edir m\u00e1s sobro&#8217;l Princip\u00e1u. Tami\u00e9n llogren abargana d&#8217;un 7 comunidaes como Isles Baleares (7), Isla Canaries (7,2) o Cantabria (7,1).<\/p>\n<p>Percima de toles banderes asitia la del Pa\u00eds Vascu, que califica con un notable 8,7 y considera la so preferida: \u00abCreo que ye una bandera brillosa\u00bb, asegura. Otres con puntuaciones altes son la de Valencia a la que tambien califica como \u00abbrillosa\u00bb, d\u00e1ndo-y xuna nota de 8,14, la de Catalu\u00f1a, con un 8 \u2014de la que destaca&#8217;l so gran patr\u00f3n y colores\u2014 y la de Galicia con un 7,9, otra de les sos favorites de la llista que al so xuiciu ye \u00abbien simple pero funciona\u00bb gracies a la so cencellez.<\/p>\n<p>Nel casu de La Rioxa, a la que describe como xuna \u00abbandera xenial\u00bb, destaca&#8217;l so dise\u00f1u cuatricolor que se traduz tami\u00e9n nun 7,9.<\/p>\n<p>Tami\u00e9n llogren bona nota les banderes de Castiella y Lli\u00f3n, Castiella-La Mancha y Estremadura, toes con valoraciones de 7,5 o superiores, que l&#8217;espertu describe como \u00abbien consistentes\u00bb. La puntuaci\u00f3n m\u00e1s baxa ye pa la bandera de Navarra, que se queda nun 6,9. Aun as\u00ed, l&#8217;autor del anal\u00eds esclaria: \u00abYe decente pa recordar al Reinu de Navarra. Nun ye la peor bandera que vi. Ye bastante bona\u00bb<\/p>\n<div class=\"css-novx8y evf3f565\" data-testid=\"card-banner\" data-e2e=\"video-v2-Card-CardBanner\"><a href=\"https:\/\/www.tiktok.com\/?referer_url=www.lavozdeasturias.es%2Fnoticia%2Fviral%2F2025%2F06%2F18%2Fbritanico-pone-nota-bandera-asturias-decente-azul-color-bonito%2F00031750242772852695772.htm&amp;refer=embed&amp;embed_source=%3Bnull%3Bembed_discover_button\" target=\"_blank\" rel=\"noopener noreferrer\" data-e2e=\"src-SmartWrapperExtension-a\"><button class=\"css-1lq02v2 evf3f563\" type=\"button\" data-e2e=\"video-v2-Card-CardBannerButton\">Ver ahora<\/button><\/a><\/div>\n<div class=\"css-xgbqrj evf3f5611\" data-e2e=\"video-v2-Card-CardInfo\">\n<div class=\"css-1r2yhgy evf3f5610\" data-e2e=\"video-v2-Card-LeftWrapper\">\n<div class=\"css-ymqa2g evf3f569\" data-e2e=\"video-v2-Card-CardUser\"><span class=\"css-1e5yu7e evf3f568\" data-e2e=\"video-v2-Card-CardUserSpan\">@shayalfiehowse<\/span><\/div>\n<div class=\"css-qvu9x7 e17sly923\" data-e2e=\"video-v2-ClampedText-Text\"><a class=\"css-10lngyb e17sly921\" href=\"https:\/\/www.tiktok.com\/@shayalfiehowse\/video\/7516217159912033558?referer_url=www.lavozdeasturias.es%2Fnoticia%2Fviral%2F2025%2F06%2F18%2Fbritanico-pone-nota-bandera-asturias-decente-azul-color-bonito%2F00031750242772852695772.htm&amp;refer=embed&amp;embed_source=%3Bnull%3Bembed_blank&amp;referer_video_id=7516217159912033558\" target=\"_blank\" rel=\"noopener noreferrer\" data-e2e=\"src-SmartWrapperExtension-a\">Replying to <\/a><\/p>\n<div class=\"css-7p5uuf e17sly922\" data-e2e=\"video-v2-ClampedText-CardTag\">@\ud83e\uded2 Eithan\u271e \ud83c\uddea\ud83c\uddf8\ud83c\uddee\ud83c\uddf9<\/div>\n<div class=\"css-7p5uuf e17sly922\" data-e2e=\"video-v2-ClampedText-CardTag\">#spain \/\u00a0#spain\ud83c\uddea\ud83c\uddf8 \/ #espa\u00f1a \/\u00a0#flag \/ #flags \/ original sound &#8211; Shay Howse<\/div>\n<\/div>\n<\/div>\n<\/div>\n","protected":false},"excerpt":{"rendered":"<p>Un brit\u00e1nicu pon nota a la bandera d&#8217;Asturies: \u00abYe decente, l&#8217;azul ye un color guapu\u00bb. Esti aficion\u00e1u valora la est\u00e9tica y dise\u00f1u de les banderes espa\u00f1oles nun v\u00eddeu en Tik Tok.<\/p>\n","protected":false},"author":117,"featured_media":0,"comment_status":"open","ping_status":"open","sticky":false,"template":"","format":"standard","meta":{"footnotes":""},"categories":[452],"tags":[],"class_list":["post-51318","post","type-post","status-publish","format-standard","hentry","category-bandera"],"_links":{"self":[{"href":"https:\/\/edublog.educastur.es\/ixuxu\/wp-json\/wp\/v2\/posts\/51318","targetHints":{"allow":["GET"]}}],"collection":[{"href":"https:\/\/edublog.educastur.es\/ixuxu\/wp-json\/wp\/v2\/posts"}],"about":[{"href":"https:\/\/edublog.educastur.es\/ixuxu\/wp-json\/wp\/v2\/types\/post"}],"author":[{"embeddable":true,"href":"https:\/\/edublog.educastur.es\/ixuxu\/wp-json\/wp\/v2\/users\/117"}],"replies":[{"embeddable":true,"href":"https:\/\/edublog.educastur.es\/ixuxu\/wp-json\/wp\/v2\/comments?post=51318"}],"version-history":[{"count":3,"href":"https:\/\/edublog.educastur.es\/ixuxu\/wp-json\/wp\/v2\/posts\/51318\/revisions"}],"predecessor-version":[{"id":51321,"href":"https:\/\/edublog.educastur.es\/ixuxu\/wp-json\/wp\/v2\/posts\/51318\/revisions\/51321"}],"wp:attachment":[{"href":"https:\/\/edublog.educastur.es\/ixuxu\/wp-json\/wp\/v2\/media?parent=51318"}],"wp:term":[{"taxonomy":"category","embeddable":true,"href":"https:\/\/edublog.educastur.es\/ixuxu\/wp-json\/wp\/v2\/categories?post=51318"},{"taxonomy":"post_tag","embeddable":true,"href":"https:\/\/edublog.educastur.es\/ixuxu\/wp-json\/wp\/v2\/tags?post=51318"}],"curies":[{"name":"wp","href":"https:\/\/api.w.org\/{rel}","templated":true}]}}