{"id":51326,"date":"2025-06-20T19:51:40","date_gmt":"2025-06-20T17:51:40","guid":{"rendered":"https:\/\/edublog.educastur.es\/ixuxu\/?p=51326"},"modified":"2025-06-21T10:29:04","modified_gmt":"2025-06-21T08:29:04","slug":"51326","status":"publish","type":"post","link":"https:\/\/edublog.educastur.es\/ixuxu\/2025\/06\/51326\/","title":{"rendered":"\u201cVelea\u201d, de Vero Rubio, al piano"},"content":{"rendered":"<header class=\"_aaqw\">\n<div class=\"_aaqy _aaqz\">\n<div class=\"_aar0 _aar1\">\n<div class=\"x78zum5 x6ikm8r x10wlt62\">\n<div class=\"_aaqt\">\n<div class=\"x9f619 xjbqb8w x78zum5 x15mokao x1ga7v0g x16uus16 xbiv7yw x1n2onr6 x1plvlek xryxfnj x1c4vz4f x2lah0s x1q0g3np xqjyukv x6s0dn4 x1oa3qoh x1nhvcw1\">\n<div>\n<div class=\"x78zum5\">\n<ul>\n<li class=\"x6ikm8r x10wlt62 xlyipyv xuxw1ft\"><a href=\"https:\/\/www.instagram.com\/p\/DLIAs2JMx9a\/?img_index=1\">musicasturiana<\/a>\/<\/li>\n<\/ul>\n<p style=\"text-align: center\">\n<!-- iframe plugin v.6.0 wordpress.org\/plugins\/iframe\/ -->\n<iframe loading=\"lazy\" width=\"100%\" height=\"423\" src=\"https:\/\/www.youtube.com\/embed\/JWcPoRVeG9g\" title=\"Velea - Vero Rubio\" frameborder=\"0\" allow=\"accelerometer; autoplay; clipboard-write; encrypted-media; gyroscope; picture-in-picture; web-share\" referrerpolicy=\"strict-origin-when-cross-origin\" 0=\"allowfullscreen\" 1=\"\/iframe\" scrolling=\"yes\" class=\"iframe-class\"><\/iframe>\n<\/p>\n<p class=\"_ap3a _aaco _aacu _aacx _aad7 _aade\" dir=\"auto\"><em>Esti vienres sal al mundu \u201cVelea\u201d en t\u00f3dalas plataformas (<a href=\"https:\/\/www.youtube.com\/@verorrubio\">na m\u00eda canal de YouTube<\/a>). Naci\u00f3u nuna nueite de velea, pa desfogar, pa aselar\u2026 ya si esa nueite \u00eda la m\u00e1s curtia del a\u00f1u, si quier dicir \u201ccamb\u00e9u\u201d\u2026 mechor\u2026\u00a0\u00a0A pol solsticiu\u2026 a polo que venga\u2026<\/em><br \/>\n<!--more--><\/p>\n<p><a class=\"x1i10hfl xjbqb8w x1ejq31n x18oe1m7 x1sy0etr xstzfhl x972fbf x10w94by x1qhh985 x14e42zd x9f619 x1ypdohk xt0psk2 xe8uvvx xdj266r x14z9mp xat24cr x1lziwak xexx8yu xyri2b x18d9i69 x1c1uobl x16tdsg8 x1hl2dhg xggy1nq x1a2a7pz notranslate _a6hd\" role=\"link\" href=\"https:\/\/www.instagram.com\/verorrubio\/\">@verorrubio<\/a> : composici\u00f3n, interpretaci\u00f3n, son\u00edu, imaxe ya poema.<br \/>\n<a class=\"x1i10hfl xjbqb8w x1ejq31n x18oe1m7 x1sy0etr xstzfhl x972fbf x10w94by x1qhh985 x14e42zd x9f619 x1ypdohk xt0psk2 xe8uvvx xdj266r x14z9mp xat24cr x1lziwak xexx8yu xyri2b x18d9i69 x1c1uobl x16tdsg8 x1hl2dhg xggy1nq x1a2a7pz notranslate _a6hd\" role=\"link\" href=\"https:\/\/www.instagram.com\/andydasilva13\/\">@andydasilva13<\/a> : son\u00edu<br \/>\n<a class=\"x1i10hfl xjbqb8w x1ejq31n x18oe1m7 x1sy0etr xstzfhl x972fbf x10w94by x1qhh985 x14e42zd x9f619 x1ypdohk xt0psk2 xe8uvvx xdj266r x14z9mp xat24cr x1lziwak xexx8yu xyri2b x18d9i69 x1c1uobl x16tdsg8 x1hl2dhg xggy1nq x1a2a7pz notranslate _a6hd\" role=\"link\" href=\"https:\/\/www.instagram.com\/arturosantiagophotography\/\">@arturosantiagophotography<\/a> : imaxe<br \/>\n<a class=\"x1i10hfl xjbqb8w x1ejq31n x18oe1m7 x1sy0etr xstzfhl x972fbf x10w94by x1qhh985 x14e42zd x9f619 x1ypdohk xt0psk2 xe8uvvx xdj266r x14z9mp xat24cr x1lziwak xexx8yu xyri2b x18d9i69 x1c1uobl x16tdsg8 x1hl2dhg xggy1nq x1a2a7pz notranslate _a6hd\" role=\"link\" href=\"https:\/\/www.instagram.com\/cesar.latorre.music\/\">@cesar.latorre.music<\/a> : col\u00edn Kawai<\/p>\n<\/div>\n<\/div>\n<\/div>\n<\/div>\n<\/div>\n<\/div>\n<\/div>\n<\/header>\n<section class=\"x12nagc x182iqb8 xv54qhq xf7dkkf\">\n<div class=\"x9f619 xjbqb8w x78zum5 x15mokao x1ga7v0g x16uus16 xbiv7yw x1n2onr6 x1plvlek xryxfnj x1iyjqo2 x2lwn1j xeuugli x1q0g3np xqjyukv x1qjc9v5 x1oa3qoh x1nhvcw1\">\n<div class=\"x9f619 xjbqb8w x78zum5 x15mokao x1ga7v0g x16uus16 xbiv7yw xr1yuqi x11t971q x4ii5y1 xvc5jky x1n2onr6 x1plvlek xryxfnj x1iyjqo2 x2lwn1j xeuugli xdt5ytf x1a02dak xqjyukv x1cy8zhl x1oa3qoh x1nhvcw1\"><\/div>\n<\/div>\n<\/section>\n<div class=\"xt0psk2\">\n<p class=\"_ap3a _aaco _aacu _aacx _aad7 _aade\" dir=\"auto\"><a class=\"x1i10hfl xjbqb8w x1ejq31n x18oe1m7 x1sy0etr xstzfhl x972fbf x10w94by x1qhh985 x14e42zd x9f619 x1ypdohk xt0psk2 xe8uvvx xdj266r x14z9mp xat24cr x1lziwak xexx8yu xyri2b x18d9i69 x1c1uobl x16tdsg8 x1hl2dhg xggy1nq x1a2a7pz notranslate _a6hd\" role=\"link\" href=\"https:\/\/www.instagram.com\/verorrubio\/\">@verorrubio<\/a> publica en plataformes musicales \u2018Velea\u2018, pieza instrumental na que toca sola el pianu de cola \ud83c\udfb9 Am\u00e1s la multiinstrumentista canguesa contin\u00faa componiendo tres de publicar \u2018Vou\u2019 y avanza que ta trabayando en m\u00e1s temes.<\/p>\n<p dir=\"auto\" style=\"text-align: center\"><span class=\"html-span xexx8yu x4uap5 x18d9i69 xkhd6sd x1hl2dhg x16tdsg8 x1vvkbs x3nfvp2 x1j61x8r x1fcty0u xdj266r xat24cr xgzva0m xhhsvwb xxymvpz xlup9mm x1kky2od\">\n<!-- iframe plugin v.6.0 wordpress.org\/plugins\/iframe\/ -->\n<iframe loading=\"lazy\" src=\"https:\/\/www.instagram.com\/reel\/DK9KfA2s438\/embed\" width=\"460\" height=\"610\" 0=\"\/iframe\" scrolling=\"yes\" class=\"iframe-class\" frameborder=\"0\"><\/iframe>\n<\/span><\/p>\n<p>L\u2019abril pas\u00e1u\u00a0<strong>Vero Rubio<\/strong>\u00a0estren\u00e1base discogr\u00e1ficamente con\u00a0<em><strong><a href=\"https:\/\/musicasturiana.com\/vero-rubio-publica-vou-el-so-primer-trabayu-quaxunta-musica-palabra-y-imaxe\/\">Vou<\/a><\/strong><\/em>,\u00a0<a href=\"https:\/\/musicasturiana.com\/producto\/vero-rubio-llibru-vou\/\">llibru\u00a0<\/a>y\u00a0<a href=\"https:\/\/musicasturiana.com\/producto\/vero-rubio-cd-vou\/\">discu\u00a0<\/a>nel que la\u00a0<strong>canci\u00f3n d\u2019autor, la lliteratura y la imaxen\u00a0<\/strong>foron de la mano. Agora la multiintrumentista canguesa publica en plataformes musicales un tema nuevu, \u2018<strong><a href=\"https:\/\/open.spotify.com\/track\/1SqfsgP40QdsAsbWBpZh8Q\" target=\"_blank\" rel=\"noopener\">Velea<\/a><\/strong>\u2018, pieza\u00a0<strong>instrumental\u00a0<\/strong>na que toca sola el\u00a0<strong>pianu de cola\u00a0<\/strong>y que vien \u00abd\u2019una nueite de velea por un dolor d\u2019una muela\u2026 pa ayudame a nun pensar, foi lo \u00fanico que fixo que me calmara\u00bb, desplica l\u2019artista.<\/p>\n<p>\u2060\u00bbS\u00e1cola como single porque nun entr\u00f3u en\u00a0<em>Vou\u00a0<\/em>por falta de \u2018sitiu\u2019, porque\u00a0<em>Vou\u00a0<\/em>ta mui escoy\u00edu, cuenta una hestoria mui concreta\u00bb, comenta Rubio sobre esti llanzamientu nuevu. Sorraya tami\u00e9n que quier \u00abl.levar la mochila lo m\u00e1s vac\u00eda que pueda,\u00a0<strong>facer m\u00fasica que fale dende mi, pero ensin falar de mi<\/strong>; non cumo pasa en\u00a0<em>Vou<\/em>, que puede decise qu\u2019\u00eda autobiogr\u00e1ficu\u00bb.<\/p>\n<p>Nesti sen, Vero Rubio avanza ta<strong>\u00a0trabayando en m\u00e1s temes nuevos<\/strong>\u00a0que van siguir \u00ab<strong>d\u00faas vertientes diferenciadas\u00a0<\/strong>pero col mesmu raiga\u00f1u: la vertiente de d\u00f3us\u00a0\u2018case boleros\u2019 ya una \u2018case ranchera\u2019; ya la vertiente tradicional,\u00a0dende la m\u00eda tierra\u00bb. \u00ab<strong>Toca esperar<\/strong>, pero vei merecer la pena\u2026\u00bb, comenta la multiinstrumentista que reconoz tar pas\u00e1ndolo \u00abperbi\u00e9n\u00bb con esti procesu.<\/p>\n<h2 class=\"wp-block-heading\"><mark class=\"has-inline-color\">De la cl\u00e1sica al jazz<\/mark><\/h2>\n<p>La carrera de Vero Rubio desenvu\u00e9lvese ente\u2019l mundu de la\u00a0<strong>m\u00fasica cl\u00e1sica<\/strong>, onde tuvo la oportunid\u00e1 de tocar con orquestes como la Orquesta Sinf\u00f3nica de Barcelona y Nacional de Catalunya (O.B.C.), y el del\u00a0<strong>jazz<\/strong>. Angua\u00f1o, toca en dellos grupos de distintos estilos (<strong>folk, rock, improvisaci\u00f3n llibre, jazz\u2026<\/strong>): Orquesta C\u00e9ltica Asturiana, Son\u00e1mbulos, Improviso\u2026 Am\u00e1s compaxina esti llabor como instrumentista cola composici\u00f3n y producci\u00f3n de la so m\u00fasica de manera\u00a0<strong>independiente<\/strong>, que foi reconocida al algamar el\u00a0<strong>XV Premiu Camaret\u00e1 al Meyor Cantar\u00a0<\/strong>con \u2018<a href=\"https:\/\/youtu.be\/37xjSIC4sX8?si=2GTneSy_45CEIb2d\" target=\"_blank\" rel=\"noreferrer noopener\">Dixo miou padre<\/a>\u2018.<\/p>\n<\/div>\n","protected":false},"excerpt":{"rendered":"<p>musicasturiana\/ Esti vienres sal al mundu \u201cVelea\u201d en t\u00f3dalas plataformas (na m\u00eda canal de YouTube). Naci\u00f3u nuna nueite de velea, pa desfogar, pa aselar\u2026 ya si esa nueite \u00eda la m\u00e1s curtia del a\u00f1u, si quier dicir \u201ccamb\u00e9u\u201d\u2026 mechor\u2026\u00a0\u00a0A pol solsticiu\u2026 a polo que venga\u2026<\/p>\n","protected":false},"author":117,"featured_media":0,"comment_status":"open","ping_status":"open","sticky":false,"template":"","format":"standard","meta":{"footnotes":""},"categories":[35,125,1],"tags":[],"class_list":["post-51326","post","type-post","status-publish","format-standard","hentry","category-musica","category-musicasturiana-com","category-sin-categoria"],"_links":{"self":[{"href":"https:\/\/edublog.educastur.es\/ixuxu\/wp-json\/wp\/v2\/posts\/51326","targetHints":{"allow":["GET"]}}],"collection":[{"href":"https:\/\/edublog.educastur.es\/ixuxu\/wp-json\/wp\/v2\/posts"}],"about":[{"href":"https:\/\/edublog.educastur.es\/ixuxu\/wp-json\/wp\/v2\/types\/post"}],"author":[{"embeddable":true,"href":"https:\/\/edublog.educastur.es\/ixuxu\/wp-json\/wp\/v2\/users\/117"}],"replies":[{"embeddable":true,"href":"https:\/\/edublog.educastur.es\/ixuxu\/wp-json\/wp\/v2\/comments?post=51326"}],"version-history":[{"count":9,"href":"https:\/\/edublog.educastur.es\/ixuxu\/wp-json\/wp\/v2\/posts\/51326\/revisions"}],"predecessor-version":[{"id":51369,"href":"https:\/\/edublog.educastur.es\/ixuxu\/wp-json\/wp\/v2\/posts\/51326\/revisions\/51369"}],"wp:attachment":[{"href":"https:\/\/edublog.educastur.es\/ixuxu\/wp-json\/wp\/v2\/media?parent=51326"}],"wp:term":[{"taxonomy":"category","embeddable":true,"href":"https:\/\/edublog.educastur.es\/ixuxu\/wp-json\/wp\/v2\/categories?post=51326"},{"taxonomy":"post_tag","embeddable":true,"href":"https:\/\/edublog.educastur.es\/ixuxu\/wp-json\/wp\/v2\/tags?post=51326"}],"curies":[{"name":"wp","href":"https:\/\/api.w.org\/{rel}","templated":true}]}}