{"id":51358,"date":"2025-06-21T08:30:21","date_gmt":"2025-06-21T06:30:21","guid":{"rendered":"https:\/\/edublog.educastur.es\/ixuxu\/?p=51358"},"modified":"2025-06-21T10:20:36","modified_gmt":"2025-06-21T08:20:36","slug":"el-tiempu-el-comercio-73","status":"publish","type":"post","link":"https:\/\/edublog.educastur.es\/ixuxu\/2025\/06\/el-tiempu-el-comercio-73\/","title":{"rendered":"El tiempu (El Comercio)"},"content":{"rendered":"<p style=\"text-align: center\"><a href=\"https:\/\/s3.ppllstatics.com\/elcomercio\/www\/multimedia\/2025\/06\/20\/tiempo-asturias-sabado-21-junio-kbiG-U2301948938566Ca-1200x860@El%20Comercio.jpg\"><img loading=\"lazy\" decoding=\"async\" class=\"aligncenter size-large\" src=\"https:\/\/s3.ppllstatics.com\/elcomercio\/www\/multimedia\/2025\/06\/20\/tiempo-asturias-sabado-21-junio-kbiG-U2301948938566Ca-1200x860@El%20Comercio.jpg\" width=\"1200\" height=\"860\" \/><\/a><\/p>\n<p>Tres la calorosa xornada d&#8217;esti vienres na que se lleg\u00f3 a algamar n&#8217;Asturies los 37 \u00baC (concretamente nos conceyos de L.lena y Amieva), esti s\u00e1badu<strong> vamos tener un camb\u00e9u t\u00e9rmicu total cuidao que van baxar les m\u00e1ximes de forma xeneralizada y notable.<\/strong> Am\u00e1s, va predominar la nubosidad en tola rex\u00f3n. Con \u00e9ses <strong>vamos amanecer<\/strong> con cielos bien nublos o cubiertos y con posibilid\u00e1 de que pueda escapase dalg\u00fan orbayu pocu importante pela ma\u00f1ana. A lo llargo de la tarde, van abrise escamplaes nel occidente y nun se refuga en zones de la met\u00e1 norte asturiana antes de la nueche. Los vientos van ser fluexos predominando de norte. <strong>Les temperatures<\/strong>, como dic\u00edamos, van esperimentar un importante descensu especialmente nel casu de les m\u00e1ximes cuidao que, en comparanza col vienres, van baxar hasta 9 o 10 \u00baC en tol interior. Na mari\u00f1a, el descensu tami\u00e9n va ser bien significativu anque non tan acentu\u00e1u. Poro, vamos pasar de superar en demas\u00eda los 30 \u00baC, a rondar los 20 \u00baC en munches poblaciones asturianes. <strong>Les m\u00ednimes<\/strong> van baxar nel sur y van caltenese nel restu. <strong>El domingu<\/strong> les temperatures m\u00e1ximes van xubir un par de graos polo que, igualmente, van quedar bien llue\u00f1e de les rexistraes estos d\u00edes tras.<\/p>\n<p>&nbsp;<\/p>\n","protected":false},"excerpt":{"rendered":"<p>Tres la calorosa xornada d&#8217;esti vienres na que se lleg\u00f3 a algamar n&#8217;Asturies los 37 \u00baC (concretamente nos conceyos de L.lena y Amieva), esti s\u00e1badu vamos tener un camb\u00e9u t\u00e9rmicu total cuidao que van baxar les m\u00e1ximes de forma xeneralizada y notable. Am\u00e1s, va predominar la nubosidad en tola rex\u00f3n. Con \u00e9ses vamos amanecer con [&hellip;]<\/p>\n","protected":false},"author":117,"featured_media":0,"comment_status":"open","ping_status":"open","sticky":false,"template":"","format":"standard","meta":{"footnotes":""},"categories":[5],"tags":[],"class_list":["post-51358","post","type-post","status-publish","format-standard","hentry","category-tiempu"],"_links":{"self":[{"href":"https:\/\/edublog.educastur.es\/ixuxu\/wp-json\/wp\/v2\/posts\/51358","targetHints":{"allow":["GET"]}}],"collection":[{"href":"https:\/\/edublog.educastur.es\/ixuxu\/wp-json\/wp\/v2\/posts"}],"about":[{"href":"https:\/\/edublog.educastur.es\/ixuxu\/wp-json\/wp\/v2\/types\/post"}],"author":[{"embeddable":true,"href":"https:\/\/edublog.educastur.es\/ixuxu\/wp-json\/wp\/v2\/users\/117"}],"replies":[{"embeddable":true,"href":"https:\/\/edublog.educastur.es\/ixuxu\/wp-json\/wp\/v2\/comments?post=51358"}],"version-history":[{"count":1,"href":"https:\/\/edublog.educastur.es\/ixuxu\/wp-json\/wp\/v2\/posts\/51358\/revisions"}],"predecessor-version":[{"id":51359,"href":"https:\/\/edublog.educastur.es\/ixuxu\/wp-json\/wp\/v2\/posts\/51358\/revisions\/51359"}],"wp:attachment":[{"href":"https:\/\/edublog.educastur.es\/ixuxu\/wp-json\/wp\/v2\/media?parent=51358"}],"wp:term":[{"taxonomy":"category","embeddable":true,"href":"https:\/\/edublog.educastur.es\/ixuxu\/wp-json\/wp\/v2\/categories?post=51358"},{"taxonomy":"post_tag","embeddable":true,"href":"https:\/\/edublog.educastur.es\/ixuxu\/wp-json\/wp\/v2\/tags?post=51358"}],"curies":[{"name":"wp","href":"https:\/\/api.w.org\/{rel}","templated":true}]}}