{"id":51366,"date":"2025-06-21T10:01:41","date_gmt":"2025-06-21T08:01:41","guid":{"rendered":"https:\/\/edublog.educastur.es\/ixuxu\/?p=51366"},"modified":"2025-06-24T09:58:12","modified_gmt":"2025-06-24T07:58:12","slug":"himnu-del-real-uvieu","status":"publish","type":"post","link":"https:\/\/edublog.educastur.es\/ixuxu\/2025\/06\/himnu-del-real-uvieu\/","title":{"rendered":"Himnu del Real Uvi\u00e9u"},"content":{"rendered":"<p style=\"text-align: center\">\n<!-- iframe plugin v.6.0 wordpress.org\/plugins\/iframe\/ -->\n<iframe loading=\"lazy\" width=\"100%\" height=\"427\" src=\"https:\/\/www.youtube.com\/embed\/9hMZ8kUVj3c\" title=\"Himno del Real Oviedo (Versi\u00f3n Orquestal)\" frameborder=\"0\" allow=\"accelerometer; autoplay; clipboard-write; encrypted-media; gyroscope; picture-in-picture; web-share\" referrerpolicy=\"strict-origin-when-cross-origin\" 0=\"allowfullscreen\" 1=\"\/iframe\" scrolling=\"yes\" class=\"iframe-class\"><\/iframe>\n<\/p>\n<p><em>Versi\u00f3n para Orquesta, gaita y coro del <strong>himnu del Real Uvi\u00e9u, S. A. D.<\/strong> compuesta por Rub\u00e9n D\u00edez. Orquesta Oviedo Filarmon\u00eda. Director: Marzio Conti. Coro Capilla Polif\u00f3nica \u00abCiudad de Oviedo\u00bb. Gaita: Jos\u00e9 Manuel Fern\u00e1ndez Guti\u00e9rrez \u00abGuti\u00bb. Letra y m\u00fasica escritas por Rafael Moro Collar.<\/em><\/p>\n","protected":false},"excerpt":{"rendered":"<p>Versi\u00f3n para Orquesta, gaita y coro del himnu del Real Uvi\u00e9u, S. A. D. compuesta por Rub\u00e9n D\u00edez. Orquesta Oviedo Filarmon\u00eda. Director: Marzio Conti. Coro Capilla Polif\u00f3nica \u00abCiudad de Oviedo\u00bb. Gaita: Jos\u00e9 Manuel Fern\u00e1ndez Guti\u00e9rrez \u00abGuti\u00bb. Letra y m\u00fasica escritas por Rafael Moro Collar.<\/p>\n","protected":false},"author":117,"featured_media":0,"comment_status":"open","ping_status":"open","sticky":false,"template":"","format":"video","meta":{"footnotes":""},"categories":[446],"tags":[],"class_list":["post-51366","post","type-post","status-publish","format-video","hentry","category-real-uvieu","post_format-post-format-video"],"_links":{"self":[{"href":"https:\/\/edublog.educastur.es\/ixuxu\/wp-json\/wp\/v2\/posts\/51366","targetHints":{"allow":["GET"]}}],"collection":[{"href":"https:\/\/edublog.educastur.es\/ixuxu\/wp-json\/wp\/v2\/posts"}],"about":[{"href":"https:\/\/edublog.educastur.es\/ixuxu\/wp-json\/wp\/v2\/types\/post"}],"author":[{"embeddable":true,"href":"https:\/\/edublog.educastur.es\/ixuxu\/wp-json\/wp\/v2\/users\/117"}],"replies":[{"embeddable":true,"href":"https:\/\/edublog.educastur.es\/ixuxu\/wp-json\/wp\/v2\/comments?post=51366"}],"version-history":[{"count":2,"href":"https:\/\/edublog.educastur.es\/ixuxu\/wp-json\/wp\/v2\/posts\/51366\/revisions"}],"predecessor-version":[{"id":51368,"href":"https:\/\/edublog.educastur.es\/ixuxu\/wp-json\/wp\/v2\/posts\/51366\/revisions\/51368"}],"wp:attachment":[{"href":"https:\/\/edublog.educastur.es\/ixuxu\/wp-json\/wp\/v2\/media?parent=51366"}],"wp:term":[{"taxonomy":"category","embeddable":true,"href":"https:\/\/edublog.educastur.es\/ixuxu\/wp-json\/wp\/v2\/categories?post=51366"},{"taxonomy":"post_tag","embeddable":true,"href":"https:\/\/edublog.educastur.es\/ixuxu\/wp-json\/wp\/v2\/tags?post=51366"}],"curies":[{"name":"wp","href":"https:\/\/api.w.org\/{rel}","templated":true}]}}