{"id":51373,"date":"2025-06-21T08:45:29","date_gmt":"2025-06-21T06:45:29","guid":{"rendered":"https:\/\/edublog.educastur.es\/ixuxu\/?p=51373"},"modified":"2025-06-21T10:43:37","modified_gmt":"2025-06-21T08:43:37","slug":"guei-entamal-branu","status":"publish","type":"post","link":"https:\/\/edublog.educastur.es\/ixuxu\/2025\/06\/guei-entamal-branu\/","title":{"rendered":"G\u00fcei entama&#8217;l branu nel Hemisferiu Norte"},"content":{"rendered":"<ul>\n<li><span class=\"html-span xdj266r x14z9mp xat24cr x1lziwak xexx8yu xyri2b x18d9i69 x1c1uobl x1hl2dhg x16tdsg8 x1vvkbs\"><a class=\"x1i10hfl xjbqb8w x1ejq31n x18oe1m7 x1sy0etr xstzfhl x972fbf x10w94by x1qhh985 x14e42zd x9f619 x1ypdohk xt0psk2 xe8uvvx xdj266r x14z9mp xat24cr x1lziwak xexx8yu xyri2b x18d9i69 x1c1uobl x16tdsg8 x1hl2dhg xggy1nq x1a2a7pz xkrqix3 x1sur9pj x1fey0fg x1s688f\" role=\"link\" href=\"https:\/\/www.facebook.com\/hashtag\/solsticiodeverano?__eep__=6&amp;__cft__[0]=AZUDwHwBBlO7jT1OMgC8crLDjNe2s00jCqJM01Pf4BEVkbovsXpeTBtMQF2piyqpsgdCzXlYEdlx_xnPc8UNBIB4HWOFfWP0_rdoG9dnHxldJ8Q6_W_NnjQ8vllGgNqj5SLPcynt9HiUvh5Kg_DXsLBSUonnXNRX15J12IYjupjBc1y1AJvqllqip1h_cg2B6bj4JKVrMky8nKrwJCtysTPJEICiCr8GcjwWww_nb9vuDA&amp;__tn__=*NK-y-R\">#SolsticioDeVerano<\/a><\/span> <span class=\"html-span xdj266r x14z9mp xat24cr x1lziwak xexx8yu xyri2b x18d9i69 x1c1uobl x1hl2dhg x16tdsg8 x1vvkbs\"><a class=\"x1i10hfl xjbqb8w x1ejq31n x18oe1m7 x1sy0etr xstzfhl x972fbf x10w94by x1qhh985 x14e42zd x9f619 x1ypdohk xt0psk2 xe8uvvx xdj266r x14z9mp xat24cr x1lziwak xexx8yu xyri2b x18d9i69 x1c1uobl x16tdsg8 x1hl2dhg xggy1nq x1a2a7pz xkrqix3 x1sur9pj x1fey0fg x1s688f\" role=\"link\" href=\"https:\/\/www.facebook.com\/hashtag\/solsticio2025?__eep__=6&amp;__cft__[0]=AZUDwHwBBlO7jT1OMgC8crLDjNe2s00jCqJM01Pf4BEVkbovsXpeTBtMQF2piyqpsgdCzXlYEdlx_xnPc8UNBIB4HWOFfWP0_rdoG9dnHxldJ8Q6_W_NnjQ8vllGgNqj5SLPcynt9HiUvh5Kg_DXsLBSUonnXNRX15J12IYjupjBc1y1AJvqllqip1h_cg2B6bj4JKVrMky8nKrwJCtysTPJEICiCr8GcjwWww_nb9vuDA&amp;__tn__=*NK-y-R\">#solsticio2025<\/a><\/span><\/li>\n<li>El solsticiu de branu cel\u00e9brase en dellos sitios d&#8217;inter\u00e9s&#8230;<a href=\"https:\/\/scontent-bcn1-1.xx.fbcdn.net\/v\/t39.30808-6\/510507309_1266484164849285_2928260430496365434_n.jpg?_nc_cat=1&amp;ccb=1-7&amp;_nc_sid=127cfc&amp;_nc_ohc=dw8s_ILoD9UQ7kNvwEzHhMX&amp;_nc_oc=Adl6EyTOEkYqhLzWvEPiuBpbAyYIj9QznaCfTy2Xwiib4LhVAg6sVWyJuaAeVF9K-SMCGaqs1sfnU3RShwDcw3Ig&amp;_nc_zt=23&amp;_nc_ht=scontent-bcn1-1.xx&amp;_nc_gid=3oqOxUXXzwHVbT0FYICGWw&amp;oh=00_AfNNgnZNd0Q4HHuk-b0C0nUCr0ZYc0kLNvrzJXPwKM4yyg&amp;oe=685C597F\"> Imaxe1<\/a> \/<\/li>\n<\/ul>\n<p style=\"text-align: center\">\n<!-- iframe plugin v.6.0 wordpress.org\/plugins\/iframe\/ -->\n<iframe loading=\"lazy\" src=\"https:\/\/www.facebook.com\/plugins\/post.php?href=https%3A%2F%2Fwww.facebook.com%2Fstonehengedronescapes%2Fposts%2Fpfbid02aauboNECMRPnhAYLDQd8Ba45NpfwcpAknbFrYCR7bcSTWfonTmGwWLruJ3ywuNLAl&#038;show_text=false&#038;width=500\" width=\"500\" height=\"353\" style=\"border:none;overflow:hidden\" scrolling=\"no\" frameborder=\"0\" allowfullscreen=\"true\" allow=\"autoplay; clipboard-write; encrypted-media; picture-in-picture; web-share\" 0=\"\/iframe\" class=\"iframe-class\"><\/iframe>\n<\/p>\n<p>El branu empieza cuando se produz el solsticiu de branu, qu&#8217;angua\u00f1o va ser esactamente a les 4:42 hores de la madrugada del 21 de xunu (hora peninsular). El branu o estivu\u200b ye una de los cuatro estacioness de les zones templaes. Ye la m\u00e1s templada d&#8217;elles. Sigue a la primavera y preciede a la seronda.\u200b El branu caracter\u00edzase porque los d\u00edes son m\u00e1s llargos y les nueches m\u00e1s curties.<\/p>\n<p>&nbsp;<\/p>\n<p><!--more--><\/p>\n<p style=\"text-align: center\">\n<!-- iframe plugin v.6.0 wordpress.org\/plugins\/iframe\/ -->\n<iframe loading=\"lazy\" src=\"https:\/\/www.facebook.com\/plugins\/post.php?href=https%3A%2F%2Fwww.facebook.com%2Fphoto.php%3Ffbid%3D1148806747289421%26set%3Da.416423213861115%26type%3D3&#038;show_text=false&#038;width=500\" width=\"500\" height=\"683\" style=\"border:none;overflow:hidden\" scrolling=\"no\" frameborder=\"0\" allowfullscreen=\"true\" allow=\"autoplay; clipboard-write; encrypted-media; picture-in-picture; web-share\" 0=\"\/iframe\" class=\"iframe-class\"><\/iframe>\n<\/p>\n","protected":false},"excerpt":{"rendered":"<p>#SolsticioDeVerano #solsticio2025 El solsticiu de branu cel\u00e9brase en dellos sitios d&#8217;inter\u00e9s&#8230; Imaxe1 \/ El branu empieza cuando se produz el solsticiu de branu, qu&#8217;angua\u00f1o va ser esactamente a les 4:42 hores de la madrugada del 21 de xunu (hora peninsular). El branu o estivu\u200b ye una de los cuatro estacioness de les zones templaes. Ye [&hellip;]<\/p>\n","protected":false},"author":117,"featured_media":0,"comment_status":"open","ping_status":"open","sticky":false,"template":"","format":"standard","meta":{"footnotes":""},"categories":[46],"tags":[],"class_list":["post-51373","post","type-post","status-publish","format-standard","hentry","category-estaciones"],"_links":{"self":[{"href":"https:\/\/edublog.educastur.es\/ixuxu\/wp-json\/wp\/v2\/posts\/51373","targetHints":{"allow":["GET"]}}],"collection":[{"href":"https:\/\/edublog.educastur.es\/ixuxu\/wp-json\/wp\/v2\/posts"}],"about":[{"href":"https:\/\/edublog.educastur.es\/ixuxu\/wp-json\/wp\/v2\/types\/post"}],"author":[{"embeddable":true,"href":"https:\/\/edublog.educastur.es\/ixuxu\/wp-json\/wp\/v2\/users\/117"}],"replies":[{"embeddable":true,"href":"https:\/\/edublog.educastur.es\/ixuxu\/wp-json\/wp\/v2\/comments?post=51373"}],"version-history":[{"count":5,"href":"https:\/\/edublog.educastur.es\/ixuxu\/wp-json\/wp\/v2\/posts\/51373\/revisions"}],"predecessor-version":[{"id":51380,"href":"https:\/\/edublog.educastur.es\/ixuxu\/wp-json\/wp\/v2\/posts\/51373\/revisions\/51380"}],"wp:attachment":[{"href":"https:\/\/edublog.educastur.es\/ixuxu\/wp-json\/wp\/v2\/media?parent=51373"}],"wp:term":[{"taxonomy":"category","embeddable":true,"href":"https:\/\/edublog.educastur.es\/ixuxu\/wp-json\/wp\/v2\/categories?post=51373"},{"taxonomy":"post_tag","embeddable":true,"href":"https:\/\/edublog.educastur.es\/ixuxu\/wp-json\/wp\/v2\/tags?post=51373"}],"curies":[{"name":"wp","href":"https:\/\/api.w.org\/{rel}","templated":true}]}}