{"id":51388,"date":"2025-06-21T13:28:12","date_gmt":"2025-06-21T11:28:12","guid":{"rendered":"https:\/\/edublog.educastur.es\/ixuxu\/?p=51388"},"modified":"2025-06-21T13:42:30","modified_gmt":"2025-06-21T11:42:30","slug":"la-puerta-de-los-xigantes-afayal-secretu-meyor-guardau-de-valdedios","status":"publish","type":"post","link":"https:\/\/edublog.educastur.es\/ixuxu\/2025\/06\/la-puerta-de-los-xigantes-afayal-secretu-meyor-guardau-de-valdedios\/","title":{"rendered":"La \u00abPuerta de los Xigantes\u00bb afaya&#8217;l secretu meyor guard\u00e1u de Valdedi\u00f3s"},"content":{"rendered":"<header class=\"ft-layout-grid-flex__colXs-12 ft-layout-grid-flex__rowAddsGutter-0\"><span style=\"color: #008080\">La \u00abPuerta de los Xigantes\u00bb afaya&#8217;l secretu meyor guard\u00e1u de Valdedi\u00f3s: <strong>este ye&#8217;l sorprendente afayu arqueol\u00f3xicu clave para la hestoria medieval asturiana<\/strong>.<\/span> L&#8217;arque\u00f3logu Iv\u00e1n Mu\u00f1iz despolvoria una canal soterra\u00f1a monumental: murios de piedra y tecnolox\u00eda hidr\u00e1ulica avanzada remanecen sol monesteriu de Villaviciosa. \/ \u00a0<a class=\"ft-link ft-link--decoration\" href=\"https:\/\/www.lne.es\/villaviciosa\/2024\/10\/09\/valdedios-supera-14-000-visitas-109093889.html\">Valdedi\u00f3s <\/a>\/ <a href=\"https:\/\/www.lne.es\/villaviciosa\/2025\/06\/20\/puerta-gigantes-descubre-secreto-mejor-118494321.html?utm_content=imagen&amp;utm_medium=social&amp;utm_campaign=echobox&amp;utm_source=Facebook#Echobox=1750441448\">LNE<\/a><\/p>\n<p style=\"text-align: center\"><a href=\"https:\/\/estaticos-cdn.prensaiberica.es\/clip\/64344bb8-3124-457a-b9e2-f0f3794789a8_16-9-discover-aspect-ratio_default_0.webp\"><img loading=\"lazy\" decoding=\"async\" class=\"aligncenter size-large\" src=\"https:\/\/estaticos-cdn.prensaiberica.es\/clip\/64344bb8-3124-457a-b9e2-f0f3794789a8_16-9-discover-aspect-ratio_default_0.webp\" width=\"1200\" height=\"675\" \/><\/a><br \/>\nIv\u00e1n Mu\u00f1iz, \u00e9nte la Puerta de los Xigantes\u00bb \/ Carla Vega<\/p>\n<p><!--more--><br \/>\nValdedi\u00f3s, valle de Villaviciosa conoc\u00edu pola so guapura y leg\u00e1u mon\u00e1sticu, convi\u00e9rtese agora en protagonista en clave cient\u00edfica y patrimonial. So la direcci\u00f3n del arque\u00f3logu Iv\u00e1n Mu\u00f1iz, doctor n&#8217;Hestoria, salieron a la lluz restos arquitect\u00f3nicos de gran magnit\u00fa y complexid\u00e1. <strong><span style=\"color: #008080\">Tr\u00e1tase d&#8217;un notable sistema hidr\u00e1ulicu que supon unu de los mayores descubrimientos de l&#8217;arqueolox\u00eda medieval asturiana de los \u00faltimos a\u00f1os<\/span><\/strong><\/p>\n<p><span style=\"color: #008080\"><strong>L&#8217;epicentru del afayu ye una canal soterra\u00f1a de 80 metros de llargor, cubiertu por una b\u00f3veda de piedra y con un accesu flanqueado por un arcu de dos metros d&#8217;altor, form\u00e1u por dovelas de gran tama\u00f1u.<\/strong><\/span> Mu\u00f1iz nun duldar en describilo como \u00abxuna puerta de xigantes\u00bb. \u00abYe como atopar un templu perd\u00edu en met\u00e1 de la selva, pero equ\u00ed, ente la vexetaci\u00f3n de Valdedi\u00f3s\u00bb, a\u00f1ede l&#8217;arque\u00f3logu.<\/p>\n<p><strong>Convent\u00edn. <\/strong>Hasta agora, el valor patrimonial de Valdedi\u00f3s centrar nel so monesteriu y nel prerrom\u00e1nicu del Convent\u00edn. Sicas\u00ed, Mu\u00f1iz apost\u00f3 por una llectura m\u00e1s amplia. <span style=\"color: #008080\"><em>\u00abTamos tan acostumaos a mirar el monumentu qu&#8217;escaecemos el paisaxe que lo sostien. Y el paisaxe, nesti casu, guarda m\u00e1s respuestes de les qu&#8217;imaxin\u00e1bamos\u00bb<\/em><\/span>, sorraya. En llugar de centrase nam\u00e1 nes estructures relixoses, el so equipu analiz\u00f3 la redolada fluvial, afayando que&#8217;l r\u00edu non solo taba vencey\u00e1u al monesteriu como elementu natural, sin\u00f3n como infraestructura curioso dise\u00f1ada pa sirvir a una rede hidr\u00e1ulica de gran complexid\u00e1.<\/p>\n<p><strong>Gran canal. <\/strong>Les obres hidr\u00e1uliques identificaes nun se llinden a la gran canal. Top\u00e1ronse murios de contenci\u00f3n, saltos d&#8217;agua, revestimientos de calce y sistemes de captaci\u00f3n nes fasteres pr\u00f3ximes, am\u00e1s de canales de derivaci\u00f3n y aguaduchos pr\u00f3ximos a los molinos. En xunto, tol valle funcionaba como un aut\u00e9nticu \u201csistema t\u00e9cnicu medieval\u201d, que&#8217;l so grau de caltenimientu resulta escepcional.<\/p>\n<p style=\"text-align: center\"><a href=\"https:\/\/estaticos-cdn.prensaiberica.es\/clip\/7b926de3-f0e3-4b82-86e8-6723cd410def_source-aspect-ratio_default_0.webp\"><img loading=\"lazy\" decoding=\"async\" class=\"aligncenter size-large\" src=\"https:\/\/estaticos-cdn.prensaiberica.es\/clip\/7b926de3-f0e3-4b82-86e8-6723cd410def_source-aspect-ratio_default_0.webp\" width=\"2000\" height=\"1333\" \/><\/a>El Convent\u00edn \/ LNE<\/p>\n<p>La importancia d&#8217;esti afayu va m\u00e1s all\u00e1 de lo t\u00e9cnico. Seg\u00fan Mu\u00f1iz, <em><span style=\"color: #008080\">\u00ablos r\u00edos yeren consideraos sagraos na Ed\u00e1 Media. Yeren fonte de vida, d&#8217;enerx\u00eda, de fertilid\u00e1. Curi\u00e1base-yos, tresform\u00e1base-yos y lluch\u00e1base pol so control\u00bb<\/span><\/em>. Nesti sent\u00edu, l&#8217;afayu non solo apurre datos arquitect\u00f3nicos o etnogr\u00e1ficos, sin\u00f3n tami\u00e9n culturales, revelando c\u00f3mo l&#8217;agua yera central na vida de los monxos, llabradores y artesanos qu&#8217;habitaron el valle.<\/p>\n<p><strong>El C\u00edster. <\/strong>Esti tipu d&#8217;intervenci\u00f3n hidr\u00e1ulica ye una se\u00f1a d&#8217;identid\u00e1 de la orde del C\u00edster, conocida pola so conocencia t\u00e9cnicu y l&#8217;aprovechamientu racional de la redolada. Exemplos como los monesterios de Fontenay (Francia) o Maulbronn (Alema\u00f1a) amuesen instalaciones similares, anque en munchos casos, deterioraes o estazaes. <strong>Lo estraordinario de Valdedi\u00f3s ye&#8217;l grau d&#8217;integrid\u00e1 del conxuntu. Ta \u201csell\u00e1u pol tiempu\u201d, como afirma Iv\u00e1n Mu\u00f1iz, protex\u00edu mientres sieglos pola vexetaci\u00f3n y l&#8217;abandonu.<\/strong><\/p>\n<p>&nbsp;<\/p>\n<p style=\"text-align: center\">Un cachu del sieglu XIII n&#8217;Asturies:<br \/>\nuna ruta que nos lleva a un antiguu Monesteriu<\/p>\n<p>Apocay\u00e1, l&#8217;arque\u00f3logu present\u00f3 les meyores de la so investigaci\u00f3n nel Mus\u00e9u Arqueol\u00f3xicu d&#8217;Asturies.<em><span style=\"color: #008080\"> \u00abLa Hestoria tien de sirvir al presente\u00bb<\/span><\/em>, sostien Mu\u00f1iz. En tiempos nos que la xesti\u00f3n de l&#8217;agua, la enerx\u00eda y el territoriu son temes de m\u00e1xima actualid\u00e1, mirar al pas\u00e1u dende una perspectiva arqueol\u00f3xica puede apurrir idees y modelos \u00fatiles pa los desaf\u00edos actuales.<\/p>\n<p>La investigaci\u00f3n en Valdedi\u00f3s sigui y promete siguir desvelando secretos, presumiblemente de cara a la seronda, Iv\u00e1n Mu\u00f1iz y el so equipu van tener m\u00e1s detalles, m\u00e1s respuestes y m\u00e1s datos qu&#8217;ufiertar sobro&#8217;l pas\u00e1u de Valdedi\u00f3s.<\/p>\n<p style=\"text-align: center\"><a href=\"https:\/\/pbs.twimg.com\/media\/FzsNnHVXgAA6eKh?format=jpg&amp;name=large\"><img loading=\"lazy\" decoding=\"async\" class=\"aligncenter size-large\" src=\"https:\/\/pbs.twimg.com\/media\/FzsNnHVXgAA6eKh?format=jpg&amp;name=large\" width=\"2048\" height=\"1463\" \/><\/a><\/p>\n<\/header>\n<div class=\"ft-layout-grid-flex__colXs-12 ft-layout-grid-flex__colSm-7 ft-layout-grid-flex__colMd-8\">\n<div class=\"ft-layout-grid-flex__nested ft-layout-grid-flex__nestedGutter-0\">\n<div class=\"ft-layout-grid-flex__colXs-12 ft-layout-grid-flex__colSm-11\" data-aida-text=\"\">\n<div class=\"ft-embed\" data-rrss-id=\"twitter\" data-tweet-embed-id=\"1673946693782388736\" data-tweet-id=\"1673946693782388736\">\n<div class=\"ft-embed__item\">\n<div class=\"twitter-tweet twitter-tweet-rendered\" style=\"text-align: center\"><a href=\"https:\/\/pbs.twimg.com\/media\/FzsNpVmWwAEJXSx?format=jpg&amp;name=large\"><img loading=\"lazy\" decoding=\"async\" class=\"aligncenter size-large\" src=\"https:\/\/pbs.twimg.com\/media\/FzsNpVmWwAEJXSx?format=jpg&amp;name=large\" width=\"2048\" height=\"1463\" \/><\/a><\/div>\n<\/div>\n<\/div>\n<\/div>\n<\/div>\n<\/div>\n","protected":false},"excerpt":{"rendered":"<p>La \u00abPuerta de los Xigantes\u00bb afaya&#8217;l secretu meyor guard\u00e1u de Valdedi\u00f3s: este ye&#8217;l sorprendente afayu arqueol\u00f3xicu clave para la hestoria medieval asturiana. L&#8217;arque\u00f3logu Iv\u00e1n Mu\u00f1iz despolvoria una canal soterra\u00f1a monumental: murios de piedra y tecnolox\u00eda hidr\u00e1ulica avanzada remanecen sol monesteriu de Villaviciosa. \/ \u00a0Valdedi\u00f3s \/ LNE Iv\u00e1n Mu\u00f1iz, \u00e9nte la Puerta de los Xigantes\u00bb \/ [&hellip;]<\/p>\n","protected":false},"author":117,"featured_media":0,"comment_status":"open","ping_status":"open","sticky":false,"template":"","format":"standard","meta":{"footnotes":""},"categories":[206],"tags":[],"class_list":["post-51388","post","type-post","status-publish","format-standard","hentry","category-arqueoloxia"],"_links":{"self":[{"href":"https:\/\/edublog.educastur.es\/ixuxu\/wp-json\/wp\/v2\/posts\/51388","targetHints":{"allow":["GET"]}}],"collection":[{"href":"https:\/\/edublog.educastur.es\/ixuxu\/wp-json\/wp\/v2\/posts"}],"about":[{"href":"https:\/\/edublog.educastur.es\/ixuxu\/wp-json\/wp\/v2\/types\/post"}],"author":[{"embeddable":true,"href":"https:\/\/edublog.educastur.es\/ixuxu\/wp-json\/wp\/v2\/users\/117"}],"replies":[{"embeddable":true,"href":"https:\/\/edublog.educastur.es\/ixuxu\/wp-json\/wp\/v2\/comments?post=51388"}],"version-history":[{"count":6,"href":"https:\/\/edublog.educastur.es\/ixuxu\/wp-json\/wp\/v2\/posts\/51388\/revisions"}],"predecessor-version":[{"id":51394,"href":"https:\/\/edublog.educastur.es\/ixuxu\/wp-json\/wp\/v2\/posts\/51388\/revisions\/51394"}],"wp:attachment":[{"href":"https:\/\/edublog.educastur.es\/ixuxu\/wp-json\/wp\/v2\/media?parent=51388"}],"wp:term":[{"taxonomy":"category","embeddable":true,"href":"https:\/\/edublog.educastur.es\/ixuxu\/wp-json\/wp\/v2\/categories?post=51388"},{"taxonomy":"post_tag","embeddable":true,"href":"https:\/\/edublog.educastur.es\/ixuxu\/wp-json\/wp\/v2\/tags?post=51388"}],"curies":[{"name":"wp","href":"https:\/\/api.w.org\/{rel}","templated":true}]}}