{"id":51399,"date":"2025-06-21T09:00:56","date_gmt":"2025-06-21T07:00:56","guid":{"rendered":"https:\/\/edublog.educastur.es\/ixuxu\/?p=51399"},"modified":"2025-06-22T19:31:09","modified_gmt":"2025-06-22T17:31:09","slug":"dia-internacional-del-sol-3","status":"publish","type":"post","link":"https:\/\/edublog.educastur.es\/ixuxu\/2025\/06\/dia-internacional-del-sol-3\/","title":{"rendered":"D\u00eda Internacional del Sol"},"content":{"rendered":"<p>El 21 de xunu ye&#8217;l <strong>D\u00eda Internacional del Sol<\/strong> o D\u00eda Internacional de la Celebraci\u00f3n del Solsticiu. \ud83c\udf1e La hestoria del astru rei, vital para la vida na Tierra, vien dende los or\u00edxenes de la humanid\u00e1. Mientres enforma tiempu, crey\u00f3se que la Tierra yera&#8217;l centru del universu. Al so alredor xiraben el Sol, la Lluna, los planetes y les estrelles.<\/p>\n<p style=\"text-align: center\">\n<!-- iframe plugin v.6.0 wordpress.org\/plugins\/iframe\/ -->\n<iframe loading=\"lazy\" src=\"https:\/\/www.facebook.com\/plugins\/post.php?href=https%3A%2F%2Fwww.facebook.com%2Floqueleosantillanaspain%2Fposts%2Fpfbid0327oDW1iLiufYM4yWMwe9a2id8HefUKv81rjz7GbUaHZ1pG5Nbu1zoFtRez3CxxxYl&#038;show_text=false&#038;width=500\" width=\"500\" height=\"498\" style=\"border:none;overflow:hidden\" scrolling=\"no\" frameborder=\"0\" allowfullscreen=\"true\" allow=\"autoplay; clipboard-write; encrypted-media; picture-in-picture; web-share\" 0=\"\/iframe\" class=\"iframe-class\"><\/iframe>\n<\/p>\n<p style=\"text-align: center\"><!--more--><\/p>\n<p>\u00a1G\u00fcei cel\u00e9brase&#8217;l D\u00eda Internacional del Sol! Cada 21 de xunu, coincidiendo col solsticiu de xunu, conmemoramos esta fecha para destacar la importancia del Sol na vida de tolos seres vivos de la Tierra. \ud83c\udf0d\ud83c\udf31 El Sol non solo marca&#8217;l ritmu de los d\u00edes y les estaciones, sin\u00f3n que ye clave para la fotos\u00edntesis, el clima y l&#8217;enerx\u00eda que recibimos nel nuesu planeta. <a href=\"https:\/\/scontent-mad2-1.xx.fbcdn.net\/v\/t39.30808-6\/510970204_1242928644509983_8714957378489124638_n.jpg?_nc_cat=108&amp;ccb=1-7&amp;_nc_sid=127cfc&amp;_nc_ohc=CRslqTAsBGcQ7kNvwHlin9O&amp;_nc_oc=AdkjtmhlCjcAhuPJbfg09lfFro7TWjyRnpciiU_DdAvVTdvXJHYHUrtTQYr-rfxX7mk&amp;_nc_zt=23&amp;_nc_ht=scontent-mad2-1.xx&amp;_nc_gid=OmYPILX6MmpqNX_gArZ4-w&amp;oh=00_AfPtp1b6ggNZbbek-wzmOuxlN876sxjcEmTsD_VyjGxT8Q&amp;oe=685DF912\">Imaxe<\/a><\/p>\n<p style=\"text-align: center\">\n<!-- iframe plugin v.6.0 wordpress.org\/plugins\/iframe\/ -->\n<iframe loading=\"lazy\" src=\"https:\/\/www.facebook.com\/plugins\/post.php?href=https%3A%2F%2Fwww.facebook.com%2Fiberianwildlife1%2Fposts%2Fpfbid02ttYGuyHYiBmZNz8pbjdGkSWhxY4PyzpCpBnNtmMRa2KcYtyJ3CiMUaqjVYGPZ7Lql&#038;show_text=false&#038;width=500\" width=\"500\" height=\"498\" style=\"border:none;overflow:hidden\" scrolling=\"no\" frameborder=\"0\" allowfullscreen=\"true\" allow=\"autoplay; clipboard-write; encrypted-media; picture-in-picture; web-share\" 0=\"\/iframe\" class=\"iframe-class\"><\/iframe>\n<\/p>\n","protected":false},"excerpt":{"rendered":"<p>El 21 de xunu ye&#8217;l D\u00eda Internacional del Sol o D\u00eda Internacional de la Celebraci\u00f3n del Solsticiu. \ud83c\udf1e La hestoria del astru rei, vital para la vida na Tierra, vien dende los or\u00edxenes de la humanid\u00e1. Mientres enforma tiempu, crey\u00f3se que la Tierra yera&#8217;l centru del universu. Al so alredor xiraben el Sol, la Lluna, [&hellip;]<\/p>\n","protected":false},"author":117,"featured_media":0,"comment_status":"open","ping_status":"open","sticky":false,"template":"","format":"standard","meta":{"footnotes":""},"categories":[6],"tags":[],"class_list":["post-51399","post","type-post","status-publish","format-standard","hentry","category-dia-de"],"_links":{"self":[{"href":"https:\/\/edublog.educastur.es\/ixuxu\/wp-json\/wp\/v2\/posts\/51399","targetHints":{"allow":["GET"]}}],"collection":[{"href":"https:\/\/edublog.educastur.es\/ixuxu\/wp-json\/wp\/v2\/posts"}],"about":[{"href":"https:\/\/edublog.educastur.es\/ixuxu\/wp-json\/wp\/v2\/types\/post"}],"author":[{"embeddable":true,"href":"https:\/\/edublog.educastur.es\/ixuxu\/wp-json\/wp\/v2\/users\/117"}],"replies":[{"embeddable":true,"href":"https:\/\/edublog.educastur.es\/ixuxu\/wp-json\/wp\/v2\/comments?post=51399"}],"version-history":[{"count":5,"href":"https:\/\/edublog.educastur.es\/ixuxu\/wp-json\/wp\/v2\/posts\/51399\/revisions"}],"predecessor-version":[{"id":51428,"href":"https:\/\/edublog.educastur.es\/ixuxu\/wp-json\/wp\/v2\/posts\/51399\/revisions\/51428"}],"wp:attachment":[{"href":"https:\/\/edublog.educastur.es\/ixuxu\/wp-json\/wp\/v2\/media?parent=51399"}],"wp:term":[{"taxonomy":"category","embeddable":true,"href":"https:\/\/edublog.educastur.es\/ixuxu\/wp-json\/wp\/v2\/categories?post=51399"},{"taxonomy":"post_tag","embeddable":true,"href":"https:\/\/edublog.educastur.es\/ixuxu\/wp-json\/wp\/v2\/tags?post=51399"}],"curies":[{"name":"wp","href":"https:\/\/api.w.org\/{rel}","templated":true}]}}