{"id":51402,"date":"2025-06-21T23:00:05","date_gmt":"2025-06-21T21:00:05","guid":{"rendered":"https:\/\/edublog.educastur.es\/ixuxu\/?p=51402"},"modified":"2025-06-22T19:55:57","modified_gmt":"2025-06-22T17:55:57","slug":"norabona-al-real-uvieu-equipu-de-primera-division","status":"publish","type":"post","link":"https:\/\/edublog.educastur.es\/ixuxu\/2025\/06\/norabona-al-real-uvieu-equipu-de-primera-division\/","title":{"rendered":"Norabona al Real Uvi\u00e9u, equipu de Primera Divisi\u00f3n"},"content":{"rendered":"<ul>\n<li>UN GOL QUE VAL UN ASCENSU&#8230;\u00a124 A\u00d1OS DEMPU\u00c9S! Un gol que devuelve al Real Uvi\u00e9u al sitiu que nunca tuvo d&#8217;abandonar \ud83c\udfc6 <a href=\"https:\/\/www.facebook.com\/share\/v\/15tQ2pG7do\/\">VIDEU<\/a><\/li>\n<li><a href=\"https:\/\/scontent-mad1-1.xx.fbcdn.net\/v\/t39.30808-6\/511266888_1279589780429370_7522853631002842720_n.jpg?_nc_cat=1&amp;ccb=1-7&amp;_nc_sid=127cfc&amp;_nc_ohc=QF0W8lV9bp8Q7kNvwFH1dti&amp;_nc_oc=AdlhVArfJ2UWslxp38XL93clu2BzVaa4qCxt0icFXG6fVnNrCMAcl1hd3Hx8vbkH2P0&amp;_nc_zt=23&amp;_nc_ht=scontent-mad1-1.xx&amp;_nc_gid=DOIoJVyufTOr_x4DE9NpHw&amp;oh=00_AfMExECMi0b0ZGdj3i0Su25eOB_QXvf0pyeWaiqYquKnUg&amp;oe=685DFD74\">Equipu<\/a> \/<\/li>\n<\/ul>\n<p style=\"text-align: center\">\n<!-- iframe plugin v.6.0 wordpress.org\/plugins\/iframe\/ -->\n<iframe loading=\"lazy\" src=\"https:\/\/www.facebook.com\/plugins\/post.php?href=https%3A%2F%2Fwww.facebook.com%2Fasturiasinfocom%2Fposts%2Fpfbid041mrvYXiTJfmQXbwqxSR5wUQMUv31HvSs74LomQ9AFti5VxLzHfVcmi8KFBCqu97l&#038;show_text=false&#038;width=500\" width=\"500\" height=\"497\" style=\"border:none;overflow:hidden\" scrolling=\"no\" frameborder=\"0\" allowfullscreen=\"true\" allow=\"autoplay; clipboard-write; encrypted-media; picture-in-picture; web-share\" 0=\"\/iframe\" class=\"iframe-class\"><\/iframe>\n<\/p>\n<p><!--more--><\/p>\n<p style=\"text-align: center\">\n<!-- iframe plugin v.6.0 wordpress.org\/plugins\/iframe\/ -->\n<iframe loading=\"lazy\" width=\"100%\" height=\"427\" src=\"https:\/\/www.youtube.com\/embed\/Zhdq6nTEbhQ\" title=\"Resumen Final Playoff Vuelta Real Oviedo - CD Mirand\u00e9s\" frameborder=\"0\" allow=\"accelerometer; autoplay; clipboard-write; encrypted-media; gyroscope; picture-in-picture; web-share\" referrerpolicy=\"strict-origin-when-cross-origin\" 0=\"allowfullscreen\" 1=\"\/iframe\" scrolling=\"yes\" class=\"iframe-class\"><\/iframe>\n<\/p>\n<p style=\"text-align: center\">\n<!-- iframe plugin v.6.0 wordpress.org\/plugins\/iframe\/ -->\n<iframe loading=\"lazy\" src=\"https:\/\/www.facebook.com\/plugins\/post.php?href=https%3A%2F%2Fwww.facebook.com%2Fasturiasinfocom%2Fposts%2Fpfbid033NXnSzNF21DiQpZcFYN8hYzPRw8jbkRSHRXn3gpPGA9f5Nz1nLJ46wDe4kXY3dGXl&#038;show_text=false&#038;width=500\" width=\"500\" height=\"496\" style=\"border:none;overflow:hidden\" scrolling=\"no\" frameborder=\"0\" allowfullscreen=\"true\" allow=\"autoplay; clipboard-write; encrypted-media; picture-in-picture; web-share\" 0=\"\/iframe\" class=\"iframe-class\"><\/iframe>\n<\/p>\n<p style=\"text-align: center\">\n<!-- iframe plugin v.6.0 wordpress.org\/plugins\/iframe\/ -->\n<iframe loading=\"lazy\" src=\"https:\/\/www.facebook.com\/plugins\/post.php?href=https%3A%2F%2Fwww.facebook.com%2FRealOviedo%2Fposts%2Fpfbid02vReziank6qTtMDzkaLXKniuQKFZHTK6tjSpoin43bCUnJkBaFTbTZujGh8wJB5zpl&#038;show_text=false&#038;width=500\" width=\"500\" height=\"498\" style=\"border:none;overflow:hidden\" scrolling=\"no\" frameborder=\"0\" allowfullscreen=\"true\" allow=\"autoplay; clipboard-write; encrypted-media; picture-in-picture; web-share\" 0=\"\/iframe\" class=\"iframe-class\"><\/iframe>\n<\/p>\n<p style=\"text-align: center\">\n<!-- iframe plugin v.6.0 wordpress.org\/plugins\/iframe\/ -->\n<iframe loading=\"lazy\" src=\"https:\/\/www.facebook.com\/plugins\/video.php?height=476&#038;href=https%3A%2F%2Fwww.facebook.com%2FMARCA%2Fvideos%2F1050960566626408%2F&#038;show_text=false&#038;width=267&#038;t=0\" width=\"267\" height=\"476\" style=\"border:none;overflow:hidden\" scrolling=\"no\" frameborder=\"0\" allowfullscreen=\"true\" allow=\"autoplay; clipboard-write; encrypted-media; picture-in-picture; web-share\" 0=\"\/iframe\" class=\"iframe-class\"><\/iframe>\n<\/p>\n<p>&nbsp;<\/p>\n<p style=\"text-align: center\">\n<!-- iframe plugin v.6.0 wordpress.org\/plugins\/iframe\/ -->\n<iframe loading=\"lazy\" src=\"https:\/\/www.facebook.com\/plugins\/video.php?height=476&#038;href=https%3A%2F%2Fwww.facebook.com%2Freel%2F1155531312567988%2F&#038;show_text=false&#038;width=267&#038;t=0\" width=\"267\" height=\"476\" style=\"border:none;overflow:hidden\" scrolling=\"no\" frameborder=\"0\" allowfullscreen=\"true\" allow=\"autoplay; clipboard-write; encrypted-media; picture-in-picture; web-share\" 0=\"\/iframe\" class=\"iframe-class\"><\/iframe>\n<\/p>\n<p style=\"text-align: center\">\n<!-- iframe plugin v.6.0 wordpress.org\/plugins\/iframe\/ -->\n<iframe loading=\"lazy\" src=\"https:\/\/www.facebook.com\/plugins\/post.php?href=https%3A%2F%2Fwww.facebook.com%2Fpili.suarezalvarez.9%2Fposts%2Fpfbid02GFJz6pWCoRpCM1U4R2UjqXYZSEdT86hihRh29MqxhhH96BCEbUomXwTRnfppaVLfl&#038;show_text=false&#038;width=500\" width=\"500\" height=\"498\" style=\"border:none;overflow:hidden\" scrolling=\"no\" frameborder=\"0\" allowfullscreen=\"true\" allow=\"autoplay; clipboard-write; encrypted-media; picture-in-picture; web-share\" 0=\"\/iframe\" class=\"iframe-class\"><\/iframe>\n<\/p>\n<p style=\"text-align: center\">\n<!-- iframe plugin v.6.0 wordpress.org\/plugins\/iframe\/ -->\n<iframe loading=\"lazy\" src=\"https:\/\/www.facebook.com\/plugins\/video.php?height=476&#038;href=https%3A%2F%2Fwww.facebook.com%2Freel%2F742332878267795%2F&#038;show_text=false&#038;width=267&#038;t=0\" width=\"267\" height=\"476\" style=\"border:none;overflow:hidden\" scrolling=\"no\" frameborder=\"0\" allowfullscreen=\"true\" allow=\"autoplay; clipboard-write; encrypted-media; picture-in-picture; web-share\" 0=\"\/iframe\" class=\"iframe-class\"><\/iframe>\n<\/p>\n<p>El mensaxe de felicitaci\u00f3n del Sporting al Real Uvi\u00e9u pol so ascensu a Primera. El club, al travi\u00e9s de les sos redes sociales, felicit\u00f3 a el carbayones, Elche y Llevante, los tr\u00e9s equipos que xubieron.<\/p>\n<ul>\n<li><a class=\"css-1jxf684 r-bcqeeo r-1ttztb7 r-qvutc0 r-poiln3 r-1loqt21\" dir=\"ltr\" role=\"link\" href=\"https:\/\/x.com\/hashtag\/RealSporting?src=hashtag_click\">#RealSporting<\/a><\/li>\n<\/ul>\n<p>\u00a1Dende Xix\u00f3n, con arguyu y respetu, unviamos nueses m\u00e1s sinceres felicitaciones al Real Uvi\u00e9u pol so merec\u00edu ascensu a Primer Divisi\u00f3n! \u26bd\ud83d\udc99 Anque les nueses ciudaes viven el f\u00fatbol con pasi\u00f3n dende colores distintos, <strong>g\u00fcei toa Asturies celebra un llogru qu&#8217;empondera al deporte y a la nuesa tierra<\/strong>. La victoria del Uvi\u00e9u ye&#8217;l reflexu del esfuerzu, la constancia y el sua\u00f1u cumpl\u00edu d&#8217;una afici\u00f3n incansable.<br \/>\nAsturies ta xunida pol deporte, y g\u00fcei l&#8217;aplausu naz tami\u00e9n dende&#8217;l coraz\u00f3n de el xixoneses. \u00a1V\u00e9monos no m\u00e1s alto!<\/p>\n<p style=\"text-align: center\">\n<!-- iframe plugin v.6.0 wordpress.org\/plugins\/iframe\/ -->\n<iframe loading=\"lazy\" src=\"https:\/\/www.facebook.com\/plugins\/post.php?href=https%3A%2F%2Fwww.facebook.com%2FLavozcriticadexixon%2Fposts%2Fpfbid02PG1X6nn1tUZ1YGZbyqa8XnZYAZfWaYBBcV4eSzKWDZ4YSipf1tCNaCFaGuUdRrPdl&#038;show_text=false&#038;width=500\" width=\"500\" height=\"333\" style=\"border:none;overflow:hidden\" scrolling=\"no\" frameborder=\"0\" allowfullscreen=\"true\" allow=\"autoplay; clipboard-write; encrypted-media; picture-in-picture; web-share\" 0=\"\/iframe\" class=\"iframe-class\"><\/iframe>\n<\/p>\n<p>L&#8217;allegr\u00eda enchir n&#8217;Uvi\u00e9u: cientos d&#8217;aficionaos llanzar a la fonte de la plaza Am\u00e9rica n&#8217;una xornada hist\u00f3rica.<\/p>\n<p style=\"text-align: center\"><a href=\"https:\/\/estaticos-cdn.prensaiberica.es\/clip\/3c8ae1d4-b83e-4f15-b2ad-dbdee7799fbb_16-9-aspect-ratio_default_0.jpg\"><img loading=\"lazy\" decoding=\"async\" class=\"aligncenter size-large\" src=\"https:\/\/estaticos-cdn.prensaiberica.es\/clip\/3c8ae1d4-b83e-4f15-b2ad-dbdee7799fbb_16-9-aspect-ratio_default_0.jpg\" width=\"880\" height=\"495\" \/><\/a><\/p>\n<p>&nbsp;<\/p>\n<p>&nbsp;<\/p>\n","protected":false},"excerpt":{"rendered":"<p>UN GOL QUE VAL UN ASCENSU&#8230;\u00a124 A\u00d1OS DEMPU\u00c9S! Un gol que devuelve al Real Uvi\u00e9u al sitiu que nunca tuvo d&#8217;abandonar \ud83c\udfc6 VIDEU Equipu \/<\/p>\n","protected":false},"author":117,"featured_media":0,"comment_status":"open","ping_status":"open","sticky":false,"template":"","format":"standard","meta":{"footnotes":""},"categories":[133,446],"tags":[],"class_list":["post-51402","post","type-post","status-publish","format-standard","hentry","category-deportes","category-real-uvieu"],"_links":{"self":[{"href":"https:\/\/edublog.educastur.es\/ixuxu\/wp-json\/wp\/v2\/posts\/51402","targetHints":{"allow":["GET"]}}],"collection":[{"href":"https:\/\/edublog.educastur.es\/ixuxu\/wp-json\/wp\/v2\/posts"}],"about":[{"href":"https:\/\/edublog.educastur.es\/ixuxu\/wp-json\/wp\/v2\/types\/post"}],"author":[{"embeddable":true,"href":"https:\/\/edublog.educastur.es\/ixuxu\/wp-json\/wp\/v2\/users\/117"}],"replies":[{"embeddable":true,"href":"https:\/\/edublog.educastur.es\/ixuxu\/wp-json\/wp\/v2\/comments?post=51402"}],"version-history":[{"count":11,"href":"https:\/\/edublog.educastur.es\/ixuxu\/wp-json\/wp\/v2\/posts\/51402\/revisions"}],"predecessor-version":[{"id":51447,"href":"https:\/\/edublog.educastur.es\/ixuxu\/wp-json\/wp\/v2\/posts\/51402\/revisions\/51447"}],"wp:attachment":[{"href":"https:\/\/edublog.educastur.es\/ixuxu\/wp-json\/wp\/v2\/media?parent=51402"}],"wp:term":[{"taxonomy":"category","embeddable":true,"href":"https:\/\/edublog.educastur.es\/ixuxu\/wp-json\/wp\/v2\/categories?post=51402"},{"taxonomy":"post_tag","embeddable":true,"href":"https:\/\/edublog.educastur.es\/ixuxu\/wp-json\/wp\/v2\/tags?post=51402"}],"curies":[{"name":"wp","href":"https:\/\/api.w.org\/{rel}","templated":true}]}}