{"id":51429,"date":"2025-06-22T19:33:39","date_gmt":"2025-06-22T17:33:39","guid":{"rendered":"https:\/\/edublog.educastur.es\/ixuxu\/?p=51429"},"modified":"2025-06-22T19:33:54","modified_gmt":"2025-06-22T17:33:54","slug":"coto-bellu-va-ser-escenariu-nagostu-dun-taller-dobservacion-solar-y-destrelles-fugaces","status":"publish","type":"post","link":"https:\/\/edublog.educastur.es\/ixuxu\/2025\/06\/coto-bellu-va-ser-escenariu-nagostu-dun-taller-dobservacion-solar-y-destrelles-fugaces\/","title":{"rendered":"Coto Bellu va ser escenariu n&#8217;agostu d&#8217;un taller d&#8217;observaci\u00f3n solar y d&#8217;estrelles fugaces"},"content":{"rendered":"<p>Coto Bellu va ser escenariu n&#8217;agostu d&#8217;un taller d&#8217;observaci\u00f3n solar y d&#8217;estrelles fugaces. <a href=\"https:\/\/www.lne.es\/cuencas\/2025\/06\/21\/rutas-teatralizadas-tren-turistico-naturyoga-118884346.html?utm_content=imagen&amp;utm_medium=social&amp;utm_campaign=echobox&amp;utm_source=Facebook#Echobox=1750494192\">LNE. <\/a>Ayer y\u00e1 lo tien tou llistu para&#8217;l branu y el pr\u00f3ximu 5 de xunetu va empecipiar un intensu programa d&#8217;actividaes que se van enllargar hasta finales de setiembre. Toes son gratuites sacante&#8217;l tren tur\u00edsticu (del 2 al 31 d&#8217;agostu), que va costar dos euros para los mayores de seis a\u00f1os.<\/p>\n<p style=\"text-align: center\"><a href=\"https:\/\/estaticos-cdn.prensaiberica.es\/clip\/faaf13cc-9a23-4671-81c2-8dec18dfc93c_16-9-aspect-ratio_default_0.webp\"><img loading=\"lazy\" decoding=\"async\" class=\"aligncenter size-large\" src=\"https:\/\/estaticos-cdn.prensaiberica.es\/clip\/faaf13cc-9a23-4671-81c2-8dec18dfc93c_16-9-aspect-ratio_default_0.webp\" width=\"880\" height=\"495\" \/><\/a><\/p>\n<p><!--more--><br \/>\nVa Haber dos rutes teatralizadas, que son la exa central de la programaci\u00f3n braniza y que se van ufiertar toos les fines de selmana ente&#8217;l 5 de xunetu y el 21 de setiembre. Van Ser <span style=\"color: #008080\">\u00abXurbeo mitol\u00f3xicu\u00bb, na sienda de la cascada de Xurbeo, y \u00abLos secretos del Pozu San Fernando\u00bb, na sienda que da accesu al castillete mineru, en Uries.<\/span><\/p>\n<p>Los d\u00edes 8 y 19 d&#8217;agostu va haber sesi\u00f3n de \u00abnaturyoga\u00bb n&#8217;El Fielatu y Cotu Bellu. Esti \u00faltimu allugamientu va ser am\u00e1s escenariu d&#8217;una nueva activid\u00e1 d&#8217;observaci\u00f3n solar nel monte na que se va introducir a los participantes na observaci\u00f3n segura del astru y na comprensi\u00f3n de la importancia del nuesu Sol. Va Ser los d\u00edes 7 y 21 d&#8217;agostu y l&#8217;activid\u00e1 incl\u00fai telescopios solares.<\/p>\n<p>Coto Bellu va ser tami\u00e9n l&#8217;escenariu principal de la Selmana de les Perseidas\u00bb, que va tener llugar del 11 al 14 d&#8217;agostu con sal\u00edes nocherniegues pa reparar esti fen\u00f3menu astron\u00f3micu.<\/p>\n<p>Tami\u00e9n va haber rutes bot\u00e1niques y Fontes d&#8217;Iviernu y les Foces d&#8217;El Pinu, seg\u00fan visites empuestes al patrimoniu m\u00e1s destac\u00e1u del conceyu.<\/p>\n","protected":false},"excerpt":{"rendered":"<p>Coto Bellu va ser escenariu n&#8217;agostu d&#8217;un taller d&#8217;observaci\u00f3n solar y d&#8217;estrelles fugaces. LNE. Ayer y\u00e1 lo tien tou llistu para&#8217;l branu y el pr\u00f3ximu 5 de xunetu va empecipiar un intensu programa d&#8217;actividaes que se van enllargar hasta finales de setiembre. Toes son gratuites sacante&#8217;l tren tur\u00edsticu (del 2 al 31 d&#8217;agostu), que va [&hellip;]<\/p>\n","protected":false},"author":117,"featured_media":0,"comment_status":"open","ping_status":"open","sticky":false,"template":"","format":"standard","meta":{"footnotes":""},"categories":[223],"tags":[],"class_list":["post-51429","post","type-post","status-publish","format-standard","hentry","category-astronomia"],"_links":{"self":[{"href":"https:\/\/edublog.educastur.es\/ixuxu\/wp-json\/wp\/v2\/posts\/51429","targetHints":{"allow":["GET"]}}],"collection":[{"href":"https:\/\/edublog.educastur.es\/ixuxu\/wp-json\/wp\/v2\/posts"}],"about":[{"href":"https:\/\/edublog.educastur.es\/ixuxu\/wp-json\/wp\/v2\/types\/post"}],"author":[{"embeddable":true,"href":"https:\/\/edublog.educastur.es\/ixuxu\/wp-json\/wp\/v2\/users\/117"}],"replies":[{"embeddable":true,"href":"https:\/\/edublog.educastur.es\/ixuxu\/wp-json\/wp\/v2\/comments?post=51429"}],"version-history":[{"count":1,"href":"https:\/\/edublog.educastur.es\/ixuxu\/wp-json\/wp\/v2\/posts\/51429\/revisions"}],"predecessor-version":[{"id":51430,"href":"https:\/\/edublog.educastur.es\/ixuxu\/wp-json\/wp\/v2\/posts\/51429\/revisions\/51430"}],"wp:attachment":[{"href":"https:\/\/edublog.educastur.es\/ixuxu\/wp-json\/wp\/v2\/media?parent=51429"}],"wp:term":[{"taxonomy":"category","embeddable":true,"href":"https:\/\/edublog.educastur.es\/ixuxu\/wp-json\/wp\/v2\/categories?post=51429"},{"taxonomy":"post_tag","embeddable":true,"href":"https:\/\/edublog.educastur.es\/ixuxu\/wp-json\/wp\/v2\/tags?post=51429"}],"curies":[{"name":"wp","href":"https:\/\/api.w.org\/{rel}","templated":true}]}}