{"id":51440,"date":"2025-06-23T08:30:50","date_gmt":"2025-06-23T06:30:50","guid":{"rendered":"https:\/\/edublog.educastur.es\/ixuxu\/?p=51440"},"modified":"2025-06-22T19:47:41","modified_gmt":"2025-06-22T17:47:41","slug":"el-tiempu-el-comercio-74","status":"publish","type":"post","link":"https:\/\/edublog.educastur.es\/ixuxu\/2025\/06\/el-tiempu-el-comercio-74\/","title":{"rendered":"El tiempu (El Comercio)"},"content":{"rendered":"<p style=\"text-align: center\"><a href=\"https:\/\/s2.ppllstatics.com\/elcomercio\/www\/multimedia\/2025\/06\/22\/prevision-tiempo-asturias-kCSD-U2301948938566Ca-1200x860@El%20Comercio.jpg\"><img loading=\"lazy\" decoding=\"async\" class=\"aligncenter size-large\" src=\"https:\/\/s2.ppllstatics.com\/elcomercio\/www\/multimedia\/2025\/06\/22\/prevision-tiempo-asturias-kCSD-U2301948938566Ca-1200x860@El%20Comercio.jpg\" width=\"1200\" height=\"860\" \/><\/a><\/p>\n<p>Esperamos cielos bien nublos<strong> pela ma\u00f1ana<\/strong> salvu nel suroccidente y cordal onde les escamplaes van tener mayor protagonismu. <strong>Mientres les primeres hores de la tarde<\/strong> esta nubosidad de tipu baxu va dir sumiendo, pero de la mesma va dir aumentando la nubosidad d&#8217;evoluci\u00f3n diurna (nubes medies y altes) dende&#8217;l cordal que se se van estender escontra&#8217;l restu del Princip\u00e1u. Tocantes a les <strong>precipitaciones<\/strong>, pela ma\u00f1ana nun se refuga dalg\u00fan orbayu bien poco importante principalmente na mari\u00f1a, y mientres tardar-nueche podr\u00eden dase bastios d&#8217;orixe tormentosu que, a priori, va afectar con m\u00e1s probabilid\u00e1 a la met\u00e1 oriental asturiana.<\/p>\n<p>Comoquier, l&#8217;Axencia Estatal de Meteorolox\u00eda va activar <strong>a partir del mediud\u00eda l&#8217;avisu mariellu<\/strong> tanto nel cordal, como nel suroccidente y el sector central, por bastios que podr\u00eden rexistrar hasta 15 llitros per metro cuadr\u00e1u nuna hora, am\u00e1s de venir acompa\u00f1aos de nube y de xarazo. <strong>Les temperatures<\/strong> van xubir tanto les m\u00e1ximes como les m\u00ednimes. <strong>Los vientos<\/strong> van ser fluexos predominando de nordeste na mari\u00f1a onde, mientres la segunda met\u00e1 del d\u00eda, podr\u00eden soplar con intensid\u00e1 moderada.<\/p>\n<p><!--more--><\/p>\n<p>El martes va ser un d\u00eda con nubes medies y altes, con bastios tormentosos (avisu mariellu en tola rex\u00f3n a partir de les 15:00 hores), pero tami\u00e9n con calor. Les temperatures van xubir de forma notable y podr\u00eden superase los 30 \u00baC n&#8217;Asturies.<\/p>\n","protected":false},"excerpt":{"rendered":"<p>Esperamos cielos bien nublos pela ma\u00f1ana salvu nel suroccidente y cordal onde les escamplaes van tener mayor protagonismu. Mientres les primeres hores de la tarde esta nubosidad de tipu baxu va dir sumiendo, pero de la mesma va dir aumentando la nubosidad d&#8217;evoluci\u00f3n diurna (nubes medies y altes) dende&#8217;l cordal que se se van estender [&hellip;]<\/p>\n","protected":false},"author":117,"featured_media":0,"comment_status":"open","ping_status":"open","sticky":false,"template":"","format":"standard","meta":{"footnotes":""},"categories":[5],"tags":[],"class_list":["post-51440","post","type-post","status-publish","format-standard","hentry","category-tiempu"],"_links":{"self":[{"href":"https:\/\/edublog.educastur.es\/ixuxu\/wp-json\/wp\/v2\/posts\/51440","targetHints":{"allow":["GET"]}}],"collection":[{"href":"https:\/\/edublog.educastur.es\/ixuxu\/wp-json\/wp\/v2\/posts"}],"about":[{"href":"https:\/\/edublog.educastur.es\/ixuxu\/wp-json\/wp\/v2\/types\/post"}],"author":[{"embeddable":true,"href":"https:\/\/edublog.educastur.es\/ixuxu\/wp-json\/wp\/v2\/users\/117"}],"replies":[{"embeddable":true,"href":"https:\/\/edublog.educastur.es\/ixuxu\/wp-json\/wp\/v2\/comments?post=51440"}],"version-history":[{"count":1,"href":"https:\/\/edublog.educastur.es\/ixuxu\/wp-json\/wp\/v2\/posts\/51440\/revisions"}],"predecessor-version":[{"id":51441,"href":"https:\/\/edublog.educastur.es\/ixuxu\/wp-json\/wp\/v2\/posts\/51440\/revisions\/51441"}],"wp:attachment":[{"href":"https:\/\/edublog.educastur.es\/ixuxu\/wp-json\/wp\/v2\/media?parent=51440"}],"wp:term":[{"taxonomy":"category","embeddable":true,"href":"https:\/\/edublog.educastur.es\/ixuxu\/wp-json\/wp\/v2\/categories?post=51440"},{"taxonomy":"post_tag","embeddable":true,"href":"https:\/\/edublog.educastur.es\/ixuxu\/wp-json\/wp\/v2\/tags?post=51440"}],"curies":[{"name":"wp","href":"https:\/\/api.w.org\/{rel}","templated":true}]}}