{"id":51442,"date":"2025-06-21T08:30:06","date_gmt":"2025-06-21T06:30:06","guid":{"rendered":"https:\/\/edublog.educastur.es\/ixuxu\/?p=51442"},"modified":"2025-06-22T19:49:55","modified_gmt":"2025-06-22T17:49:55","slug":"el-tiempu-el-comercio-75","status":"publish","type":"post","link":"https:\/\/edublog.educastur.es\/ixuxu\/2025\/06\/el-tiempu-el-comercio-75\/","title":{"rendered":"El tiempu (El Comercio)"},"content":{"rendered":"<p style=\"text-align: center\"><a href=\"https:\/\/s3.ppllstatics.com\/elcomercio\/www\/multimedia\/2025\/06\/21\/prevision-tiempo-asturias-k6I-U2301948938566Ca-1200x860@El%20Comercio.jpg\"><img loading=\"lazy\" decoding=\"async\" class=\"aligncenter size-large\" src=\"https:\/\/s3.ppllstatics.com\/elcomercio\/www\/multimedia\/2025\/06\/21\/prevision-tiempo-asturias-k6I-U2301948938566Ca-1200x860@El%20Comercio.jpg\" width=\"1200\" height=\"860\" \/><\/a><\/p>\n<p>Vamos concluyir la selmana con una xornada nubosa en pr\u00e1cticamente tol Princip\u00e1u d&#8217;Asturies. La probabilid\u00e1 de <strong>precipitaciones<\/strong> va ser baxa pero, s\u00eda que non, nun se refuga que pueda escapase dalg\u00fan orbayu pocu importante en dalg\u00fan momentu del d\u00eda. <strong>Los vientos<\/strong> van ser fluexos predominando de norte-nordeste pela tarde, momentu nel que nun se refuga dalguna racha moderada na mari\u00f1a. <strong>Les temperatures m\u00e1ximes<\/strong> van xubir nel interior occidental y central, y van caltenese nel restu de la rex\u00f3n. <strong>Les m\u00ednimes<\/strong> apenes van variar respectu al s\u00e1badu anque nun se refuga dellos descensos bien llixeros y locales nel suroccidente.<\/p>\n<p><!--more--><\/p>\n<p>&nbsp;<\/p>\n<ul>\n<li><strong>El llunes<\/strong> esperamos otru d\u00eda nublu con m\u00e1s claros escontra&#8217;l cordal. Nun s&#8217;esperen precipitaciones y los vientos van soplar de nordeste con raches moderaes siquier na mari\u00f1a. Les temperatures m\u00e1ximes van xubir un pocu nel interior, ente que les m\u00ednimes van xubir na mari\u00f1a y nun van esperimentar cambeos nel restu.<\/li>\n<li><strong>El martes<\/strong> van xubir les temperatures pero van predominar les nubes medies y altes. Am\u00e1s, va haber posibilid\u00e1 de bastios d&#8217;orixe tormentosu.<\/li>\n<\/ul>\n","protected":false},"excerpt":{"rendered":"<p>Vamos concluyir la selmana con una xornada nubosa en pr\u00e1cticamente tol Princip\u00e1u d&#8217;Asturies. La probabilid\u00e1 de precipitaciones va ser baxa pero, s\u00eda que non, nun se refuga que pueda escapase dalg\u00fan orbayu pocu importante en dalg\u00fan momentu del d\u00eda. Los vientos van ser fluexos predominando de norte-nordeste pela tarde, momentu nel que nun se refuga [&hellip;]<\/p>\n","protected":false},"author":117,"featured_media":0,"comment_status":"open","ping_status":"open","sticky":false,"template":"","format":"standard","meta":{"footnotes":""},"categories":[5],"tags":[],"class_list":["post-51442","post","type-post","status-publish","format-standard","hentry","category-tiempu"],"_links":{"self":[{"href":"https:\/\/edublog.educastur.es\/ixuxu\/wp-json\/wp\/v2\/posts\/51442","targetHints":{"allow":["GET"]}}],"collection":[{"href":"https:\/\/edublog.educastur.es\/ixuxu\/wp-json\/wp\/v2\/posts"}],"about":[{"href":"https:\/\/edublog.educastur.es\/ixuxu\/wp-json\/wp\/v2\/types\/post"}],"author":[{"embeddable":true,"href":"https:\/\/edublog.educastur.es\/ixuxu\/wp-json\/wp\/v2\/users\/117"}],"replies":[{"embeddable":true,"href":"https:\/\/edublog.educastur.es\/ixuxu\/wp-json\/wp\/v2\/comments?post=51442"}],"version-history":[{"count":1,"href":"https:\/\/edublog.educastur.es\/ixuxu\/wp-json\/wp\/v2\/posts\/51442\/revisions"}],"predecessor-version":[{"id":51443,"href":"https:\/\/edublog.educastur.es\/ixuxu\/wp-json\/wp\/v2\/posts\/51442\/revisions\/51443"}],"wp:attachment":[{"href":"https:\/\/edublog.educastur.es\/ixuxu\/wp-json\/wp\/v2\/media?parent=51442"}],"wp:term":[{"taxonomy":"category","embeddable":true,"href":"https:\/\/edublog.educastur.es\/ixuxu\/wp-json\/wp\/v2\/categories?post=51442"},{"taxonomy":"post_tag","embeddable":true,"href":"https:\/\/edublog.educastur.es\/ixuxu\/wp-json\/wp\/v2\/tags?post=51442"}],"curies":[{"name":"wp","href":"https:\/\/api.w.org\/{rel}","templated":true}]}}