{"id":51459,"date":"2025-06-20T15:00:41","date_gmt":"2025-06-20T13:00:41","guid":{"rendered":"https:\/\/edublog.educastur.es\/ixuxu\/?p=51459"},"modified":"2025-06-22T22:21:52","modified_gmt":"2025-06-22T20:21:52","slug":"25-aniversariu-del-colexu-de-la-fresneda-siero","status":"publish","type":"post","link":"https:\/\/edublog.educastur.es\/ixuxu\/2025\/06\/25-aniversariu-del-colexu-de-la-fresneda-siero\/","title":{"rendered":"El colexu La Fresneda (Siero) sotierra los sos deseos de futuru n&#8217;una c\u00e1psula del tiempu"},"content":{"rendered":"<p>Ser siempres amigos, que nunca se borrar la nuesa sorrisa y que sigamos aprendiendo munches coses guapes&#8217;, el pidimientu de los ne\u00f1os. <a href=\"https:\/\/www.lne.es\/siero\/2025\/06\/20\/capsula-tiempo-deseos-escolares-han-118854331.html?utm_content=imagen&amp;utm_medium=social&amp;utm_campaign=echobox&amp;utm_source=Facebook#Echobox=1750441491\">LNE<\/a><\/p>\n<p>&nbsp;<\/p>\n<p style=\"text-align: center\"><a href=\"https:\/\/estaticos-cdn.prensaiberica.es\/clip\/30ceeafb-daa7-4dfc-90cb-ae3b94d29202_16-9-discover-aspect-ratio_default_0.jpg\"><img loading=\"lazy\" decoding=\"async\" class=\"aligncenter size-large\" src=\"https:\/\/estaticos-cdn.prensaiberica.es\/clip\/30ceeafb-daa7-4dfc-90cb-ae3b94d29202_16-9-discover-aspect-ratio_default_0.jpg\" width=\"1200\" height=\"675\" \/><\/a><\/p>\n<p>Los m\u00e1s de 400 alumnos del colexu p\u00fablicu La Fresneda (Siero) vivieron esti vienres una xornada bien especial. Non solo porque yera l&#8217;\u00faltimu d\u00eda del cursu, sin\u00f3n porque punxeron fin a tou un a\u00f1u de celebraciones con motivu del 25.\u00ba aniversariu del centru. Tola comunid\u00e1 educativa particip\u00f3 nel entierru de la so c\u00e1psula del tiempu, que conten\u00eda dibuxos, alcordances, deseos, sua\u00f1os y, inclusive, mensaxes de les families. <a href=\"https:\/\/www.lne.es\/fotos\/siero\/2025\/06\/20\/colegio-fresneda-entierra-deseos-futuro-118856444.html\">Galer\u00eda<\/a><\/p>\n<p><!--more--><\/p>\n<p>Los voceros del alumn\u00e1u fueron dalgunos de los ne\u00f1os d&#8217;\u00faltimu cursu d&#8217;infantil y de sestu de Primaria, simbolizando&#8217;l camb\u00e9u d&#8217;etapa de cada unu de los grupos. Ana Cano, Nicol\u00e1s Carrete, Carla Hern\u00e1ndez y Paula Sim\u00f3n, toos ellos de cinco a\u00f1os, deseyaron <strong>\u00abser siempres amigos, que nunca se borrar la nuesa sorrisa y que sigamos aprendiendo munches coses guapes\u00bb<\/strong>.<\/p>\n<p style=\"text-align: center\"><a href=\"https:\/\/estaticos-cdn.prensaiberica.es\/clip\/5a392d5e-fe46-4de3-bcfc-c4ed77a1e273_source-aspect-ratio_default_0.jpg\"><img loading=\"lazy\" decoding=\"async\" class=\"aligncenter size-large\" src=\"https:\/\/estaticos-cdn.prensaiberica.es\/clip\/5a392d5e-fe46-4de3-bcfc-c4ed77a1e273_source-aspect-ratio_default_0.jpg\" width=\"2000\" height=\"1500\" \/><\/a><\/p>\n<p>Hugo Vega, Mateo Landrove, David Vela, Fabio \u00c1lvarez, Lleo Guti\u00e9rrez y Noa Garc\u00eda, representaron a los escolares que dexen el colexu para empezar la Secundaria nel institutu. Toos fixeron referencia a <strong>\u00ablos bonos momentos que pasemos nesti cole n&#8217;una etapa bien feliz\u00bb<\/strong>. \u00abA pesar de que los nuesos caminos agora dix\u00e9brense, podamos volver atopanos en dalg\u00fan momentu del cam\u00edn\u00bb, a\u00f1edieron.<\/p>\n<p style=\"text-align: center\"><a href=\"https:\/\/estaticos-cdn.prensaiberica.es\/clip\/3f8188f2-9a12-41b5-b30e-c98ec9a5a898_source-aspect-ratio_default_0.jpg\"><img loading=\"lazy\" decoding=\"async\" class=\"aligncenter size-large\" src=\"https:\/\/estaticos-cdn.prensaiberica.es\/clip\/3f8188f2-9a12-41b5-b30e-c98ec9a5a898_source-aspect-ratio_default_0.jpg\" width=\"2000\" height=\"1500\" \/><\/a><\/p>\n<p>Adri\u00e1n Hern\u00e1ndez y Enma Fraga, ayudaos por Javier Hern\u00e1ndez, secretariu del centru, fueron los encargaos de soterrar la c\u00e1psula. Fic\u00ederenlo n&#8217;unu de los llugares prefer\u00edos por tolos alumnos: el g\u00fcertu escolar. Ell\u00ed va permanecer mientres los pr\u00f3ximos seis a\u00f1os, cuando los ne\u00f1os que&#8217;l pr\u00f3ximu cursu empiecen Primaria y los que g\u00fcei dexen el colexu tean en sestu y en segundu de Bachilleratu, respectivamente.<\/p>\n<p>La directora del colexu de La Fresneda, Mar\u00eda Jos\u00e9 Fern\u00e1ndez, se\u00f1al\u00f3 que <strong>\u00aboxal\u00e1 cuando abramos esta c\u00e1psula, vivamos nun mundu m\u00e1s xustu, m\u00e1s humanu y m\u00e1s consciente y que v\u00f3s sig\u00e1is siendo persones interesaes, valientes y con munches ganes de camudar les coses\u00bb.<\/strong> \u00abEl futuru construyir colo que sua\u00f1amos g\u00fcei\u00bb, sorray\u00f3 la docente. Los deseos van folgar nel patiu del colexu que los vio crecer, aprender y formase non solo en conocencies, sin\u00f3n tami\u00e9n en valores, por que un d\u00eda \u00abal volver abrir, podamos mirar tras y sonrir\u00bb.<\/p>\n<p>&nbsp;<\/p>\n","protected":false},"excerpt":{"rendered":"<p>Ser siempres amigos, que nunca se borrar la nuesa sorrisa y que sigamos aprendiendo munches coses guapes&#8217;, el pidimientu de los ne\u00f1os. LNE &nbsp; Los m\u00e1s de 400 alumnos del colexu p\u00fablicu La Fresneda (Siero) vivieron esti vienres una xornada bien especial. Non solo porque yera l&#8217;\u00faltimu d\u00eda del cursu, sin\u00f3n porque punxeron fin a [&hellip;]<\/p>\n","protected":false},"author":117,"featured_media":0,"comment_status":"open","ping_status":"open","sticky":false,"template":"","format":"standard","meta":{"footnotes":""},"categories":[107],"tags":[],"class_list":["post-51459","post","type-post","status-publish","format-standard","hentry","category-aniversariu"],"_links":{"self":[{"href":"https:\/\/edublog.educastur.es\/ixuxu\/wp-json\/wp\/v2\/posts\/51459","targetHints":{"allow":["GET"]}}],"collection":[{"href":"https:\/\/edublog.educastur.es\/ixuxu\/wp-json\/wp\/v2\/posts"}],"about":[{"href":"https:\/\/edublog.educastur.es\/ixuxu\/wp-json\/wp\/v2\/types\/post"}],"author":[{"embeddable":true,"href":"https:\/\/edublog.educastur.es\/ixuxu\/wp-json\/wp\/v2\/users\/117"}],"replies":[{"embeddable":true,"href":"https:\/\/edublog.educastur.es\/ixuxu\/wp-json\/wp\/v2\/comments?post=51459"}],"version-history":[{"count":3,"href":"https:\/\/edublog.educastur.es\/ixuxu\/wp-json\/wp\/v2\/posts\/51459\/revisions"}],"predecessor-version":[{"id":51462,"href":"https:\/\/edublog.educastur.es\/ixuxu\/wp-json\/wp\/v2\/posts\/51459\/revisions\/51462"}],"wp:attachment":[{"href":"https:\/\/edublog.educastur.es\/ixuxu\/wp-json\/wp\/v2\/media?parent=51459"}],"wp:term":[{"taxonomy":"category","embeddable":true,"href":"https:\/\/edublog.educastur.es\/ixuxu\/wp-json\/wp\/v2\/categories?post=51459"},{"taxonomy":"post_tag","embeddable":true,"href":"https:\/\/edublog.educastur.es\/ixuxu\/wp-json\/wp\/v2\/tags?post=51459"}],"curies":[{"name":"wp","href":"https:\/\/api.w.org\/{rel}","templated":true}]}}