{"id":51471,"date":"2025-06-23T10:41:47","date_gmt":"2025-06-23T08:41:47","guid":{"rendered":"https:\/\/edublog.educastur.es\/ixuxu\/?p=51471"},"modified":"2025-06-23T10:44:55","modified_gmt":"2025-06-23T08:44:55","slug":"les-dos-sableres-y-zones-costeres-con-bandera-negra-nasturies","status":"publish","type":"post","link":"https:\/\/edublog.educastur.es\/ixuxu\/2025\/06\/les-dos-sableres-y-zones-costeres-con-bandera-negra-nasturies\/","title":{"rendered":"Les dos sableres y zones costeres con bandera negra&#8217; n&#8217;Asturies"},"content":{"rendered":"<p>Les dos sableres y zones costeres con bandera negra&#8217; n&#8217;Asturies por contaminaci\u00f3n y mala xesti\u00f3n ambiental. Esti 2025, Ecoloxistes n&#8217;Acci\u00f3n parti\u00f3 48 banderes negres por toa Espa\u00f1a y dos son d&#8217;Asturies: <span style=\"text-decoration: underline\">Por mala xesti\u00f3n ambiental<\/span>: les Dunes del Espartal. <span style=\"text-decoration: underline\">Por contaminaci\u00f3n<\/span>: R\u00eda de Villaviciosa.<\/p>\n<p style=\"text-align: center\"><a href=\"https:\/\/imagenes.20minutos.es\/files\/image_990_556\/uploads\/imagenes\/2025\/06\/20\/ecologistas-en-accion-ha-otorgado-dos-banderas-negras-a-asturias.png\"><img loading=\"lazy\" decoding=\"async\" class=\"aligncenter \" src=\"https:\/\/imagenes.20minutos.es\/files\/image_990_556\/uploads\/imagenes\/2025\/06\/20\/ecologistas-en-accion-ha-otorgado-dos-banderas-negras-a-asturias.png\" width=\"494\" height=\"277\" \/><\/a><\/p>\n<p><!--more--><br \/>\nTolos a\u00f1os, Ecoloxistes n&#8217;Acci\u00f3n, una confederaci\u00f3n de grupos ecoloxistes d&#8217;Espa\u00f1a, presenta un informe de <strong>Banderes Negres<\/strong>, un documentu nel que s&#8217;otorguen un total de 48 banderes d&#8217;esti color a distintos llugares de munches provincies del pa\u00eds. D&#8217;estes, la met\u00e1 danse por factores de contaminaci\u00f3n y l&#8217;otra met\u00e1 por una mala xesti\u00f3n ambiental. Esti 2025, n&#8217;Asturies hai 10 sableres o acciones que fueron resaltaos nel estudiu.<\/p>\n<ul>\n<li>La primer bandera negra qu&#8217;Ecoloxistes n&#8217;Acci\u00f3n dio n&#8217;Asturies ye a la <strong>R\u00eda de Villaviciosa por contaminaci\u00f3n.<\/strong> El motivu ye la falta de saneamientu en munchos de los n\u00facleos rurales que t\u00e1n pr\u00f3ximos a ella, que fai qu&#8217;esta r\u00eda, que ye unu de los ecosistemes naturales m\u00e1s destacaos de la comunid\u00e1 aut\u00f3noma, cunte con altos niveles de contaminaci\u00f3n.<\/li>\n<li>La segunda bandera negra qu&#8217;apurrieron n&#8217;Asturies ye por considerar que se llev\u00f3 a cabu una mala xesti\u00f3n ambiental. Nesti casu, foi otorgada a <strong>les Dunes del Espartal na sablera de Salinas<\/strong> porque, ente que se realizaben acciones d&#8217;estabilizaci\u00f3n, pretend\u00eda emplegase maquinaria pesada que podr\u00eda desmeyorar y estropiar el so terr\u00e9n natural, y\u00e1 que este ye bien fr\u00e1xil.<\/li>\n<\/ul>\n<p>&nbsp;<\/p>\n","protected":false},"excerpt":{"rendered":"<p>Les dos sableres y zones costeres con bandera negra&#8217; n&#8217;Asturies por contaminaci\u00f3n y mala xesti\u00f3n ambiental. Esti 2025, Ecoloxistes n&#8217;Acci\u00f3n parti\u00f3 48 banderes negres por toa Espa\u00f1a y dos son d&#8217;Asturies: Por mala xesti\u00f3n ambiental: les Dunes del Espartal. Por contaminaci\u00f3n: R\u00eda de Villaviciosa.<\/p>\n","protected":false},"author":117,"featured_media":0,"comment_status":"open","ping_status":"open","sticky":false,"template":"","format":"standard","meta":{"footnotes":""},"categories":[93],"tags":[],"class_list":["post-51471","post","type-post","status-publish","format-standard","hentry","category-sableres"],"_links":{"self":[{"href":"https:\/\/edublog.educastur.es\/ixuxu\/wp-json\/wp\/v2\/posts\/51471","targetHints":{"allow":["GET"]}}],"collection":[{"href":"https:\/\/edublog.educastur.es\/ixuxu\/wp-json\/wp\/v2\/posts"}],"about":[{"href":"https:\/\/edublog.educastur.es\/ixuxu\/wp-json\/wp\/v2\/types\/post"}],"author":[{"embeddable":true,"href":"https:\/\/edublog.educastur.es\/ixuxu\/wp-json\/wp\/v2\/users\/117"}],"replies":[{"embeddable":true,"href":"https:\/\/edublog.educastur.es\/ixuxu\/wp-json\/wp\/v2\/comments?post=51471"}],"version-history":[{"count":3,"href":"https:\/\/edublog.educastur.es\/ixuxu\/wp-json\/wp\/v2\/posts\/51471\/revisions"}],"predecessor-version":[{"id":51474,"href":"https:\/\/edublog.educastur.es\/ixuxu\/wp-json\/wp\/v2\/posts\/51471\/revisions\/51474"}],"wp:attachment":[{"href":"https:\/\/edublog.educastur.es\/ixuxu\/wp-json\/wp\/v2\/media?parent=51471"}],"wp:term":[{"taxonomy":"category","embeddable":true,"href":"https:\/\/edublog.educastur.es\/ixuxu\/wp-json\/wp\/v2\/categories?post=51471"},{"taxonomy":"post_tag","embeddable":true,"href":"https:\/\/edublog.educastur.es\/ixuxu\/wp-json\/wp\/v2\/tags?post=51471"}],"curies":[{"name":"wp","href":"https:\/\/api.w.org\/{rel}","templated":true}]}}