{"id":51487,"date":"2025-06-23T11:11:23","date_gmt":"2025-06-23T09:11:23","guid":{"rendered":"https:\/\/edublog.educastur.es\/ixuxu\/?p=51487"},"modified":"2025-06-23T11:54:34","modified_gmt":"2025-06-23T09:54:34","slug":"51487","status":"publish","type":"post","link":"https:\/\/edublog.educastur.es\/ixuxu\/2025\/06\/51487\/","title":{"rendered":""},"content":{"rendered":"<p style=\"text-align: center\"><strong><em><span style=\"font-size: 24px;color: #800080\">La tenrura ye un abelugu silenciosu <\/span><\/em><\/strong><br \/>\n<em><span style=\"font-size: 24px;color: #800080\">nel tumultu de la vida,<\/span><\/em><br \/>\n<em><span style=\"font-size: 24px;color: #800080\"> un llinguaxe ensin palabres<\/span><\/em><br \/>\n<em><span style=\"font-size: 24px;color: #800080\"> que tesciende fronteres y barreres.<\/span><\/em><\/p>\n<p style=\"text-align: center\"><strong><em><span style=\"font-size: 24px;color: #800080\"> Ye la capacid\u00e1 de ver<br \/>\ncolos g\u00fceyos de l&#8217;alma <\/span><\/em><\/strong><br \/>\n<strong><em><span style=\"font-size: 24px;color: #800080\">y tocar coles manos del coraz\u00f3n, <\/span><\/em><\/strong><br \/>\n<em><span style=\"font-size: 24px;color: #800080\">un actu de fonda empat\u00eda y compasi\u00f3n <\/span><\/em><br \/>\n<em><span style=\"font-size: 24px;color: #800080\">que floria no simple.<\/span><\/em><br \/>\n<strong><em><span style=\"font-size: 24px;color: #800080\">un abrazu inesper\u00e1u, <\/span><\/em><\/strong><br \/>\n<strong><em><span style=\"font-size: 24px;color: #800080\">una mirada qu&#8217;entiende, <\/span><\/em><\/strong><br \/>\n<strong><em><span style=\"font-size: 24px;color: #800080\">un xestu que curia&#8230;<\/span><\/em><\/strong><\/p>\n<p style=\"text-align: center\">\n","protected":false},"excerpt":{"rendered":"<p>La tenrura ye un abelugu silenciosu nel tumultu de la vida, un llinguaxe ensin palabres que tesciende fronteres y barreres. Ye la capacid\u00e1 de ver colos g\u00fceyos de l&#8217;alma y tocar coles manos del coraz\u00f3n, un actu de fonda empat\u00eda y compasi\u00f3n que floria no simple. un abrazu inesper\u00e1u, una mirada qu&#8217;entiende, un xestu que [&hellip;]<\/p>\n","protected":false},"author":117,"featured_media":0,"comment_status":"open","ping_status":"open","sticky":false,"template":"","format":"quote","meta":{"footnotes":""},"categories":[1],"tags":[],"class_list":["post-51487","post","type-post","status-publish","format-quote","hentry","category-sin-categoria","post_format-post-format-quote"],"_links":{"self":[{"href":"https:\/\/edublog.educastur.es\/ixuxu\/wp-json\/wp\/v2\/posts\/51487","targetHints":{"allow":["GET"]}}],"collection":[{"href":"https:\/\/edublog.educastur.es\/ixuxu\/wp-json\/wp\/v2\/posts"}],"about":[{"href":"https:\/\/edublog.educastur.es\/ixuxu\/wp-json\/wp\/v2\/types\/post"}],"author":[{"embeddable":true,"href":"https:\/\/edublog.educastur.es\/ixuxu\/wp-json\/wp\/v2\/users\/117"}],"replies":[{"embeddable":true,"href":"https:\/\/edublog.educastur.es\/ixuxu\/wp-json\/wp\/v2\/comments?post=51487"}],"version-history":[{"count":2,"href":"https:\/\/edublog.educastur.es\/ixuxu\/wp-json\/wp\/v2\/posts\/51487\/revisions"}],"predecessor-version":[{"id":51503,"href":"https:\/\/edublog.educastur.es\/ixuxu\/wp-json\/wp\/v2\/posts\/51487\/revisions\/51503"}],"wp:attachment":[{"href":"https:\/\/edublog.educastur.es\/ixuxu\/wp-json\/wp\/v2\/media?parent=51487"}],"wp:term":[{"taxonomy":"category","embeddable":true,"href":"https:\/\/edublog.educastur.es\/ixuxu\/wp-json\/wp\/v2\/categories?post=51487"},{"taxonomy":"post_tag","embeddable":true,"href":"https:\/\/edublog.educastur.es\/ixuxu\/wp-json\/wp\/v2\/tags?post=51487"}],"curies":[{"name":"wp","href":"https:\/\/api.w.org\/{rel}","templated":true}]}}