{"id":51492,"date":"2025-06-23T11:39:55","date_gmt":"2025-06-23T09:39:55","guid":{"rendered":"https:\/\/edublog.educastur.es\/ixuxu\/?p=51492"},"modified":"2025-06-23T11:41:15","modified_gmt":"2025-06-23T09:41:15","slug":"la-ciuda-nel-mar-publiquen-el-so-primer-cantar-foles-ermes","status":"publish","type":"post","link":"https:\/\/edublog.educastur.es\/ixuxu\/2025\/06\/la-ciuda-nel-mar-publiquen-el-so-primer-cantar-foles-ermes\/","title":{"rendered":"La Ciud\u00e1 nel Mar publiquen el so primer cantar, \u2018Foles ermes\u2019"},"content":{"rendered":"<div class=\"elementor-element elementor-element-667e3c7 elementor-widget__width-inherit elementor-widget elementor-widget-theme-post-title elementor-page-title elementor-widget-heading\" data-id=\"667e3c7\" data-element_type=\"widget\" data-widget_type=\"theme-post-title.default\">\n<div class=\"elementor-widget-container\">\n<p class=\"elementor-heading-title elementor-size-default\">La Ciud\u00e1 nel Mar publiquen el so primer cantar, \u2018Foles ermes\u2019. <span style=\"font-size: 16px\">Esti tema enllenu de sensibilid\u00e1 axunta canci\u00f3n d&#8217;autor, folk, indie-pop y lliteratura y ye un adelantu del EP que van asoleyar esti a\u00f1u. Fonte: <a href=\"https:\/\/musicasturiana.com\/la-ciuda-nel-mar-publiquen-el-so-primer-cantar-foles-ermes\/\">Musicasturiana.com\u00a0<\/a><\/span><\/p>\n<p style=\"text-align: center\"><a href=\"https:\/\/musicasturiana.com\/wp-content\/uploads\/2025\/06\/la-ciuda-nel-mar-promo-2.jpg\"><img loading=\"lazy\" decoding=\"async\" class=\"aligncenter size-large\" src=\"https:\/\/musicasturiana.com\/wp-content\/uploads\/2025\/06\/la-ciuda-nel-mar-promo-2.jpg\" width=\"1200\" height=\"600\" \/><\/a><\/p>\n<p><!--more--><\/p>\n<p><strong>La Ciud\u00e1 nel Mar<\/strong>\u00a0y\u00e1 ye una realid\u00e1. Tres d\u2019estrenase ayeri en directo dientro de la Feria del Llibru de Xix\u00f3n, esta banda nueva llanza g\u00fcei en toles plataformes musicales el so primer cenciellu:<strong>\u00a0\u2018<a href=\"https:\/\/orcd.co\/foles-ermes\" target=\"_blank\" rel=\"noreferrer noopener\">Foles ermes<\/a>\u2018<\/strong>. Tr\u00e1tase d\u2019un cuid\u00e1u cantar que tresmite perbi\u00e9n la identid\u00e1 del grupu al amestar\u00a0<strong>canci\u00f3n d\u2019autor, folk y indie-pop<\/strong>. Too ello con munchu pesu de la\u00a0<strong>lliteratura<\/strong>, como reflexa el qu\u2019esta lletra ta dientro de la novela\u00a0<em><strong>Pel norte n\u2019El Cantu Llunada<\/strong><\/em>, obra de\u00a0<strong>Marina Pangua<\/strong>, vocalista, guitarrista y percusionista del cuartetu.<\/p>\n<p style=\"text-align: center\">\n<!-- iframe plugin v.6.0 wordpress.org\/plugins\/iframe\/ -->\n<iframe style=\"border-radius:12px\" src=\"https:\/\/open.spotify.com\/embed\/track\/2OOuS3tz1i1MThMM5lsaMS?utm_source=generator\" width=\"100%\" height=\"352\" frameborder=\"0\" allowfullscreen allow=\"autoplay; clipboard-write; encrypted-media; fullscreen; picture-in-picture\" loading=\"lazy\" 0=\"\/iframe\" scrolling=\"yes\" class=\"iframe-class\"><\/iframe>\n<\/p>\n<p>\u00abFoi una lletra qu\u2019escrib\u00ed fai un tiemp\u00edn y el cantar escoy\u00edmoslu como single porque foi\u2019l que\u00a0<strong>nos sali\u00f3 del coraz\u00f3n<\/strong>\u00a0y el que nos pid\u00eda\u2019l cuerpu d\u2019ente tolos qu\u2019hab\u00eda\u00bb, desplica Pangua sobre esta pieza compuesta por ella mesma y que conti\u00e9n l\u2019entemediu musical \u2018<strong>La Espluma\u2019<\/strong>\u00a0de la vigulinera\u00a0<strong>Celia Nieto<\/strong>. El tema ye un adelantu del\u00a0<strong>EP qu\u2019esta banda va llanzar enantes qu\u2019acabe l\u2019a\u00f1u<\/strong>: \u00abEl 4 de xunetu vamos sacar el siguiente single, p\u2019agostu el tercer adelantu y otru m\u00e1s n\u2019ochobre\u00bb, avanza la cantante.<\/p>\n<p>\u00abTuvimos super agusto.\u00a0<strong>F\u00edzosenos curtiu\u2019l tiempu de enriba l\u2019escenariu<\/strong>\u00a0y am\u00e1s mui prestosu\u2019l patiu del Antiguu Institutu, un sitiu mui guapu\u00bb, valora Marina Pangua sobre\u2019l conciertu d\u2019ayeri na\u00a0<em>FELIX<\/em>. Pronto va haber m\u00e1s porque, como reconoz,\u00a0<strong>y\u00e1 tienen m\u00e1s feches zarraes que van dir anunciando\u00a0<\/strong>a la par que van dir sinti\u00e9ndose les sos composiciones nueves en plataformes musicales.<\/p>\n<h2 class=\"wp-block-heading\"><mark class=\"has-inline-color\">M\u00fasica, amor y pallabres<\/mark><\/h2>\n<p>A finales d\u2019abril\u00a0<a href=\"https:\/\/musicasturiana.com\/tenemos-la-formacion-que-buscabemos-cantares-fechos-con-rixu-y-amor-munches-ganes-de-facer-musica\/\">present\u00e1ronse La Ciud\u00e1 Nel Mar<\/a>, cuartetu integr\u00e1u por\u00a0<strong>Andr\u00e9s Garc\u00eda<\/strong>\u00a0(guitarra),\u00a0<strong>Marina Pangua\u00a0<\/strong>(voz, percusi\u00f3n, guitarra),\u00a0<strong>Celia Nieto<\/strong>\u00a0(vigul\u00edn) y\u00a0<strong>\u00c1ngel \u2018Tom\u2019 Villa<\/strong>\u00a0(vigul\u00edn). Como recueye\u2019l so reci\u00e9n cre\u00e1u\u00a0<a href=\"https:\/\/open.spotify.com\/intl-es\/artist\/46l6qtNDfEf12MM40ZyqeE?si=qbHgwgHzR8iiYnUiXMwMWg\" target=\"_blank\" rel=\"noreferrer noopener\">perfil de Spotify<\/a>\u00a0ye \u00abuna formaci\u00f3n musical que\u00a0<strong>naz de la emoci\u00f3n, del amor pola m\u00fasica de ra\u00edz y de la fuercia de les pallabres<\/strong>\u00ab. D\u2019esta manera \u00abfai\u2019l so son\u00edu con\u00a0<strong>llibert\u00e1<\/strong>: xuega coles voces y los instrumentos pa dar forma a les canciones que comp\u00f3n la so cantante, la cantautora Marina Pangua, nes que la lletra n\u2019asturianu ocupa un llugar central\u00bb. Musicalmente tami\u00e9n \u00abbebe del\u00a0<strong>folk<\/strong>\u00a0y entemez los ecos de vieyos sones de la\u00a0<strong>tradici\u00f3n\u00a0<\/strong>oral coles testures d\u2019<strong>otres m\u00fasiques<\/strong>, creando una esperiencia delicada, honesta y viva\u00bb.<\/p>\n<figure class=\"wp-block-embed is-type-rich is-provider-spotify wp-block-embed-spotify wp-embed-aspect-21-9 wp-has-aspect-ratio\">\n<div class=\"wp-block-embed__wrapper\"><\/div>\n<\/figure>\n<\/div>\n<\/div>\n<p>&nbsp;<\/p>\n","protected":false},"excerpt":{"rendered":"<p>La Ciud\u00e1 nel Mar publiquen el so primer cantar, \u2018Foles ermes\u2019. Esti tema enllenu de sensibilid\u00e1 axunta canci\u00f3n d&#8217;autor, folk, indie-pop y lliteratura y ye un adelantu del EP que van asoleyar esti a\u00f1u. Fonte: Musicasturiana.com\u00a0<\/p>\n","protected":false},"author":117,"featured_media":0,"comment_status":"open","ping_status":"open","sticky":false,"template":"","format":"standard","meta":{"footnotes":""},"categories":[35,125],"tags":[],"class_list":["post-51492","post","type-post","status-publish","format-standard","hentry","category-musica","category-musicasturiana-com"],"_links":{"self":[{"href":"https:\/\/edublog.educastur.es\/ixuxu\/wp-json\/wp\/v2\/posts\/51492","targetHints":{"allow":["GET"]}}],"collection":[{"href":"https:\/\/edublog.educastur.es\/ixuxu\/wp-json\/wp\/v2\/posts"}],"about":[{"href":"https:\/\/edublog.educastur.es\/ixuxu\/wp-json\/wp\/v2\/types\/post"}],"author":[{"embeddable":true,"href":"https:\/\/edublog.educastur.es\/ixuxu\/wp-json\/wp\/v2\/users\/117"}],"replies":[{"embeddable":true,"href":"https:\/\/edublog.educastur.es\/ixuxu\/wp-json\/wp\/v2\/comments?post=51492"}],"version-history":[{"count":3,"href":"https:\/\/edublog.educastur.es\/ixuxu\/wp-json\/wp\/v2\/posts\/51492\/revisions"}],"predecessor-version":[{"id":51495,"href":"https:\/\/edublog.educastur.es\/ixuxu\/wp-json\/wp\/v2\/posts\/51492\/revisions\/51495"}],"wp:attachment":[{"href":"https:\/\/edublog.educastur.es\/ixuxu\/wp-json\/wp\/v2\/media?parent=51492"}],"wp:term":[{"taxonomy":"category","embeddable":true,"href":"https:\/\/edublog.educastur.es\/ixuxu\/wp-json\/wp\/v2\/categories?post=51492"},{"taxonomy":"post_tag","embeddable":true,"href":"https:\/\/edublog.educastur.es\/ixuxu\/wp-json\/wp\/v2\/tags?post=51492"}],"curies":[{"name":"wp","href":"https:\/\/api.w.org\/{rel}","templated":true}]}}