{"id":515,"date":"2020-05-04T09:40:13","date_gmt":"2020-05-04T09:40:13","guid":{"rendered":"https:\/\/edublog.educastur.es\/ixuxu\/?p=515"},"modified":"2020-08-24T19:40:34","modified_gmt":"2020-08-24T19:40:34","slug":"dia-de-star-wars","status":"publish","type":"post","link":"https:\/\/edublog.educastur.es\/ixuxu\/2020\/05\/dia-de-star-wars\/","title":{"rendered":"D\u00eda de Star Wars"},"content":{"rendered":"<p><a href=\"https:\/\/hips.hearstapps.com\/hmg-prod.s3.amazonaws.com\/images\/star-wars-portada-1-1574191600.jpeg\" target=\"_blank\" rel=\"noopener noreferrer\"><img loading=\"lazy\" decoding=\"async\" class=\"\" src=\"https:\/\/hips.hearstapps.com\/hmg-prod.s3.amazonaws.com\/images\/star-wars-portada-1-1574191600.jpeg\" width=\"379\" height=\"506\" \/><\/a><\/p>\n<p>El 4 de mayu, fans y simpatizantes celebren el <a href=\"https:\/\/es.wikipedia.org\/wiki\/D%C3%ADa_de_Star_Wars\" target=\"_blank\" rel=\"noopener noreferrer\"><strong><em>D\u00eda de Star Wars<\/em><\/strong><\/a>, una fecha para homenaxar a los personaxes, la hestoria y la fonderada de la saga creada por George Lucas. <a href=\"https:\/\/www.youtube.com\/user\/starwars\/videos\" target=\"_blank\" rel=\"noopener noreferrer\"><em><u>Ver canal Youtube.<\/u><\/em><\/a> Esti d\u00eda foi cre\u00e1u por fan\u00e1ticos de la saga y darr\u00e9u espubliz\u00e1u en redes sociales hasta aportar a conocida y celebrada mundialmente.<\/p>\n\n<!-- iframe plugin v.6.0 wordpress.org\/plugins\/iframe\/ -->\n<iframe loading=\"lazy\" width=\"644\" height=\"362\" src=\"https:\/\/www.youtube.com\/embed\/Oi9B-6UZpLU\" scrolling=\"yes\" class=\"iframe-class\" frameborder=\"0\"><\/iframe>\n\n<p>L\u2019orixe de la fecha ye bien interes\u00e1u. El 4 de mayu de 1979, cuando\u2019l mundu taba extasiado tres l\u2019estrenu de la primer pel\u00edcula de <u><em>La Guerra de les Galaxes<\/em><\/u>, el diariu brit\u00e1nicu London<br \/>\nEvening News public\u00f3 una nota na que miembros del Part\u00edu Conservador del R. Un\u00edu felicitaben a M. Thatcher pol so puestu como primer ministra del pa\u00eds, incluyendo esta frase<br \/>\n\u201c<em><u>May the Force be with you<\/u><\/em>\u201c, traduc\u00edu como \u201c<strong><em>que la fuerza te acompa\u00f1e<\/em><\/strong>\u201c. Esto foi aprovech\u00e1u polos fans como impulsu para crear el <strong><em>Star Wars Day<\/em><\/strong>.<\/p>\n<p>&nbsp;<\/p>\n<p>Poques hestories caltienen l\u2019inter\u00e9s del p\u00fablicu dempu\u00e9s de m\u00e1s de 40 a\u00f1os dende l\u2019estrenu de <u><em>Star Wars: Episodiu IV &#8211; Una nueva esperanza (1977)<\/em><\/u>, la primera de la saga. Ello indica la fuerza que tien esta hestoria que se convirti\u00f3 nun fen\u00f3menu de mases y nun mitu cultural a lo llargo de los a\u00f1os. Una hestoria que fala de la llucha ente\u2019l bien y el mal, represent\u00e1u nos jedis y los sith.<\/p>\n<p><img loading=\"lazy\" decoding=\"async\" class=\"alignnone wp-image-386\" src=\"http:\/\/edublog.educastur.es\/ixuxullingua\/files\/2020\/08\/santi.jpg\" alt=\"\" width=\"502\" height=\"335\" \/><\/p>\n<h5>Semeya<a href=\"https:\/\/www.facebook.com\/santiago.jimeneztrevino?__tn__=%2Cd%2AF%2AF-R&amp;eid=ARBMEGZ0rbSqOYeIvbDnMzEoDi7X5L0SLFT5trKhQKkY7Jad3vbJO78GO0Hk7FhLmVDFzqpcNysEdi2A&amp;tn-str=%2AF\" target=\"_blank\" rel=\"noopener noreferrer\">: <em>Santiago Jim\u00e9nez Trevi\u00f1o<\/em><\/a><\/h5>\n<p><!--more--><\/p>\n<p>Tienen llugar maratones cola exhibici\u00f3n de les pel\u00edcules de la saga, fiestes d\u2019amarutes coles caracterizaciones m\u00e1s estra\u00f1es, esposiciones y tou tipu d\u2019eventos para rindir homenaxe a una hestoria que y\u00e1 forma parte del imaxinariu colectivu.<\/p>\n<ul>\n<li><a href=\"https:\/\/youtu.be\/Oi9B-6UZpLU\" target=\"_blank\" rel=\"noopener noreferrer\">Videu D\u00eda S. W.<\/a><\/li>\n<li><a title=\"www.lavanguardia.com\" href=\"https:\/\/www.lavanguardia.com\/cribeo\/cultura\/20200504\/48955704365\/12-interesantes-detalles-quiza-no-sabias-star-wars-guerra-galaxias-disney.html\" rel=\"follow\">12 interesantes detalles que nun sab\u00edes\u2026<\/a><\/li>\n<\/ul>\n<p><a href=\"https:\/\/vignette.wikia.nocookie.net\/es.starwars\/images\/0\/00\/SomoslaResistencia.jpg\/revision\/latest?cb=20191102020147\" target=\"_blank\" rel=\"noopener noreferrer\"><img loading=\"lazy\" decoding=\"async\" class=\"\" src=\"https:\/\/vignette.wikia.nocookie.net\/es.starwars\/images\/0\/00\/SomoslaResistencia.jpg\/revision\/latest?cb=20191102020147\" width=\"318\" height=\"388\" \/><\/a>V<\/p>\n<p>er<a href=\"https:\/\/starwars.fandom.com\/es\/wiki\/Star_Wars:_Somos_la_Resistencia\" target=\"_blank\" rel=\"noopener noreferrer\"> llibru<\/a><\/p>\n<ul>\n<li><a href=\"https:\/\/starwars.fandom.com\/es\/wiki\/Star_Wars:_Somos_la_Resistencia\" target=\"_blank\" rel=\"noopener noreferrer\">Info llibru <strong><em>\u201cSomos la resistencia\u201d<\/em><\/strong><\/a><\/li>\n<li><a title=\"Elizabeth Schaefer\" href=\"https:\/\/starwars.fandom.com\/es\/wiki\/Elizabeth_Schaefer\">Elizabeth Schaefer<\/a><\/li>\n<li>Planet Junior, 26.11.2019<\/li>\n<li>Tapa dura, 32 p\u00e1x. \/ + 3 a\u00f1os<\/li>\n<li>ISBN: 978-84-0821-776-3<\/li>\n<\/ul>\n","protected":false},"excerpt":{"rendered":"<p>El 4 de mayu, fans y simpatizantes celebren el D\u00eda de Star Wars, una fecha para homenaxar a los personaxes, la hestoria y la fonderada de la saga creada por George Lucas. Ver canal Youtube. Esti d\u00eda foi cre\u00e1u por fan\u00e1ticos de la saga y darr\u00e9u espubliz\u00e1u en redes sociales hasta aportar a conocida y [&hellip;]<\/p>\n","protected":false},"author":117,"featured_media":0,"comment_status":"closed","ping_status":"open","sticky":false,"template":"","format":"standard","meta":{"footnotes":""},"categories":[6],"tags":[],"class_list":["post-515","post","type-post","status-publish","format-standard","hentry","category-dia-de"],"_links":{"self":[{"href":"https:\/\/edublog.educastur.es\/ixuxu\/wp-json\/wp\/v2\/posts\/515","targetHints":{"allow":["GET"]}}],"collection":[{"href":"https:\/\/edublog.educastur.es\/ixuxu\/wp-json\/wp\/v2\/posts"}],"about":[{"href":"https:\/\/edublog.educastur.es\/ixuxu\/wp-json\/wp\/v2\/types\/post"}],"author":[{"embeddable":true,"href":"https:\/\/edublog.educastur.es\/ixuxu\/wp-json\/wp\/v2\/users\/117"}],"replies":[{"embeddable":true,"href":"https:\/\/edublog.educastur.es\/ixuxu\/wp-json\/wp\/v2\/comments?post=515"}],"version-history":[{"count":1,"href":"https:\/\/edublog.educastur.es\/ixuxu\/wp-json\/wp\/v2\/posts\/515\/revisions"}],"predecessor-version":[{"id":516,"href":"https:\/\/edublog.educastur.es\/ixuxu\/wp-json\/wp\/v2\/posts\/515\/revisions\/516"}],"wp:attachment":[{"href":"https:\/\/edublog.educastur.es\/ixuxu\/wp-json\/wp\/v2\/media?parent=515"}],"wp:term":[{"taxonomy":"category","embeddable":true,"href":"https:\/\/edublog.educastur.es\/ixuxu\/wp-json\/wp\/v2\/categories?post=515"},{"taxonomy":"post_tag","embeddable":true,"href":"https:\/\/edublog.educastur.es\/ixuxu\/wp-json\/wp\/v2\/tags?post=515"}],"curies":[{"name":"wp","href":"https:\/\/api.w.org\/{rel}","templated":true}]}}