{"id":51520,"date":"2025-06-23T20:22:38","date_gmt":"2025-06-23T18:22:38","guid":{"rendered":"https:\/\/edublog.educastur.es\/ixuxu\/?p=51520"},"modified":"2025-06-23T20:22:38","modified_gmt":"2025-06-23T18:22:38","slug":"51520","status":"publish","type":"post","link":"https:\/\/edublog.educastur.es\/ixuxu\/2025\/06\/51520\/","title":{"rendered":""},"content":{"rendered":"<p style=\"text-align: center\">\n<span style=\"color: #800080\"><strong><em><span style=\"font-size: 24px\">\u201cD&#8217;una vegada por toes<\/span><\/em><\/strong><\/span><br \/>\n<span style=\"color: #800080\"><strong><em><span style=\"font-size: 24px\"> hemos de tomar conciencia<\/span><\/em><\/strong><\/span><br \/>\n<span style=\"color: #800080\"><strong><em><span style=\"font-size: 24px\"> de que para escoyer la sal\u00fa <\/span><\/em><\/strong><\/span><br \/>\n<span style=\"color: #800080\"><strong><em><span style=\"font-size: 24px\">nel cuerpu y la paz nel mundu<\/span><\/em><\/strong><\/span><br \/>\n<span style=\"color: #800080\"><strong><em><span style=\"font-size: 24px\"> tenemos qu&#8217;integrar les Emociones, <\/span><\/em><\/strong><\/span><br \/>\n<span style=\"color: #800080\"><em><span style=\"font-size: 24px\">pos son ense\u00f1ances vitales que merecen<\/span><\/em><\/span><br \/>\n<span style=\"color: #800080\"><em><span style=\"font-size: 24px\"> el so tiempu y espaciu<\/span><\/em><\/span><br \/>\n<span style=\"color: #800080\"><em><span style=\"font-size: 24px\">na Educaci\u00f3n formal de toa persona\u201d<\/span> <\/em><\/span><\/p>\n<p style=\"text-align: center\">Malaisi, L. (2019)<\/p>\n","protected":false},"excerpt":{"rendered":"<p>\u201cD&#8217;una vegada por toes hemos de tomar conciencia de que para escoyer la sal\u00fa nel cuerpu y la paz nel mundu tenemos qu&#8217;integrar les Emociones, pos son ense\u00f1ances vitales que merecen el so tiempu y espaciu na Educaci\u00f3n formal de toa persona\u201d Malaisi, L. (2019)<\/p>\n","protected":false},"author":117,"featured_media":0,"comment_status":"closed","ping_status":"open","sticky":false,"template":"","format":"quote","meta":{"footnotes":""},"categories":[1],"tags":[],"class_list":["post-51520","post","type-post","status-publish","format-quote","hentry","category-sin-categoria","post_format-post-format-quote"],"_links":{"self":[{"href":"https:\/\/edublog.educastur.es\/ixuxu\/wp-json\/wp\/v2\/posts\/51520","targetHints":{"allow":["GET"]}}],"collection":[{"href":"https:\/\/edublog.educastur.es\/ixuxu\/wp-json\/wp\/v2\/posts"}],"about":[{"href":"https:\/\/edublog.educastur.es\/ixuxu\/wp-json\/wp\/v2\/types\/post"}],"author":[{"embeddable":true,"href":"https:\/\/edublog.educastur.es\/ixuxu\/wp-json\/wp\/v2\/users\/117"}],"replies":[{"embeddable":true,"href":"https:\/\/edublog.educastur.es\/ixuxu\/wp-json\/wp\/v2\/comments?post=51520"}],"version-history":[{"count":1,"href":"https:\/\/edublog.educastur.es\/ixuxu\/wp-json\/wp\/v2\/posts\/51520\/revisions"}],"predecessor-version":[{"id":51521,"href":"https:\/\/edublog.educastur.es\/ixuxu\/wp-json\/wp\/v2\/posts\/51520\/revisions\/51521"}],"wp:attachment":[{"href":"https:\/\/edublog.educastur.es\/ixuxu\/wp-json\/wp\/v2\/media?parent=51520"}],"wp:term":[{"taxonomy":"category","embeddable":true,"href":"https:\/\/edublog.educastur.es\/ixuxu\/wp-json\/wp\/v2\/categories?post=51520"},{"taxonomy":"post_tag","embeddable":true,"href":"https:\/\/edublog.educastur.es\/ixuxu\/wp-json\/wp\/v2\/tags?post=51520"}],"curies":[{"name":"wp","href":"https:\/\/api.w.org\/{rel}","templated":true}]}}