{"id":51522,"date":"2025-06-23T20:26:01","date_gmt":"2025-06-23T18:26:01","guid":{"rendered":"https:\/\/edublog.educastur.es\/ixuxu\/?p=51522"},"modified":"2025-06-23T20:26:21","modified_gmt":"2025-06-23T18:26:21","slug":"foles-cantar-damor-inspirau-nunos-versos-de-lourdes-alvarez","status":"publish","type":"post","link":"https:\/\/edublog.educastur.es\/ixuxu\/2025\/06\/foles-cantar-damor-inspirau-nunos-versos-de-lourdes-alvarez\/","title":{"rendered":"\u2018Foles\u2019, cantar d&#8217;amor inspir\u00e1u nunos versos de Lourdes \u00c1lvarez"},"content":{"rendered":"<div class=\"elementor-element elementor-element-667e3c7 elementor-widget__width-inherit elementor-widget elementor-widget-theme-post-title elementor-page-title elementor-widget-heading\" data-id=\"667e3c7\" data-element_type=\"widget\" data-widget_type=\"theme-post-title.default\">\n<div class=\"elementor-widget-container\">\n<p class=\"elementor-heading-title elementor-size-default\">S\u00f3lo llanza\u2019l so primer tema n\u2019asturianu: <span style=\"color: #008080\"><strong>\u2018Foles\u2019<\/strong><\/span>. Un cantar d&#8217;amor inspir\u00e1u nunos versos de Lourdes \u00c1lvarez da forma al tercer adelantu del proyectu nuevu del cantautor <span style=\"color: #008080\"><strong>Alfredo Gonz\u00e1lez<\/strong><\/span>. Fonte: <a href=\"https:\/\/musicasturiana.com\/solo-llanzal-so-primer-tema-nasturianu-foles\/?fbclid=IwY2xjawLGewBleHRuA2FlbQIxMQBicmlkETBGRGtaUnJScWFaU3NyRTZoAR4ptxRX5c_wQU-IfiT47KtSV_3KyxCIlQoqlW0oQl2st0THhYPN0uM8N-CSLg_aem_zZyuUUhYvLOTgbGmtU8v3w\">Musicasturiana.com<\/a><\/p>\n<p style=\"text-align: center\"><a href=\"https:\/\/musicasturiana.com\/wp-content\/uploads\/2025\/06\/solo-foles.jpg\"><img loading=\"lazy\" decoding=\"async\" class=\"aligncenter size-large\" src=\"https:\/\/musicasturiana.com\/wp-content\/uploads\/2025\/06\/solo-foles.jpg\" width=\"1200\" height=\"600\" \/><\/a><\/p>\n<\/div>\n<\/div>\n<p><!--more--><\/p>\n<div class=\"elementor-element elementor-element-a767a8c elementor-widget__width-inherit elementor-widget elementor-widget-theme-post-content\" data-id=\"a767a8c\" data-element_type=\"widget\" data-widget_type=\"theme-post-content.default\">\n<div class=\"elementor-widget-container\">\n<p style=\"text-align: center\">\n<!-- iframe plugin v.6.0 wordpress.org\/plugins\/iframe\/ -->\n<iframe style=\"border-radius:12px\" src=\"https:\/\/open.spotify.com\/embed\/album\/573yA0DWbRsI1adtKNkPjz?utm_source=generator\" width=\"100%\" height=\"352\" frameborder=\"0\" allowfullscreen allow=\"autoplay; clipboard-write; encrypted-media; fullscreen; picture-in-picture\" loading=\"lazy\" 0=\"\/iframe\" scrolling=\"yes\" class=\"iframe-class\"><\/iframe>\n<\/p>\n<p>El pas\u00e1u mes de marzu present\u00e1base en redes sociales <strong><a href=\"https:\/\/www.instagram.com\/solo.contilde\/\" target=\"_blank\" rel=\"noopener\">S\u00f3lo<\/a><\/strong>, el proyectu nuevu d\u2019<strong>Alfredo Gonz\u00e1lez<\/strong> tres<a href=\"https:\/\/musicasturiana.com\/alfredo-gonzalez-despidese-de-los-escenarios-el-25-de-payares-y-va-llanzar-dos-cantares-nuevos\/\"> dexar los escenarios<\/a> a finales de 2023 col so nome art\u00edsticu. El cantautor turon\u00e9s siempre amos\u00f3\u2019l so compromisu cola <strong>llingua asturiana<\/strong> y agora ta acabante de publicar el so primer tema nel so idioma maternu: \u2018<a href=\"https:\/\/open.spotify.com\/intl-es\/album\/573yA0DWbRsI1adtKNkPjz?si=r5TlqHlVTzaKxQiBYOQ7SA\" target=\"_blank\" rel=\"noopener\"><strong>Foles<\/strong><\/a>\u2018. Ta inspir\u00e1u nunos versos de la escritora <strong>Lourdes \u00c1lvarez <\/strong>y forma parte de\u00a0<em><strong>Solitud<\/strong><\/em>, el primer discu d\u2019esti proyectu que va ver la lluz pa la seronda .<\/p>\n<p>\u00abYe una<strong> canci\u00f3n d\u2019amor<\/strong>, col amor entend\u00edu como <strong>universal y ensin ambici\u00f3n<\/strong>. Amor de vida que da vida, amor como tiempu que pasa ensin que caigas na cuenta. Amor, a la fin, de verd\u00e1. Escrib\u00edla pa cellebrar un aniversariu mui especial pa min, pa festexar cinco a\u00f1os d\u2019<strong>ides, sorrises y roces d\u2019eternid\u00e1<\/strong>. Pero tami\u00e9n de<strong> ll\u00e1rimes, vueltes y golpes <\/strong>escontra\u2019l suelu. Porque eso ye la vida entera con dalguien, un sistema c\u00e1sique binariu onde\u2019l ceru y el \u00fan tienden a infinitu\u00bb, desplica Gonz\u00e1lez sobre esti cantar. Am\u00e1s a\u00f1ade que \u00abfala de \u2018Foles\u2019 porque eso somos, persones al vientu que crecen pa decrecer pero que siempre vuelven. Somos <strong>persones que pasen la vida mirando p\u2019arriba<\/strong> y confiando en que les \u00f1ubes nos dexen ver el cielu. Anque seya una cuesti\u00f3n de fe\u00bb.<\/p>\n<p>S\u00f3lo publica esti tema un d\u00eda enantes del so<strong> primer conciertu n\u2019Asturies<\/strong>. Esti martes 24 a les 19h va xubir al escenariu del <strong>Parque Xovellanos <\/strong>de Mieres pa poner el ramu a la programaci\u00f3n de les<a href=\"https:\/\/musicasturiana.com\/les-fiestes-de-san-xuan-de-mieres-acueyen-dieciseis-actividaes-venceyaes-a-la-musical-pais\/\"> fiestes de <strong>San Xuan<\/strong><\/a> qu\u2019entamen dende\u2019l conceyu de la Cuenca\u2019l Caudal.<\/p>\n<h2 class=\"wp-block-heading\"><mark class=\"has-inline-color\">Solu y apeg\u00e1u a lo lliterario<\/mark><\/h2>\n<p>Muncho tiempu pas\u00f3 desque Alfredo Gonz\u00e1lez xubiera per primer vez a un escenariu en 2021. Col so nome y apell\u00edu asoley\u00f3 <strong>seis discos de llarga duraci\u00f3n, dos EPs y dio una montonera conciertos <\/strong>per dientro y fuera d\u2019Asturies. Tami\u00e9n tuvo\u2019l reconocimientu de la cr\u00edtica, algamando premios como los <strong>AMAS <\/strong>o\u2019l <strong>Camaret\u00e1<\/strong>. L\u2019asturianu y el castellanu convivieron nes sos composiciones propies y tami\u00e9n n\u2019ayenes, porque tien escrito canciones p\u2019artistes como <strong>Silvia Quesada, Muyeres o Alienda<\/strong>. El 25 payares de 2023 punxo puntu final a la so trayectoria como Alfredo Gonz\u00e1lez y el marzu pas\u00e1u renaci\u00f3 como S\u00f3lo.<\/p>\n<p>\u00abYe S\u00f3lo con tilde porque <strong>equivale a solamente, porque ye \u00fanicu y porque, anque ta en soled\u00e1, busca evitar ambig\u00fcedades<\/strong>. Pero tami\u00e9n ta <strong>solo, porque asina lo decidi\u00f3<\/strong>, porque los a\u00f1os llev\u00e1ronlu a esta solit\u00fa buscada\u00bb, esclaria\u2019l testu de presentaci\u00f3n del proyectu ellaborao pola so axencia de contrataci\u00f3n, Dani Patch Management. Am\u00e1s, desplica qu\u2019en S\u00f3lo \u00abimporta la m\u00fasica pero m\u00e1s, tov\u00eda,<strong> la lletra, la intenci\u00f3n y la direcci\u00f3n del argumentu<\/strong>\u00ab. D\u2019esta manera, el proyectu ta \u00abapeg\u00e1u a lo lliterario y por eso en cada cantar hai una<strong> referencia a dalg\u00fan autor o autora ayenos<\/strong>. Y\u00e1 seya en forma d\u2019estrofa o estribillu, de spoken word o cola musicalizaci\u00f3n d\u2019un poema enteru\u00bb. Los tres temes que tien publicaos, \u2018<a href=\"https:\/\/open.spotify.com\/intl-es\/album\/573yA0DWbRsI1adtKNkPjz?si=r5TlqHlVTzaKxQiBYOQ7SA\" target=\"_blank\" rel=\"noopener\">Foles<\/a>\u2018, \u00ab<a href=\"https:\/\/spotify.us21.list-manage.com\/track\/click?u=a8b1af704d3306947d037e6b1&amp;id=5ef9bf93a3&amp;e=6d224fd49d\" target=\"_blank\" rel=\"noreferrer noopener\">Cuerpo de cerilla\u00bb<\/a> y \u00ab<a href=\"https:\/\/spotify.us21.list-manage.com\/track\/click?u=a8b1af704d3306947d037e6b1&amp;id=0b64b18bf1&amp;e=6d224fd49d\" target=\"_blank\" rel=\"noreferrer noopener\">Canci\u00f3n fatal\u00bb<\/a> son una amuesa d\u2019ello.<\/p>\n<div class=\"wp-block-spacer\" aria-hidden=\"true\"><\/div>\n<figure class=\"wp-block-embed is-type-rich is-provider-spotify wp-block-embed-spotify\">\n<div class=\"wp-block-embed__wrapper\"><\/div>\n<\/figure>\n<p>&nbsp;<\/p>\n<\/div>\n<\/div>\n<div class=\"elementor-element elementor-element-6d96732 elementor-widget__width-inherit elementor-post-navigation-borders-yes elementor-widget elementor-widget-post-navigation\" data-id=\"6d96732\" data-element_type=\"widget\" data-widget_type=\"post-navigation.default\">\n<div class=\"elementor-widget-container\">\n<div class=\"elementor-post-navigation\">\n<div class=\"elementor-post-navigation__prev elementor-post-navigation__link\"><a href=\"https:\/\/musicasturiana.com\/ferla-megia-hector-braga-herbamora-y-libre-son-los-finalistes-del-xvii-premiu-camareta-al-meyor-cantar\/\" rel=\"prev\"><span class=\"post-navigation__arrow-wrapper post-navigation__arrow-prev\"><i class=\"fa fa-angle-left\" aria-hidden=\"true\"><\/i><span class=\"elementor-screen-only\">Ant<\/span><\/span><span class=\"elementor-post-navigation__link__prev\"><span class=\"post-navigation__prev--label\">Anterior<\/span><\/span><\/a><\/div>\n<\/div>\n<\/div>\n<\/div>\n","protected":false},"excerpt":{"rendered":"<p>S\u00f3lo llanza\u2019l so primer tema n\u2019asturianu: \u2018Foles\u2019. Un cantar d&#8217;amor inspir\u00e1u nunos versos de Lourdes \u00c1lvarez da forma al tercer adelantu del proyectu nuevu del cantautor Alfredo Gonz\u00e1lez. Fonte: Musicasturiana.com<\/p>\n","protected":false},"author":117,"featured_media":0,"comment_status":"closed","ping_status":"open","sticky":false,"template":"","format":"standard","meta":{"footnotes":""},"categories":[35,125],"tags":[],"class_list":["post-51522","post","type-post","status-publish","format-standard","hentry","category-musica","category-musicasturiana-com"],"_links":{"self":[{"href":"https:\/\/edublog.educastur.es\/ixuxu\/wp-json\/wp\/v2\/posts\/51522","targetHints":{"allow":["GET"]}}],"collection":[{"href":"https:\/\/edublog.educastur.es\/ixuxu\/wp-json\/wp\/v2\/posts"}],"about":[{"href":"https:\/\/edublog.educastur.es\/ixuxu\/wp-json\/wp\/v2\/types\/post"}],"author":[{"embeddable":true,"href":"https:\/\/edublog.educastur.es\/ixuxu\/wp-json\/wp\/v2\/users\/117"}],"replies":[{"embeddable":true,"href":"https:\/\/edublog.educastur.es\/ixuxu\/wp-json\/wp\/v2\/comments?post=51522"}],"version-history":[{"count":2,"href":"https:\/\/edublog.educastur.es\/ixuxu\/wp-json\/wp\/v2\/posts\/51522\/revisions"}],"predecessor-version":[{"id":51524,"href":"https:\/\/edublog.educastur.es\/ixuxu\/wp-json\/wp\/v2\/posts\/51522\/revisions\/51524"}],"wp:attachment":[{"href":"https:\/\/edublog.educastur.es\/ixuxu\/wp-json\/wp\/v2\/media?parent=51522"}],"wp:term":[{"taxonomy":"category","embeddable":true,"href":"https:\/\/edublog.educastur.es\/ixuxu\/wp-json\/wp\/v2\/categories?post=51522"},{"taxonomy":"post_tag","embeddable":true,"href":"https:\/\/edublog.educastur.es\/ixuxu\/wp-json\/wp\/v2\/tags?post=51522"}],"curies":[{"name":"wp","href":"https:\/\/api.w.org\/{rel}","templated":true}]}}