{"id":51532,"date":"2025-06-24T08:23:15","date_gmt":"2025-06-24T06:23:15","guid":{"rendered":"https:\/\/edublog.educastur.es\/ixuxu\/?p=51532"},"modified":"2025-06-24T10:44:08","modified_gmt":"2025-06-24T08:44:08","slug":"el-tiempu-el-comercio-76","status":"publish","type":"post","link":"https:\/\/edublog.educastur.es\/ixuxu\/2025\/06\/el-tiempu-el-comercio-76\/","title":{"rendered":"El tiempu (El Comercio)"},"content":{"rendered":"<p style=\"text-align: center\"><a href=\"https:\/\/s3.ppllstatics.com\/elcomercio\/www\/multimedia\/2025\/06\/23\/prevision-tiempo-asturias-k4FF-U2301948938566Ca-1200x860@El%20Comercio.jpg\"><img loading=\"lazy\" decoding=\"async\" class=\"aligncenter size-large\" src=\"https:\/\/s3.ppllstatics.com\/elcomercio\/www\/multimedia\/2025\/06\/23\/prevision-tiempo-asturias-k4FF-U2301948938566Ca-1200x860@El%20Comercio.jpg\" width=\"1200\" height=\"860\" \/><\/a><\/p>\n<p><span style=\"color: #008080\"><span style=\"text-decoration: underline\">Va ser el d\u00eda m\u00e1s calorosu de la selmana.<\/span><strong> Les m\u00e1ximes<\/strong> <\/span>van xubir hasta 8 \u00baC m\u00e1s que les anotaes el llunes. Nam\u00e1 nel cordal y otros puntos del terciu asturianu van ser les zones onde apenes van variar los term\u00f3metros respecto al d\u00eda anterior. Con \u00e9ses van superase con facilid\u00e1 los 30 \u00baC en munches poblaciones asturianes. <span style=\"color: #008080\"><strong>Les m\u00ednimes<\/strong> <\/span>pela so parte, tami\u00e9n van xubir anque de forma m\u00e1s moderada. Pero, per otru llau, el martes va ser un d\u00eda nel que la inestabilid\u00e1 va cobrar protagonismu sobremanera na recta final. <span style=\"color: #008080\"><strong>Pela ma\u00f1ana<\/strong> <\/span>nun va llover anque van predominar intervalos de nubes medies y altes. Conforme <span style=\"color: #008080\"><strong>avance la tarde<\/strong><\/span> la probabilid\u00e1 de bastios va dir n&#8217;aumentu. Nun van ser xeneralizaos, pero localmente van afectar a dellos puntos de la rex\u00f3n pudiendo descargar con fuerza.<\/p>\n<p>&nbsp;<\/p>\n<p><!--more--><\/p>\n<p>Ello ye que l&#8217;Axencia Estatal de Meteorolox\u00eda va activar<span style=\"color: #008080\"><strong> a partir de les 15:00 hores l&#8217;avisu mariellu<\/strong><\/span> en tola Comunid\u00e1 Aut\u00f3noma por fuertes bastios d&#8217;hasta 15 llitros per metro cuadr\u00e1u nuna hora, por nubes de xarazo y por fuertes raches de vientu acomu\u00f1aes a diches nubes. Esti avisu tami\u00e9n va tener llugar <span style=\"color: #008080\"><strong>mientres la madrugada del mi\u00e9rcoles<\/strong><\/span> momentu nel que la inestabilid\u00e1 afecte a una mayor cantid\u00e1 de localidaes asturianes seg\u00fan los modelos meteorol\u00f3xicos.<\/p>\n","protected":false},"excerpt":{"rendered":"<p>Va ser el d\u00eda m\u00e1s calorosu de la selmana. Les m\u00e1ximes van xubir hasta 8 \u00baC m\u00e1s que les anotaes el llunes. Nam\u00e1 nel cordal y otros puntos del terciu asturianu van ser les zones onde apenes van variar los term\u00f3metros respecto al d\u00eda anterior. Con \u00e9ses van superase con facilid\u00e1 los 30 \u00baC en [&hellip;]<\/p>\n","protected":false},"author":117,"featured_media":0,"comment_status":"closed","ping_status":"open","sticky":false,"template":"","format":"standard","meta":{"footnotes":""},"categories":[5],"tags":[],"class_list":["post-51532","post","type-post","status-publish","format-standard","hentry","category-tiempu"],"_links":{"self":[{"href":"https:\/\/edublog.educastur.es\/ixuxu\/wp-json\/wp\/v2\/posts\/51532","targetHints":{"allow":["GET"]}}],"collection":[{"href":"https:\/\/edublog.educastur.es\/ixuxu\/wp-json\/wp\/v2\/posts"}],"about":[{"href":"https:\/\/edublog.educastur.es\/ixuxu\/wp-json\/wp\/v2\/types\/post"}],"author":[{"embeddable":true,"href":"https:\/\/edublog.educastur.es\/ixuxu\/wp-json\/wp\/v2\/users\/117"}],"replies":[{"embeddable":true,"href":"https:\/\/edublog.educastur.es\/ixuxu\/wp-json\/wp\/v2\/comments?post=51532"}],"version-history":[{"count":2,"href":"https:\/\/edublog.educastur.es\/ixuxu\/wp-json\/wp\/v2\/posts\/51532\/revisions"}],"predecessor-version":[{"id":51571,"href":"https:\/\/edublog.educastur.es\/ixuxu\/wp-json\/wp\/v2\/posts\/51532\/revisions\/51571"}],"wp:attachment":[{"href":"https:\/\/edublog.educastur.es\/ixuxu\/wp-json\/wp\/v2\/media?parent=51532"}],"wp:term":[{"taxonomy":"category","embeddable":true,"href":"https:\/\/edublog.educastur.es\/ixuxu\/wp-json\/wp\/v2\/categories?post=51532"},{"taxonomy":"post_tag","embeddable":true,"href":"https:\/\/edublog.educastur.es\/ixuxu\/wp-json\/wp\/v2\/tags?post=51532"}],"curies":[{"name":"wp","href":"https:\/\/api.w.org\/{rel}","templated":true}]}}