{"id":51551,"date":"2025-06-24T09:00:37","date_gmt":"2025-06-24T07:00:37","guid":{"rendered":"https:\/\/edublog.educastur.es\/ixuxu\/?p=51551"},"modified":"2025-06-24T10:28:03","modified_gmt":"2025-06-24T08:28:03","slug":"dia-internacional-de-les-faes","status":"publish","type":"post","link":"https:\/\/edublog.educastur.es\/ixuxu\/2025\/06\/dia-internacional-de-les-faes\/","title":{"rendered":"D\u00eda Internacional de les Faes"},"content":{"rendered":"<p style=\"text-align: center\"><a href=\"https:\/\/revistaaventurero.com.mx\/wp-content\/uploads\/2018\/05\/HADAS-Pixabay.jpg\"><img loading=\"lazy\" decoding=\"async\" class=\"aligncenter \" src=\"https:\/\/revistaaventurero.com.mx\/wp-content\/uploads\/2018\/05\/HADAS-Pixabay.jpg\" width=\"379\" height=\"329\" \/><\/a><\/p>\n<p>El 24 de xunu celebra&#8217;l<strong> D\u00eda Internacional de les Faes<\/strong> \ud83e\uddda\u200d\u2640\ufe0f (Fairy Day) para rindir homenaxe a esos pequenos personaxes que nos acompa\u00f1en dende la infancia, con tola maxa, la fantas\u00eda y l&#8217;imaxinaci\u00f3n qu&#8217;arrodia a estos seres fabulosos qu&#8217;estelaron a ne\u00f1os y adultos de distintes cultures y d\u00f3mines. <strong><span style=\"color: #008080\">Una fecha que rinde homenaxe a la fantas\u00eda, la imaxinaci\u00f3n y un pocu de maxa<\/span><\/strong><\/p>\n<p><!--more--><\/p>\n<p>\ud83e\uddda\u200d\u2640\ufe0f \ud83d\udcda\ud83e\uddda\u200d\u2640\ufe0f\ud83e\uddda\ud83c\udffc\u200d\u2642\ufe0f Dalgunes de les nueses faes prefer\u00edes de la lliteratura son la de Cenicienta, la de Peter Pan&#8230;<\/p>\n<p>Esta celebraci\u00f3n, anque nun ye bien conocida, <strong><span style=\"color: #008080\">tien raiga\u00f1os nes tradiciones celtes<\/span><\/strong> y na mitolox\u00eda, <span style=\"color: #008080\"><strong>onde les faes son consideraes seres\u00a0 semidivinos que viven ente este y l&#8217;otru mundu, con conexones importantes cola naturaleza. <\/strong><\/span>\u00a0 El 26 de febreru celebra&#8217;l D\u00eda Mundial de los Cuentos de Faes, una fecha distinta pero rellacionada coles hestories y mitos de les faes.<\/p>\n<p style=\"text-align: center\">\n<!-- iframe plugin v.6.0 wordpress.org\/plugins\/iframe\/ -->\n<iframe loading=\"lazy\" src=\"https:\/\/www.facebook.com\/plugins\/post.php?href=https%3A%2F%2Fwww.facebook.com%2Floqueleosantillanaspain%2Fposts%2Fpfbid027d8WbYNpE3e4386Lw9PqbQLkb1uTVdawAAz5jvafBmqEzgS6JdYKPxsiVWRaUiyql&#038;show_text=false&#038;width=500\" width=\"500\" height=\"491\" style=\"border:none;overflow:hidden\" scrolling=\"no\" frameborder=\"0\" allowfullscreen=\"true\" allow=\"autoplay; clipboard-write; encrypted-media; picture-in-picture; web-share\" 0=\"\/iframe\" class=\"iframe-class\"><\/iframe>\n<\/p>\n","protected":false},"excerpt":{"rendered":"<p>El 24 de xunu celebra&#8217;l D\u00eda Internacional de les Faes \ud83e\uddda\u200d\u2640\ufe0f (Fairy Day) para rindir homenaxe a esos pequenos personaxes que nos acompa\u00f1en dende la infancia, con tola maxa, la fantas\u00eda y l&#8217;imaxinaci\u00f3n qu&#8217;arrodia a estos seres fabulosos qu&#8217;estelaron a ne\u00f1os y adultos de distintes cultures y d\u00f3mines. Una fecha que rinde homenaxe a la [&hellip;]<\/p>\n","protected":false},"author":117,"featured_media":0,"comment_status":"closed","ping_status":"open","sticky":false,"template":"","format":"standard","meta":{"footnotes":""},"categories":[6],"tags":[],"class_list":["post-51551","post","type-post","status-publish","format-standard","hentry","category-dia-de"],"_links":{"self":[{"href":"https:\/\/edublog.educastur.es\/ixuxu\/wp-json\/wp\/v2\/posts\/51551","targetHints":{"allow":["GET"]}}],"collection":[{"href":"https:\/\/edublog.educastur.es\/ixuxu\/wp-json\/wp\/v2\/posts"}],"about":[{"href":"https:\/\/edublog.educastur.es\/ixuxu\/wp-json\/wp\/v2\/types\/post"}],"author":[{"embeddable":true,"href":"https:\/\/edublog.educastur.es\/ixuxu\/wp-json\/wp\/v2\/users\/117"}],"replies":[{"embeddable":true,"href":"https:\/\/edublog.educastur.es\/ixuxu\/wp-json\/wp\/v2\/comments?post=51551"}],"version-history":[{"count":5,"href":"https:\/\/edublog.educastur.es\/ixuxu\/wp-json\/wp\/v2\/posts\/51551\/revisions"}],"predecessor-version":[{"id":51563,"href":"https:\/\/edublog.educastur.es\/ixuxu\/wp-json\/wp\/v2\/posts\/51551\/revisions\/51563"}],"wp:attachment":[{"href":"https:\/\/edublog.educastur.es\/ixuxu\/wp-json\/wp\/v2\/media?parent=51551"}],"wp:term":[{"taxonomy":"category","embeddable":true,"href":"https:\/\/edublog.educastur.es\/ixuxu\/wp-json\/wp\/v2\/categories?post=51551"},{"taxonomy":"post_tag","embeddable":true,"href":"https:\/\/edublog.educastur.es\/ixuxu\/wp-json\/wp\/v2\/tags?post=51551"}],"curies":[{"name":"wp","href":"https:\/\/api.w.org\/{rel}","templated":true}]}}