{"id":51556,"date":"2025-06-25T09:00:17","date_gmt":"2025-06-25T07:00:17","guid":{"rendered":"https:\/\/edublog.educastur.es\/ixuxu\/?p=51556"},"modified":"2025-06-24T10:27:42","modified_gmt":"2025-06-24T08:27:42","slug":"dia-de-la-xente-de-mar","status":"publish","type":"post","link":"https:\/\/edublog.educastur.es\/ixuxu\/2025\/06\/dia-de-la-xente-de-mar\/","title":{"rendered":"D\u00eda de la Xente de Mar"},"content":{"rendered":"<section class=\"cuerpo\">\n<p style=\"text-align: center\"><span class=\"html-span xexx8yu x4uap5 x18d9i69 xkhd6sd x1hl2dhg x16tdsg8 x1vvkbs x3nfvp2 x1j61x8r x1fcty0u xdj266r xat24cr xgzva0m xhhsvwb xxymvpz xlup9mm x1kky2od\">\n<!-- iframe plugin v.6.0 wordpress.org\/plugins\/iframe\/ -->\n<iframe loading=\"lazy\" src=\"https:\/\/www.instagram.com\/reel\/CfOEMyzlfMi\/embed\" width=\"650\" height=\"410\" 0=\"\/iframe\" scrolling=\"yes\" class=\"iframe-class\" frameborder=\"0\"><\/iframe>\n<\/span><\/p>\n<p style=\"text-align: left\">El comerciu mar\u00edtimu internacional y el mundu cunten con un gran ali\u00e1u incondicional: la xente de mar. Ye por ello que, en reconocencia a estos protagonistes an\u00f3nimos, la <span style=\"color: #008080\"><strong>Organizaci\u00f3n Mar\u00edtima Internacional (OMI)<\/strong><\/span> promulg\u00f3 na Conferencia de Manila del a\u00f1u 2010 el d\u00eda 25 de xunu como D\u00eda de la Xente de Mar.\u00a0<strong>\u00a0<span style=\"color: #008080\"><em>#SeafarerJourney<\/em>.<\/span><\/strong><\/p>\n<p><!--more--><\/p>\n<p>Ellos constit\u00fain un eslab\u00f3n esencial nel desenvolvimientu del comerciu internacional, metanes riesgos y restricciones qu&#8217;atenten contra&#8217;l cumplimientu del so llabor.<\/p>\n<p>A\u00f1almente la Organizaci\u00f3n Mar\u00edtima Internacional (OMI) sopelexa campa\u00f1es de concienciaci\u00f3n en sofitu al llabor desempe\u00f1\u00e1u pola Xente de Mar.\u00a0 La campa\u00f1a c\u00e9ntrase na contribuci\u00f3n de la xente de mar pa faer del sector mar\u00edtimu un llugar de trabayu m\u00e1s seguru. Por que la xente de mar participe, conv\u00eddenlos a que compartan una fotograf\u00eda so na so redolada llaboral, na que destaquen c\u00f3mo caltienen la segurid\u00e1 nel so llugar de trabayu.<\/p>\n<p><em><span style=\"color: #008080\">El t\u00e9rminu <strong>\u00abxente de mar\u00bb<\/strong> refierse al colectivu form\u00e1u por aquelles persones rellacionaes cola activid\u00e1 mar\u00edtima (comerciu, tresporte, acuicultura), dientro d&#8217;una embarcaci\u00f3n y los que brinden sofitu dende tierra:<\/span><\/em><\/p>\n<ul>\n<li><em><span style=\"color: #008080\">Tripulantes de buques: nes \u00e1rees de cubierta (Capit\u00e1n, oficiales, pilotos y marineros), m\u00e1quines (xefe de m\u00e1quines, oficiales maquinistes, mec\u00e1nicos, lletricistes, foguistes), comunicaciones (personal asign\u00e1u a les instalaciones radioel\u00e9ctriques y de sistemes de comunicaci\u00f3n), alministraci\u00f3n (personal encarg\u00e1u de les xeres contables, servicios d&#8217;agospiamientu y alimentaci\u00f3n de tripulantes y pasaxeros), sanid\u00e1 (Oficiales m\u00e9dicos, enfermeros y asistentes) y practicaxe (personal dedic\u00e1u al asesoramientu n\u00e1utico y llegal).<\/span><\/em><\/li>\n<li><em><span style=\"color: #008080\">Personal terrestre (profesional y t\u00e9cnicu) qu&#8217;exerz funciones en xurisdicci\u00f3n portuaria.<\/span><\/em><\/li>\n<li><em><span style=\"color: #008080\">Pescadores d&#8217;altamar, ente otros.<\/span><\/em><\/li>\n<\/ul>\n<p><strong>Riesgos y dificultaes qu&#8217;encara la Xente de Mar.\u00a0<\/strong>Nel cumplimientu del so llabor, la xente de mar\u00a0ta espuesta a los siguientes riesgos y situaciones:<\/p>\n<ul>\n<li>Incidentes mar\u00edtimos involuntarios que pueden causar da\u00f1u ambiental o perdes de vides, con posibles responsabilidaes penales.<\/li>\n<li>Condiciones ambientales adverses (nubes, maremotos, tsunamis).<\/li>\n<li>Dificultaes pa facilitar los cambeos de tripulaci\u00f3n nos puertos mar\u00edtimos, por cuenta de los protocolos establec\u00edos nos diversos pa\u00edses y zones xeogr\u00e1fiques qu&#8217;atrabanquen el relevu del personal marino.<\/li>\n<li>Pirater\u00eda, contrabandu y trata de persones.<\/li>\n<\/ul>\n<p><strong>Filmograf\u00eda sobre la Xente de Mar.<\/strong>\u00a0El llabor de la xente de mar foi retratada en documentales, series y pel\u00edcules, amosando la so llealt\u00e1 y el so llau m\u00e1s humanu nel cumplimientu del so deber. Amosemos de sigu\u00edo dellos t\u00edtulos pa esfrutar en casa:<\/p>\n<ul>\n<li><em><strong>Underwater: Amenaza en lo profundo (EEUU. Director: William Eubank. A\u00f1o 2020)<\/strong>:\u00a0<\/em>en esta pel\u00edcula de suspense, una tripulaci\u00f3n de investigadores, que trabaja en una instalaci\u00f3n submarina, se inunda debido a un terremoto. Deciden avanzar hacia una plataforma petrol\u00edfera abandonada, donde habitan unos extra\u00f1os depredadores marinos.<\/li>\n<li><em><strong>Gentes de la Mar (Espa\u00f1a. Director: Pedro Pablo Picazo. A\u00f1o 2020):\u00a0<\/strong><\/em>documental producido por la\u00a0<em>Consejer\u00eda de Pesca, Ganader\u00eda y Desarrollo Rural del Gobierno de Cantabria<\/em>. Muestra la vida de la gente de mar del litoral c\u00e1ntabro, as\u00ed como su contribuci\u00f3n a la evoluci\u00f3n econ\u00f3mica y social de su entorno.<\/li>\n<li><strong><em>Polar Code (Organizaci\u00f3n Mar\u00edtima Internacional (OMI). A\u00f1o 2017):\u00a0<\/em><\/strong>en este documental de la OMI muestra al buque\u00a0<em>Ocean Diamond<\/em>\u00a0en su traves\u00eda por la Ant\u00e1rtida, abordando la preocupaci\u00f3n internacional sobre la seguridad de la vida humana en el mar y la protecci\u00f3n del medio ambiente. Asimismo, da a conocer el\u00a0<strong><em>C\u00f3digo Polar,<\/em><\/strong>\u00a0establecido en el a\u00f1o 2017.<\/li>\n<li><strong><em>Las Horas Contadas (EEUU. Director: Craig Gillespie. A\u00f1o 2015):<\/em><\/strong>\u00a0en el a\u00f1o 1952, una terrible tormenta sobre la costa este de Nueva Inglaterra, ocasiona da\u00f1os irreparables a un buque costero. Miembros de la Guardia Costera intentar\u00e1n rescatar a los 30 marineros atrapados en el buque, en medio de g\u00e9lidas temperaturas.<\/li>\n<li><strong><em>En el coraz\u00f3n del mar (EEUU. Director: Ron Howard. A\u00f1o 2015):<\/em><\/strong>\u00a0en el siglo XIX los tripulantes del ballenero\u00a0<em>Nantucket<\/em>\u00a0luchan por sobrevivir en altamar, despu\u00e9s de sufrir el ataque de un cachalote gigante en el Oc\u00e9ano Pac\u00edfico, quedando a la deriva durante tres largos meses.<\/li>\n<li><strong><em>Teresa Sin Mar (Espa\u00f1a. Director: Francine Verd\u00e8s. A\u00f1o 2009):<\/em><\/strong>\u00a0este pol\u00e9mico documental muestra la historia de seis tripulantes del barco\u00a0<em>\u00abTeresa del Mar\u00bb<\/em>, abandonado por la empresa en el puerto de Barcelona en el a\u00f1o 2009. Decidieron ocuparlo para declararse en huelga y lograr sus reivindicaciones laborales.<\/li>\n<li><em><strong>Capit\u00e1n de Mar y Guerra (EEUU. Director: Peter Weir, 2003):\u00a0<\/strong><\/em>En el a\u00f1o 1805 un capit\u00e1n brit\u00e1nico y su tripulaci\u00f3n son atacados sorpresivamente por el buque de guerra franc\u00e9s\u00a0<em>\u00abAcheron\u00bb.<\/em>\u00a0Despu\u00e9s de un terrible ataque, el capit\u00e1n Jack Aubrey se obsesiona con derribar a la poderosa fragata francesa.<\/li>\n<\/ul>\n<p>&nbsp;<\/p>\n<\/section>\n<p>&nbsp;<\/p>\n","protected":false},"excerpt":{"rendered":"<p>El comerciu mar\u00edtimu internacional y el mundu cunten con un gran ali\u00e1u incondicional: la xente de mar. Ye por ello que, en reconocencia a estos protagonistes an\u00f3nimos, la Organizaci\u00f3n Mar\u00edtima Internacional (OMI) promulg\u00f3 na Conferencia de Manila del a\u00f1u 2010 el d\u00eda 25 de xunu como D\u00eda de la Xente de Mar.\u00a0\u00a0#SeafarerJourney.<\/p>\n","protected":false},"author":117,"featured_media":0,"comment_status":"closed","ping_status":"open","sticky":false,"template":"","format":"standard","meta":{"footnotes":""},"categories":[6],"tags":[],"class_list":["post-51556","post","type-post","status-publish","format-standard","hentry","category-dia-de"],"_links":{"self":[{"href":"https:\/\/edublog.educastur.es\/ixuxu\/wp-json\/wp\/v2\/posts\/51556","targetHints":{"allow":["GET"]}}],"collection":[{"href":"https:\/\/edublog.educastur.es\/ixuxu\/wp-json\/wp\/v2\/posts"}],"about":[{"href":"https:\/\/edublog.educastur.es\/ixuxu\/wp-json\/wp\/v2\/types\/post"}],"author":[{"embeddable":true,"href":"https:\/\/edublog.educastur.es\/ixuxu\/wp-json\/wp\/v2\/users\/117"}],"replies":[{"embeddable":true,"href":"https:\/\/edublog.educastur.es\/ixuxu\/wp-json\/wp\/v2\/comments?post=51556"}],"version-history":[{"count":4,"href":"https:\/\/edublog.educastur.es\/ixuxu\/wp-json\/wp\/v2\/posts\/51556\/revisions"}],"predecessor-version":[{"id":51562,"href":"https:\/\/edublog.educastur.es\/ixuxu\/wp-json\/wp\/v2\/posts\/51556\/revisions\/51562"}],"wp:attachment":[{"href":"https:\/\/edublog.educastur.es\/ixuxu\/wp-json\/wp\/v2\/media?parent=51556"}],"wp:term":[{"taxonomy":"category","embeddable":true,"href":"https:\/\/edublog.educastur.es\/ixuxu\/wp-json\/wp\/v2\/categories?post=51556"},{"taxonomy":"post_tag","embeddable":true,"href":"https:\/\/edublog.educastur.es\/ixuxu\/wp-json\/wp\/v2\/tags?post=51556"}],"curies":[{"name":"wp","href":"https:\/\/api.w.org\/{rel}","templated":true}]}}