{"id":51564,"date":"2025-06-28T09:00:29","date_gmt":"2025-06-28T07:00:29","guid":{"rendered":"https:\/\/edublog.educastur.es\/ixuxu\/?p=51564"},"modified":"2025-06-30T10:56:35","modified_gmt":"2025-06-30T08:56:35","slug":"dia-mundial-del-arbol-2","status":"publish","type":"post","link":"https:\/\/edublog.educastur.es\/ixuxu\/2025\/06\/dia-mundial-del-arbol-2\/","title":{"rendered":"D\u00eda Mundial del \u00c1rbol"},"content":{"rendered":"<p style=\"text-align: center\"><a href=\"https:\/\/imgs.search.brave.com\/-jw06ouEFmoffL6jYZP749wsjp-dj-09gxArktzVl0k\/rs:fit:860:0:0:0\/g:ce\/aHR0cHM6Ly92ZXJk\/ZWNvcmEuZXMvYmxv\/Zy93cC1jb250ZW50\/L3VwbG9hZHMvMjAy\/My8wMy9kaWEtZGVs\/LWFyYm9sLmpwZw\"><img loading=\"lazy\" decoding=\"async\" class=\"aligncenter size-large\" src=\"https:\/\/imgs.search.brave.com\/-jw06ouEFmoffL6jYZP749wsjp-dj-09gxArktzVl0k\/rs:fit:860:0:0:0\/g:ce\/aHR0cHM6Ly92ZXJk\/ZWNvcmEuZXMvYmxv\/Zy93cC1jb250ZW50\/L3VwbG9hZHMvMjAy\/My8wMy9kaWEtZGVs\/LWFyYm9sLmpwZw\" width=\"860\" height=\"450\" \/><\/a><\/p>\n<p>Son consideraos los pulmones del planeta. Los \u00e1rboles y montes purifiquen l&#8217;aire y contrib\u00fain a regular el clima. La so importancia ya impactu sobro&#8217;l mediu ambiente son d&#8217;un valor incalculable. Hai qu&#8217;estremar esta fecha d&#8217;otra celebraci\u00f3n: el D\u00eda Internacional de los Montes, respond\u00edu por pola <span style=\"text-decoration: underline\">Organizaci\u00f3n de Naciones Xun\u00edes pa l&#8217;Agricultura y l&#8217;Alimentaci\u00f3n (FAO)<\/span> y que tien llugar el 21 de marzu cada a\u00f1u.<\/p>\n<p><!--more--><br \/>\nEn cuanto al D\u00eda Mundial del \u00c1rbol, <span style=\"color: #008080\"><strong>el so orixe<\/strong><\/span> nun ta claru y nun atopemos fontes que nos indiquen el so orixe, pero ye posible reparar actividaes conmemoratives cada 28 de xunu coles mires d&#8217;informar sobro la importancia de los \u00e1rboles na vida del planeta y sensibilizar a la poblaci\u00f3n sobro la necesid\u00e1 de caltener el Mediu Ambiente.<\/p>\n<p>M\u00e1s all\u00e1 de les duldes, paeznos pertinente que se dediquen dos o m\u00e1s d\u00edes a los nuesos \u00e1rboles, que vaiga que-y lo merecen.<\/p>\n<p>Nel a\u00f1u 1840 Suecia foi&#8217;l primer pa\u00eds que celebr\u00f3&#8217;l D\u00eda del \u00c1rbol,<span style=\"color: #008080\"><strong> pa xenerar conciencia sobro la importancia de los recursos forestales y de los \u00e1rboles<\/strong><\/span>. Estos h\u00e9roes verdes contrib\u00fain a menguar la contaminaci\u00f3n ambiental y clim\u00e1tico xenerada pol home, protexen el suelu y son esenciales pa llograr un desenvolvimientu sostenible, siendo imprescindibles pa la vida.<\/p>\n<p>Apurra de los \u00e1rboles nel caltenimientu del mediu ambiente.<span style=\"text-decoration: underline\"><span style=\"color: #008080;text-decoration: underline\"> Los \u00e1rboles xueguen un papel fundamental nel caltenimientu del mediu ambiente:<\/span><\/span><\/p>\n<ul>\n<li>Lliberen l&#8217;os\u00edxenu y tresformen el di\u00f3xidu de carbonu (CO2) en biomasa, amenorgando l&#8217;efectu invernaderu.<\/li>\n<li>Son reguladores de los ciclos hidrol\u00f3xicos contribuyendo a evitar inundaciones.<\/li>\n<li>Previenen la erosi\u00f3n de los suelos, favoreciendo&#8217;l desenvolvimientu de l&#8217;agricultura.<\/li>\n<li>Constit\u00fain l&#8217;h\u00e1bitat d&#8217;especies de plantes, aves, mam\u00edferos, reptiles y anfibios.<\/li>\n<li>Nes zones selv\u00e1tiques contrib\u00fain a formar un ambiente h\u00famedo.<\/li>\n<li>Contrib\u00fain a regular el clima, amenorgando los efectos del camb\u00e9u clim\u00e1ticu xener\u00e1u principalmente pol home.<\/li>\n<li>Son una fonte de materia primo pa la ellaboraci\u00f3n de medicines, alimentos, papel, combustible (madera y carb\u00f3n), fibres y otros materiales naturales como corchu, resines y cauchu.<\/li>\n<\/ul>\n<p style=\"text-align: center\">\n<!-- iframe plugin v.6.0 wordpress.org\/plugins\/iframe\/ -->\n<iframe loading=\"lazy\" src=\"https:\/\/www.facebook.com\/plugins\/post.php?href=https%3A%2F%2Fwww.facebook.com%2Fiberianwildlife1%2Fposts%2Fpfbid024Cv4Ye6GbUaZMXkFkwntAUSovS9Bx5poYAsEiZZRKz5VELRH8avFts8NfSkAiFYLl&#038;show_text=false&#038;width=500\" width=\"500\" height=\"498\" style=\"border:none;overflow:hidden\" scrolling=\"no\" frameborder=\"0\" allowfullscreen=\"true\" allow=\"autoplay; clipboard-write; encrypted-media; picture-in-picture; web-share\" 0=\"\/iframe\" class=\"iframe-class\"><\/iframe>\n<\/p>\n<p><strong>Dellos intereses sobro los \u00e1rboles y montes.<em>\u00a0<\/em><\/strong><em>D&#8217;alcuerdu a un estudiu reci\u00e9n (public\u00e1u pol Journal of Sustainable Forestry) esisten nel nuesu planeta 60.065 especies d&#8217;\u00e1rboles. Dependiendo de la especie los \u00e1rboles desenvu\u00e9lvense dafechu al llegar a los 40 o 50 a\u00f1os. Nes zones o rexones fr\u00edes caltienen a royedores y aves.<\/em><\/p>\n<ul>\n<li><em>A nivel mundial abargana del 78% de los montes primarios fueron destruy\u00edos pola mano del home y el 22% restante viose afect\u00e1u pola estracci\u00f3n de madera. <\/em><\/li>\n<li><em>El 12% de los montes del mundu t\u00e1n designaos pal caltenimientu de la diversid\u00e1 biol\u00f3xica. <\/em><\/li>\n<li><em>Enval\u00f3rase que los montes constit\u00fain un reservorio vital de carbonu, atropando xunas 289 xigatonelaes d&#8217;esti elementu.<\/em><\/li>\n<li><em>Ocupen grandes estensiones qu&#8217;algamen el 28,5% de les tierres, sacante l&#8217;Ant\u00e1rtida y Groelandia.<\/em><\/li>\n<li><em>La met\u00e1 de los montes nel mundu t\u00e1n allugaos nos tr\u00f3picos y el restu en zones templaes y boreales. Europa y Am\u00e9rica del Sur tienen la mayor superficie forestal, sigu\u00edos d&#8217;Am\u00e9rica del Norte y \u00c1frica.<\/em><\/li>\n<li><em>La deforestaci\u00f3n de montes y \u00e1rboles producen un 15% d&#8217;emisi\u00f3n de CO2 a\u00f1al en tol mundu, superando a la xenerada por veh\u00edculos, barcos y otros medios de tresporte.<\/em><\/li>\n<\/ul>\n<div class=\"xdj266r x14z9mp xat24cr x1lziwak x1vvkbs x126k92a\" style=\"text-align: center\">\n<!-- iframe plugin v.6.0 wordpress.org\/plugins\/iframe\/ -->\n<iframe loading=\"lazy\" src=\"https:\/\/www.facebook.com\/plugins\/post.php?href=https%3A%2F%2Fwww.facebook.com%2Fguardas.guardasruralesguadalhorce%2Fposts%2Fpfbid03221kZd7HuvvC1qzQ8z1WQKoZwuegGdMJmbeQmL3Bb8ie1umF3QREk2LM7CcYGrVjl&#038;show_text=false&#038;width=500\" width=\"500\" height=\"497\" style=\"border:none;overflow:hidden\" scrolling=\"no\" frameborder=\"0\" allowfullscreen=\"true\" allow=\"autoplay; clipboard-write; encrypted-media; picture-in-picture; web-share\" 0=\"\/iframe\" class=\"iframe-class\"><\/iframe>\n<\/div>\n<div><\/div>\n<div class=\"x14z9mp xat24cr x1lziwak x1vvkbs xtlvy1s x126k92a\">\n<div dir=\"auto\"><strong>Los \u00e1rboles son muncho m\u00e1s que paisaxe. <\/strong>Son aliaos esenciales para la vida:<\/div>\n<div dir=\"auto\"><\/div>\n<ul>\n<li dir=\"auto\">Producen os\u00edxenu<\/li>\n<li dir=\"auto\">Prinden CO\u2082<\/li>\n<li dir=\"auto\">Regulen el clima<\/li>\n<li dir=\"auto\">Alluguen biodiversid\u00e1<\/li>\n<li dir=\"auto\">Dan solombra y frescor<\/li>\n<li dir=\"auto\">Ameyoren nuesa sal\u00fa y bienestar<\/li>\n<\/ul>\n<div dir=\"auto\">L\u00e1mina de <span class=\"html-span xdj266r x14z9mp xat24cr x1lziwak xexx8yu xyri2b x18d9i69 x1c1uobl x1hl2dhg x16tdsg8 x1vvkbs\"><a class=\"x1i10hfl xjbqb8w x1ejq31n x18oe1m7 x1sy0etr xstzfhl x972fbf x10w94by x1qhh985 x14e42zd x9f619 x1ypdohk xt0psk2 xe8uvvx xdj266r x14z9mp xat24cr x1lziwak xexx8yu xyri2b x18d9i69 x1c1uobl x16tdsg8 x1hl2dhg xggy1nq x1a2a7pz xkrqix3 x1sur9pj x1fey0fg x1s688f\" role=\"link\" href=\"https:\/\/www.facebook.com\/fundacionbiodiversidad?__cft__[0]=AZXnz7pj6xMThXlsh2EdeAhTq5KPciZEy7GU9bw6VONf_a5WATQ9k5RnWgwvortbFZl_49oF6o237QMFCNtsyM1O5Pa42OFsDZ45HEweL-Av8q_WL-dS_BdgmbWfJjMnfvFqggBhVmLZBSiW-sf9UvEZYFy_ZztS4gnz2dlh4loO2vxQiw2buqf7qGcMyCrh6scWo22gUVVY3nU7SvQ74w72tIVbPHGXEtGU1heow41iFg&amp;__tn__=-]K-y-R\"><span class=\"xt0psk2\"><span class=\"xjp7ctv\">Fundaci\u00f3n Biodiversidad<\/span><\/span><\/a><\/span><\/div>\n<\/div>\n<div dir=\"auto\" style=\"text-align: center\">\n<!-- iframe plugin v.6.0 wordpress.org\/plugins\/iframe\/ -->\n<iframe loading=\"lazy\" src=\"https:\/\/www.facebook.com\/plugins\/post.php?href=https%3A%2F%2Fwww.facebook.com%2Fiberianwildlife1%2Fposts%2Fpfbid0pRwBPA6CUrtU6JbtWddXdyndXhcAe6XvxUT1xGUXdzcLVf3pywztVzUqAh4VVAQ8l&#038;show_text=false&#038;width=500\" width=\"500\" height=\"498\" style=\"border:none;overflow:hidden\" scrolling=\"no\" frameborder=\"0\" allowfullscreen=\"true\" allow=\"autoplay; clipboard-write; encrypted-media; picture-in-picture; web-share\" 0=\"\/iframe\" class=\"iframe-class\"><\/iframe>\n<\/div>\n","protected":false},"excerpt":{"rendered":"<p>Son consideraos los pulmones del planeta. Los \u00e1rboles y montes purifiquen l&#8217;aire y contrib\u00fain a regular el clima. La so importancia ya impactu sobro&#8217;l mediu ambiente son d&#8217;un valor incalculable. Hai qu&#8217;estremar esta fecha d&#8217;otra celebraci\u00f3n: el D\u00eda Internacional de los Montes, respond\u00edu por pola Organizaci\u00f3n de Naciones Xun\u00edes pa l&#8217;Agricultura y l&#8217;Alimentaci\u00f3n (FAO) y [&hellip;]<\/p>\n","protected":false},"author":117,"featured_media":0,"comment_status":"closed","ping_status":"open","sticky":false,"template":"","format":"standard","meta":{"footnotes":""},"categories":[6],"tags":[],"class_list":["post-51564","post","type-post","status-publish","format-standard","hentry","category-dia-de"],"_links":{"self":[{"href":"https:\/\/edublog.educastur.es\/ixuxu\/wp-json\/wp\/v2\/posts\/51564","targetHints":{"allow":["GET"]}}],"collection":[{"href":"https:\/\/edublog.educastur.es\/ixuxu\/wp-json\/wp\/v2\/posts"}],"about":[{"href":"https:\/\/edublog.educastur.es\/ixuxu\/wp-json\/wp\/v2\/types\/post"}],"author":[{"embeddable":true,"href":"https:\/\/edublog.educastur.es\/ixuxu\/wp-json\/wp\/v2\/users\/117"}],"replies":[{"embeddable":true,"href":"https:\/\/edublog.educastur.es\/ixuxu\/wp-json\/wp\/v2\/comments?post=51564"}],"version-history":[{"count":6,"href":"https:\/\/edublog.educastur.es\/ixuxu\/wp-json\/wp\/v2\/posts\/51564\/revisions"}],"predecessor-version":[{"id":51566,"href":"https:\/\/edublog.educastur.es\/ixuxu\/wp-json\/wp\/v2\/posts\/51564\/revisions\/51566"}],"wp:attachment":[{"href":"https:\/\/edublog.educastur.es\/ixuxu\/wp-json\/wp\/v2\/media?parent=51564"}],"wp:term":[{"taxonomy":"category","embeddable":true,"href":"https:\/\/edublog.educastur.es\/ixuxu\/wp-json\/wp\/v2\/categories?post=51564"},{"taxonomy":"post_tag","embeddable":true,"href":"https:\/\/edublog.educastur.es\/ixuxu\/wp-json\/wp\/v2\/tags?post=51564"}],"curies":[{"name":"wp","href":"https:\/\/api.w.org\/{rel}","templated":true}]}}