{"id":51574,"date":"2023-08-12T10:48:21","date_gmt":"2023-08-12T08:48:21","guid":{"rendered":"https:\/\/edublog.educastur.es\/ixuxu\/?p=51574"},"modified":"2025-06-24T10:49:39","modified_gmt":"2025-06-24T08:49:39","slug":"51574","status":"publish","type":"post","link":"https:\/\/edublog.educastur.es\/ixuxu\/2023\/08\/51574\/","title":{"rendered":"Residencia lliteraria en Xix\u00f3n"},"content":{"rendered":"<ul>\n<li><a href=\"https:\/\/www.nortes.me\/2023\/08\/12\/abre-en-xixon-la-primera-residencia-lliteraria-dasturies\/?fbclid=IwAR04ZdjvTsy6c5gp4S4FlUlojaEv1-269CZEP6NWg4M_C3JaJkASQNFqXP0\">Fonte: Nortes.me<\/a><\/li>\n<\/ul>\n<div class=\"td_block_wrap tdb_single_subtitle tdi_57 td-pb-border-top td_block_template_1\" data-td-block-uid=\"tdi_57\">\n<div class=\"tdb-block-inner td-fix-index\">\n<p>La iniciativa \u00abXix\u00f3n, residencia lliteraria\u00bb busca atrayer escritores de fuera, ponelos en valir y proyectar la lliteratura asturiana al esterior. <span class=\"tdb-author-by\">Por<\/span> <a class=\"tdb-author-name\" href=\"https:\/\/www.nortes.me\/author\/xaime\/\">Xaime Mart\u00ednez<\/a><\/p>\n<\/div>\n<\/div>\n<div class=\"vc_row_inner tdi_59 vc_row vc_inner wpb_row td-pb-row\">\n<div class=\"vc_column_inner tdi_65 wpb_column vc_column_container tdc-inner-column td-pb-span6\">\n<div class=\"vc_column-inner\">\n<div class=\"wpb_wrapper\"><\/div>\n<\/div>\n<\/div>\n<\/div>\n<div class=\"td_block_wrap tdb_single_featured_image tdi_66 tdb-content-horiz-left td-pb-border-top td_block_template_1\" data-td-block-uid=\"tdi_66\">\n<div class=\"tdb-block-inner td-fix-index\"><img loading=\"lazy\" decoding=\"async\" class=\"entry-thumb td-animation-stack-type0-2 aligncenter\" title=\"Captura-de-pantalla-2023-08-12-a-les-21.39.49\" src=\"https:\/\/www.nortes.me\/wp-content\/uploads\/2023\/08\/Captura-de-pantalla-2023-08-12-a-les-21.39.49.png\" alt=\"\" width=\"192\" height=\"192\" \/><\/div>\n<\/div>\n<div class=\"vc_row_inner tdi_68 vc_row vc_inner wpb_row td-pb-row\">\n<div class=\"vc_column_inner tdi_75 wpb_column vc_column_container tdc-inner-column td-pb-span8\">\n<div class=\"vc_column-inner\">\n<div class=\"wpb_wrapper\">\n<div class=\"td_block_wrap tdb_single_content tdi_76 td-pb-border-top td_block_template_1 td-post-content tagdiv-type\" data-td-block-uid=\"tdi_76\">\n<div class=\"tdb-block-inner td-fix-index\">\n<p><em>Una de les paradoxes de la vida de les y los escritores ye la que toca al so agospiu: l<strong>\u2018escritor vive, si tien suerte, nuna alternancia esquizoide <\/strong>ente los hoteles (mui dignos) a los que va cuando participa nun eventu lliterariu y el so domiciliu, que, masque consiga vivir de la redolada de la lliteratura,<strong> nun suel ser tan dignu. <\/strong>Ye nesti esquema dual de la vida lliteraria, que tresllada al escritor d\u2019un papel p\u00fablicu mui empodender\u00e1u <strong>a una realid\u00e1 privada muncho m\u00e1s ruina<\/strong>, qu\u2019encaxen les residencies art\u00edstiques y lliteraries.<\/em><\/p>\n<\/div>\n<\/div>\n<\/div>\n<\/div>\n<\/div>\n<\/div>\n","protected":false},"excerpt":{"rendered":"<p>Fonte: Nortes.me La iniciativa \u00abXix\u00f3n, residencia lliteraria\u00bb busca atrayer escritores de fuera, ponelos en valir y proyectar la lliteratura asturiana al esterior. Por Xaime Mart\u00ednez Una de les paradoxes de la vida de les y los escritores ye la que toca al so agospiu: l\u2018escritor vive, si tien suerte, nuna alternancia esquizoide ente los hoteles [&hellip;]<\/p>\n","protected":false},"author":117,"featured_media":0,"comment_status":"closed","ping_status":"open","sticky":false,"template":"","format":"standard","meta":{"footnotes":""},"categories":[414],"tags":[],"class_list":["post-51574","post","type-post","status-publish","format-standard","hentry","category-residencia-lliteraria"],"_links":{"self":[{"href":"https:\/\/edublog.educastur.es\/ixuxu\/wp-json\/wp\/v2\/posts\/51574","targetHints":{"allow":["GET"]}}],"collection":[{"href":"https:\/\/edublog.educastur.es\/ixuxu\/wp-json\/wp\/v2\/posts"}],"about":[{"href":"https:\/\/edublog.educastur.es\/ixuxu\/wp-json\/wp\/v2\/types\/post"}],"author":[{"embeddable":true,"href":"https:\/\/edublog.educastur.es\/ixuxu\/wp-json\/wp\/v2\/users\/117"}],"replies":[{"embeddable":true,"href":"https:\/\/edublog.educastur.es\/ixuxu\/wp-json\/wp\/v2\/comments?post=51574"}],"version-history":[{"count":2,"href":"https:\/\/edublog.educastur.es\/ixuxu\/wp-json\/wp\/v2\/posts\/51574\/revisions"}],"predecessor-version":[{"id":51576,"href":"https:\/\/edublog.educastur.es\/ixuxu\/wp-json\/wp\/v2\/posts\/51574\/revisions\/51576"}],"wp:attachment":[{"href":"https:\/\/edublog.educastur.es\/ixuxu\/wp-json\/wp\/v2\/media?parent=51574"}],"wp:term":[{"taxonomy":"category","embeddable":true,"href":"https:\/\/edublog.educastur.es\/ixuxu\/wp-json\/wp\/v2\/categories?post=51574"},{"taxonomy":"post_tag","embeddable":true,"href":"https:\/\/edublog.educastur.es\/ixuxu\/wp-json\/wp\/v2\/tags?post=51574"}],"curies":[{"name":"wp","href":"https:\/\/api.w.org\/{rel}","templated":true}]}}